{"id":18067,"date":"2018-05-18T10:38:22","date_gmt":"2018-05-18T14:38:22","guid":{"rendered":"http:\/\/blogdalucianaoliveira.com.br\/blog\/?p=18067"},"modified":"2018-05-19T16:08:36","modified_gmt":"2018-05-19T20:08:36","slug":"pelo-fim-do-assediuber","status":"publish","type":"post","link":"http:\/\/blogdalucianaoliveira.com.br\/blog\/2018\/05\/18\/pelo-fim-do-assediuber\/","title":{"rendered":"Pelo fim do Ass\u00e9diUber"},"content":{"rendered":"<p><img data-recalc-dims=\"1\" loading=\"lazy\" decoding=\"async\" data-attachment-id=\"18070\" data-permalink=\"http:\/\/blogdalucianaoliveira.com.br\/blog\/2018\/05\/18\/pelo-fim-do-assediuber\/00f75d94-e3de-43d7-b4c7-ab9018185fac\/\" data-orig-file=\"https:\/\/i0.wp.com\/blogdalucianaoliveira.com.br\/blog\/wp-content\/uploads\/2018\/05\/00F75D94-E3DE-43D7-B4C7-AB9018185FAC.jpeg?fit=700%2C603\" data-orig-size=\"700,603\" data-comments-opened=\"0\" data-image-meta=\"{&quot;aperture&quot;:&quot;0&quot;,&quot;credit&quot;:&quot;&quot;,&quot;camera&quot;:&quot;&quot;,&quot;caption&quot;:&quot;&quot;,&quot;created_timestamp&quot;:&quot;0&quot;,&quot;copyright&quot;:&quot;&quot;,&quot;focal_length&quot;:&quot;0&quot;,&quot;iso&quot;:&quot;0&quot;,&quot;shutter_speed&quot;:&quot;0&quot;,&quot;title&quot;:&quot;&quot;,&quot;orientation&quot;:&quot;1&quot;}\" data-image-title=\"00F75D94-E3DE-43D7-B4C7-AB9018185FAC\" data-image-description=\"\" data-image-caption=\"\" data-medium-file=\"https:\/\/i0.wp.com\/blogdalucianaoliveira.com.br\/blog\/wp-content\/uploads\/2018\/05\/00F75D94-E3DE-43D7-B4C7-AB9018185FAC.jpeg?fit=300%2C258\" data-large-file=\"https:\/\/i0.wp.com\/blogdalucianaoliveira.com.br\/blog\/wp-content\/uploads\/2018\/05\/00F75D94-E3DE-43D7-B4C7-AB9018185FAC.jpeg?fit=600%2C517\" src=\"https:\/\/i0.wp.com\/blogdalucianaoliveira.com.br\/blog\/wp-content\/uploads\/2018\/05\/00F75D94-E3DE-43D7-B4C7-AB9018185FAC.jpeg?resize=600%2C517\" alt=\"00F75D94-E3DE-43D7-B4C7-AB9018185FAC\" width=\"600\" height=\"517\" class=\"alignnone size-full wp-image-18070\" srcset=\"https:\/\/i0.wp.com\/blogdalucianaoliveira.com.br\/blog\/wp-content\/uploads\/2018\/05\/00F75D94-E3DE-43D7-B4C7-AB9018185FAC.jpeg?w=700 700w, https:\/\/i0.wp.com\/blogdalucianaoliveira.com.br\/blog\/wp-content\/uploads\/2018\/05\/00F75D94-E3DE-43D7-B4C7-AB9018185FAC.jpeg?resize=300%2C258 300w, https:\/\/i0.wp.com\/blogdalucianaoliveira.com.br\/blog\/wp-content\/uploads\/2018\/05\/00F75D94-E3DE-43D7-B4C7-AB9018185FAC.jpeg?resize=348%2C300 348w\" sizes=\"auto, (max-width: 600px) 100vw, 600px\" \/><\/p>\n<p><strong>VIS\u00c3O PERIF\u00c9RICA, POR VINICIUS CANOVA<\/strong><!--more--><\/p>\n<p><em>Situa\u00e7\u00f5es envolvendo ass\u00e9dio e abusos sexuais contra mulheres e\/ou crian\u00e7as sempre me remetem ao velho questionamento sobre quem veio primeiro: o ovo ou a galinha?<\/em><\/p>\n<p><span style=\"font-size: 18px;\"><span style=\"font-family: Georgia,serif;\"><strong>Porto Velho, RO \u2013<\/strong> J\u00e1 me questionei in\u00fameras vezes sobre como casos praticamente infind\u00e1veis de pedofilia envolvendo padres foram expostos em esc\u00e2ndalos diversos pelo menos nas \u00faltimas duas d\u00e9cadas. Homens diferentes, pa\u00edses distantes uns dos outros, costumes diversos, enfim, n\u00e3o h\u00e1 um s\u00f3 elo que os ligue diretamente, exceto a Igreja Cat\u00f3lica e, obviamente, o comportamento doentio e patol\u00f3gico geralmente acobertado pela institui\u00e7\u00e3o.<\/span><\/span><\/p>\n<p><span style=\"font-size: 18px;\"><span style=\"font-family: Georgia,serif;\"><img data-recalc-dims=\"1\" decoding=\"async\" class=\"entry-thumb\" src=\"https:\/\/i0.wp.com\/www.rondoniadinamica.com\/uploads\/confessando.jpg?w=600\" alt=\"\" \/><\/span><\/span><\/p>\n<p><span style=\"font-family: Georgia,serif; font-size: 18px;\">A indaga\u00e7\u00e3o\u00a0\u00e9 inevit\u00e1vel: a Igreja e seus dogmas, a exemplo do celibato (embora\u00a0o <u><strong><a href=\"https:\/\/www.publico.pt\/2014\/05\/27\/mundo\/noticia\/o-celibato-nao-e-um-dogma-e-a-porta-esta-sempre-aberta-diz-francisco-1637621\" target=\"_blank\"><span style=\"color: #0000cd;\">Papa diga que n\u00e3o<\/span><\/a><\/strong><\/u>\u00a0est\u00e1 entre eles), t\u00eam o cond\u00e3o de transformar um ser humano em ped\u00f3filo? A resposta \u00e9 n\u00e3o. A pedofilia \u00e9 uma doen\u00e7a de causas inespec\u00edficas e sua manifesta\u00e7\u00e3o ocorre em diversos n\u00edveis: alguns portadores jamais chegar\u00e3o a molestar uma crian\u00e7a, mas o desejo e os pensamentos ir\u00e3o atorment\u00e1-los diuturnamente impondo aos sujeitos uma luta moral interna travada at\u00e9 o fim de suas vidas. Essa parcela \u00ednfima sofre at\u00e9 a morte, por\u00e9m morre com dignidade.<\/span><\/p>\n<p><span style=\"font-family: Georgia,serif; font-size: 18px;\">Entretanto, conscientemente ou n\u00e3o, a fatia que escolheu dar vaz\u00e3o ao \u00edmpeto libidinoso compreende a batina como instrumento mais eficaz para atrair menores, geralmente coroinhas, e usar da ascend\u00eancia disciplinar para criar um ambiente de respeito, amedrontamento e subservi\u00eancia at\u00e9 chegar no ponto em que estejam preparados para o ataque.<\/span><\/p>\n<p><span style=\"font-size: 18px;\"><span style=\"font-family: Georgia,serif;\">Essa \u00e9 a linha que separa o enfermo do criminoso, pois o discernimento do ped\u00f3filo que externa sua vontade n\u00e3o \u00e9 afetado pela doen\u00e7a. Ele certamente sabe o que faz e arquiteta tudo milimetricamente, incluindo, al\u00e9m disso, todos os panoramas poss\u00edveis onde seria pego ou n\u00e3o. Trabalhar sobre a vulnerabilidade das v\u00edtimas \u00e9 outra manifesta\u00e7\u00e3o de consci\u00eancia plena acerca do ato. <\/span><\/span><\/p>\n<p><span style=\"font-size: 18px;\"><span style=\"font-family: Georgia,serif;\"><img data-recalc-dims=\"1\" decoding=\"async\" class=\"entry-thumb\" style=\"border-style: solid; border-width: 4px;\" src=\"https:\/\/i0.wp.com\/www.rondoniadinamica.com\/uploads\/bocardi.jpg?w=600\" alt=\"\" \/><\/span><\/span><\/p>\n<p><span style=\"font-size: 18px;\"><span style=\"font-family: Georgia,serif;\">Ent\u00e3o quem veio primeiro, o ovo ou a galinha? A Igreja ou o ped\u00f3filo? Certamente a resposta para a \u00faltima pergunta \u00e9: o ped\u00f3filo. A Igreja \u00e9 s\u00f3 o melhor ambiente para que doentes mal-intencionados exortem e pratiquem suas prefer\u00eancias sexuais. Ref\u00fagio, verdadeiro quartel em que, sabidamente, n\u00e3o h\u00e1 quem tenha interesse em expor as chagas de uma entidade e seus sacerdotes com status pretensiosamente sacrossanto.<\/span><\/span><\/p>\n<p><span style=\"font-size: 18px;\"><span style=\"font-family: Georgia,serif;\">T\u00e1, e o que isso tem a ver com o t\u00edtulo do artigo? M\u00e9todo, opera\u00e7\u00e3o, log\u00edstica e efici\u00eancia. Aqui em Porto Velho, Rond\u00f4nia, o depoimento de uma passageira do aplicativo Uber retorceu minhas v\u00edsceras. <\/span><\/span><\/p>\n<p><span style=\"font-size: 18px;\"><span style=\"font-family: Georgia,serif;\">O motorista que a levou de um local para o outro resolveu assedi\u00e1-la o caminho todo. A mo\u00e7a entrou em p\u00e2nico e foi obrigada a inventar um marido que nunca existiu para que as investidas cessassem. <\/span><\/span><\/p>\n<p><span style=\"font-size: 18px;\"><span style=\"font-family: Georgia,serif;\">Homem s\u00f3 respeita homem (e eu diria hierarquia tamb\u00e9m em rar\u00edssimas ocasi\u00f5es). Deixei isso claro em dois artigos que escrevi contando sobre os membros min\u00fasculos da confraria do ass\u00e9dio, s\u00e9rie que s\u00f3 n\u00e3o conclui por receio de que o af\u00e3 cego por justi\u00e7a acabasse se transformando em novas injusti\u00e7as patrocinadas contra a v\u00edtima mais vulner\u00e1vel no epis\u00f3dio todo.<\/span><\/span><\/p>\n<p><strong><span style=\"font-size: 18px;\"><span style=\"font-family: Georgia,serif;\">LEIA<\/span><\/span><\/strong><\/p>\n<p><u><strong><a href=\"http:\/\/www.rondoniadinamica.com\/arquivo\/a-confraria-do-assedio-sexual-em-rondonia-parte-i,24331.shtml\" target=\"_blank\"><span style=\"color: #0000cd;\"><span style=\"font-size: 18px;\"><span style=\"font-family: Georgia,serif;\">A confraria do ass\u00e9dio sexual em Rond\u00f4nia \u2013 Parte I<\/span><\/span><\/span><\/a><\/strong><\/u><\/p>\n<p><u><a href=\"http:\/\/www.rondoniadinamica.com\/arquivo\/a-confraria-do-assedio-sexual-em-rondonia-parte-ii,24368.shtml\" target=\"_blank\"><span style=\"color: #0000cd;\"><strong><span style=\"font-size: 18px;\"><span style=\"font-family: Georgia,serif;\">A confraria do ass\u00e9dio sexual em Rond\u00f4nia \u2013 Parte II<\/span><\/span><\/strong><\/span><\/a><\/u><\/p>\n<p><span style=\"font-size: 18px;\"><span style=\"font-family: Georgia,serif;\"><img data-recalc-dims=\"1\" decoding=\"async\" class=\"entry-thumb\" src=\"https:\/\/i0.wp.com\/www.rondoniadinamica.com\/uploads\/canaltech.jpg?w=600\" alt=\"\" \/><\/span><\/span><\/p>\n<p><span style=\"font-size: 18px;\"><span style=\"font-family: Georgia,serif;\">Pois bem! O nome de uma empresa como o aplicativo Uber suscita confian\u00e7a parcial no cliente; identifica\u00e7\u00e3o, placa do autom\u00f3vel, qualifica\u00e7\u00e3o do condutor, tudo isso gera certo conforto preliminar na hora de considerar a utiliza\u00e7\u00e3o dos servi\u00e7os. Mas um carro \u00e9 uma jaula sobre rodas e qualquer assediador consegue enxergar a oportunidade de encurralar quem quer que seja quando bem entender. &#8220;Voc\u00ea est\u00e1 presa aqui comigo pelo menos at\u00e9 o final do trajeto&#8221;, deve pensar. <\/span><\/span><\/p>\n<p><span style=\"font-size: 18px;\"><span style=\"font-family: Georgia,serif;\"><img data-recalc-dims=\"1\" decoding=\"async\" class=\"entry-thumb\" src=\"https:\/\/i0.wp.com\/www.rondoniadinamica.com\/uploads\/guarida.jpg?w=600\" alt=\"\" \/><\/span><\/span><\/p>\n<p><span style=\"font-size: 18px;\"><span style=\"font-family: Georgia,serif;\">Flertar com uma cliente\u00a0durante atividade profissional al\u00e9m de anti\u00e9tico \u00e9 verdadeira afronta \u00e0 liberdade individual que, no caso de uma cidad\u00e3 que est\u00e1 sendo conduzida e assediada do in\u00edcio ao fim, fora completamente violada.<\/span><\/span><\/p>\n<p><span style=\"font-size: 18px;\"><span style=\"font-family: Georgia,serif;\">Reportagem publicada pela Folha de S. Paulo em maio do ano passado comprovou que a pr\u00e1tica n\u00e3o \u00e9 &#8220;privil\u00e9gio&#8221; nosso.<\/span><\/span><\/p>\n<p><span style=\"font-size: 18px;\"><span style=\"font-family: Georgia,serif;\"><strong>CONFIRA<\/strong><br \/>\n<a href=\"http:\/\/www1.folha.uol.com.br\/cotidiano\/2017\/05\/1883807-passageiros-da-uber-relatam-de-roubo-a-assedio-por-motoristas-de-aplicativo.shtml\" target=\"_blank\"><span style=\"color: #0000cd;\"><u><strong>Passageiros da Uber relatam de roubo a ass\u00e9dio por motoristas de aplicativo<\/strong><\/u><\/span><\/a><\/span><\/span><\/p>\n<p><span style=\"font-size: 18px;\"><span style=\"font-family: Georgia,serif;\">O Uber n\u00e3o pode acobertar nem permitir que isso ocorra. A omiss\u00e3o desencadeia o conforto ideal para que novos rompantes sejam deflagrados. A empresa n\u00e3o deve emprestar nome e credibilidade para saciar a vontade irrefre\u00e1vel de quem\u00a0 v\u00ea as credenciais do aplicativo como a esteira perfeita para desfilar sua obsess\u00e3o. Aqui n\u00e3o estamos falando de doen\u00e7a alguma como na situa\u00e7\u00e3o dos cl\u00e9rigos, mas, da mesma forma, uma institui\u00e7\u00e3o \u00e9 utilizada como guarida e chamariz de intentos bestiais remotos e incontrol\u00e1veis.\u00a0<\/span><\/span><\/p>\n<p><span style=\"font-size: 18px;\"><span style=\"font-family: Georgia,serif;\">Como sempre, claro, a v\u00edtima tornou-se a inconveniente por\u00a0&#8220;criar problemas onde n\u00e3o h\u00e1&#8221;.\u00a0Que seja o fim do Ass\u00e9diUber!<\/span><\/span><\/p>\n<p><span style=\"font-size: 18px;\"><span style=\"font-family: Georgia,serif;\"><img data-recalc-dims=\"1\" decoding=\"async\" class=\"entry-thumb\" style=\"border-style: solid; border-width: 3px;\" src=\"https:\/\/i0.wp.com\/www.rondoniadinamica.com\/uploads\/natalia.jpg?w=600\" alt=\"\" \/><\/span><\/span><br \/>\n<span style=\"font-size: 16px;\"><span style=\"font-family: Georgia,serif;\"><em>Nat\u00e1lia Mour\u00e3o autorizou a veicula\u00e7\u00e3o de seu nome \/ Reprodu\u00e7\u00e3o-Facebook<\/em><\/span><\/span><br \/>\n<img data-recalc-dims=\"1\" decoding=\"async\" class=\"entry-thumb\" src=\"https:\/\/i0.wp.com\/www.rondoniadinamica.com\/uploads\/VINICIUS-PRONTO_30.jpg?w=600\" \/><\/p>\n","protected":false},"excerpt":{"rendered":"<p>VIS\u00c3O PERIF\u00c9RICA, POR VINICIUS CANOVA<\/p>\n","protected":false},"author":1,"featured_media":0,"comment_status":"closed","ping_status":"open","sticky":false,"template":"","format":"standard","meta":{"_exactmetrics_skip_tracking":false,"_exactmetrics_sitenote_active":false,"_exactmetrics_sitenote_note":"","_exactmetrics_sitenote_category":0,"jetpack_post_was_ever_published":false,"_jetpack_newsletter_access":"","_jetpack_dont_email_post_to_subs":false,"_jetpack_newsletter_tier_id":0,"_jetpack_memberships_contains_paywalled_content":false,"_jetpack_memberships_contains_paid_content":false,"footnotes":"","jetpack_publicize_message":"","jetpack_publicize_feature_enabled":true,"jetpack_social_post_already_shared":true,"jetpack_social_options":{"image_generator_settings":{"template":"highway","enabled":false},"version":2}},"categories":[1],"tags":[],"class_list":["post-18067","post","type-post","status-publish","format-standard","hentry","category-notas"],"jetpack_publicize_connections":[],"jetpack_sharing_enabled":true,"jetpack_featured_media_url":"","jetpack_shortlink":"https:\/\/wp.me\/p7wKYW-4Hp","jetpack-related-posts":[],"_links":{"self":[{"href":"http:\/\/blogdalucianaoliveira.com.br\/blog\/wp-json\/wp\/v2\/posts\/18067","targetHints":{"allow":["GET"]}}],"collection":[{"href":"http:\/\/blogdalucianaoliveira.com.br\/blog\/wp-json\/wp\/v2\/posts"}],"about":[{"href":"http:\/\/blogdalucianaoliveira.com.br\/blog\/wp-json\/wp\/v2\/types\/post"}],"author":[{"embeddable":true,"href":"http:\/\/blogdalucianaoliveira.com.br\/blog\/wp-json\/wp\/v2\/users\/1"}],"replies":[{"embeddable":true,"href":"http:\/\/blogdalucianaoliveira.com.br\/blog\/wp-json\/wp\/v2\/comments?post=18067"}],"version-history":[{"count":2,"href":"http:\/\/blogdalucianaoliveira.com.br\/blog\/wp-json\/wp\/v2\/posts\/18067\/revisions"}],"predecessor-version":[{"id":18071,"href":"http:\/\/blogdalucianaoliveira.com.br\/blog\/wp-json\/wp\/v2\/posts\/18067\/revisions\/18071"}],"wp:attachment":[{"href":"http:\/\/blogdalucianaoliveira.com.br\/blog\/wp-json\/wp\/v2\/media?parent=18067"}],"wp:term":[{"taxonomy":"category","embeddable":true,"href":"http:\/\/blogdalucianaoliveira.com.br\/blog\/wp-json\/wp\/v2\/categories?post=18067"},{"taxonomy":"post_tag","embeddable":true,"href":"http:\/\/blogdalucianaoliveira.com.br\/blog\/wp-json\/wp\/v2\/tags?post=18067"}],"curies":[{"name":"wp","href":"https:\/\/api.w.org\/{rel}","templated":true}]}}