{"id":18073,"date":"2018-05-20T11:45:52","date_gmt":"2018-05-20T15:45:52","guid":{"rendered":"http:\/\/blogdalucianaoliveira.com.br\/blog\/?p=18073"},"modified":"2018-05-20T11:45:52","modified_gmt":"2018-05-20T15:45:52","slug":"reporter-sus-por-que-privatizar-a-saude-publica-nao-e-a-solucao","status":"publish","type":"post","link":"http:\/\/blogdalucianaoliveira.com.br\/blog\/2018\/05\/20\/reporter-sus-por-que-privatizar-a-saude-publica-nao-e-a-solucao\/","title":{"rendered":"Rep\u00f3rter SUS| Por que privatizar a sa\u00fade p\u00fablica n\u00e3o \u00e9 a solu\u00e7\u00e3o?"},"content":{"rendered":"<p><img data-recalc-dims=\"1\" loading=\"lazy\" decoding=\"async\" data-attachment-id=\"18074\" data-permalink=\"http:\/\/blogdalucianaoliveira.com.br\/blog\/2018\/05\/20\/reporter-sus-por-que-privatizar-a-saude-publica-nao-e-a-solucao\/sus-4\/\" data-orig-file=\"https:\/\/i0.wp.com\/blogdalucianaoliveira.com.br\/blog\/wp-content\/uploads\/2018\/05\/sus.jpg?fit=640%2C428\" data-orig-size=\"640,428\" data-comments-opened=\"0\" data-image-meta=\"{&quot;aperture&quot;:&quot;0&quot;,&quot;credit&quot;:&quot;&quot;,&quot;camera&quot;:&quot;&quot;,&quot;caption&quot;:&quot;&quot;,&quot;created_timestamp&quot;:&quot;0&quot;,&quot;copyright&quot;:&quot;&quot;,&quot;focal_length&quot;:&quot;0&quot;,&quot;iso&quot;:&quot;0&quot;,&quot;shutter_speed&quot;:&quot;0&quot;,&quot;title&quot;:&quot;&quot;,&quot;orientation&quot;:&quot;0&quot;}\" data-image-title=\"sus\" data-image-description=\"\" data-image-caption=\"\" data-medium-file=\"https:\/\/i0.wp.com\/blogdalucianaoliveira.com.br\/blog\/wp-content\/uploads\/2018\/05\/sus.jpg?fit=300%2C201\" data-large-file=\"https:\/\/i0.wp.com\/blogdalucianaoliveira.com.br\/blog\/wp-content\/uploads\/2018\/05\/sus.jpg?fit=600%2C401\" src=\"https:\/\/i0.wp.com\/blogdalucianaoliveira.com.br\/blog\/wp-content\/uploads\/2018\/05\/sus.jpg?resize=600%2C401\" alt=\"sus\" width=\"600\" height=\"401\" class=\"alignnone size-full wp-image-18074\" srcset=\"https:\/\/i0.wp.com\/blogdalucianaoliveira.com.br\/blog\/wp-content\/uploads\/2018\/05\/sus.jpg?w=640 640w, https:\/\/i0.wp.com\/blogdalucianaoliveira.com.br\/blog\/wp-content\/uploads\/2018\/05\/sus.jpg?resize=300%2C201 300w, https:\/\/i0.wp.com\/blogdalucianaoliveira.com.br\/blog\/wp-content\/uploads\/2018\/05\/sus.jpg?resize=449%2C300 449w\" sizes=\"auto, (max-width: 600px) 100vw, 600px\" \/><\/p>\n<p>O SUS \u00e9 respons\u00e1vel por atender 70% da popula\u00e7\u00e3o brasileira<!--more--><\/p>\n<p>Reda\u00e7\u00e3o<br \/>\nBrasil de Fato | Rio de Janeiro (RJ)<\/p>\n<p>Neste Rep\u00f3rter SUS, o m\u00e9dico sanitarista e professor titular do Departamento de Sa\u00fade Coletiva da Faculdade de Ci\u00eancias M\u00e9dicas (FCM) da Universidade Estadual de Campinas (Unicamp), Gast\u00e3o Wagner, fala sobre o processo de desmonte da Sa\u00fade P\u00fablica que est\u00e1 em curso no Brasil. Wagner tra\u00e7a um detalhado quadro sobre as estrat\u00e9gias do governo para mercantilizar o Sistema \u00danico de Sa\u00fade (SUS), respons\u00e1vel por atender 70% da popula\u00e7\u00e3o brasileira. Confira os principais t\u00f3picos da entrevista.<\/p>\n<p>SA\u00daDE COMO DIREITO<\/p>\n<p>O direito universal \u00e0 sa\u00fade \u00e9 um conceito fundante do Sistema \u00danico de Sa\u00fade, dos sistemas p\u00fablicos. E, ao longo desses anos, uma coisa boa \u00e9 que a maior parte da popula\u00e7\u00e3o sente-se com direito \u00e0 sa\u00fade, a ser atendida de acordo com os seus problemas, com todos os recursos t\u00e9cnicos existentes. Demandam vacinas, demandam preven\u00e7\u00e3o, querem diagn\u00f3sticos e tratamentos de c\u00e2ncer.<\/p>\n<p>DESMONTE DO SUS<\/p>\n<p>\u00c9 contra esta constru\u00e7\u00e3o de cidadania que o  governo federal e o Minist\u00e9rio da Sa\u00fade est\u00e3o atentando. Eles v\u00eam fazendo um movimento em pin\u00e7a, como se fosse uma tesoura, sufocando o SUS. Eles n\u00e3o t\u00eam condi\u00e7\u00f5es pol\u00edticas de privatizar completamente a sa\u00fade p\u00fablica, fechar o SUS, porque 70% da popula\u00e7\u00e3o brasileira s\u00f3 tem o Sistema \u00danico de Sa\u00fade. O governo faz uma restri\u00e7\u00e3o or\u00e7ament\u00e1ria, uma desregulamenta\u00e7\u00e3o de pol\u00edticas consagradas sobre o pretexto de deixar cada munic\u00edpio fazer como quiser, o que aconteceu com a aten\u00e7\u00e3o b\u00e1sica, o que est\u00e3o fazendo com rela\u00e7\u00e3o \u00e0 sa\u00fade mental, em rela\u00e7\u00e3o \u00e0 aten\u00e7\u00e3o hospitalar. H\u00e1 um movimento de restri\u00e7\u00e3o em que o Minist\u00e9rio da Sa\u00fade vai eximindo-se do papel de coordena\u00e7\u00e3o de lideran\u00e7as e de apoio aos estados e munic\u00edpios.<\/p>\n<p>Essa crise financeira e restri\u00e7\u00e3o or\u00e7ament\u00e1ria atingem as secretarias estaduais e municipais. Isso est\u00e1 redundando num desmonte do SUS. Fechamentos de equipes de sa\u00fade da fam\u00edlia, de \u00e1reas inteiras de hospitais. 30 a 40% de leitos t\u00eam sido fechados. Ou seja, h\u00e1 a diminui\u00e7\u00e3o do acesso da capacidade de atendimento do SUS e um descuido em rela\u00e7\u00e3o as epidemias.<\/p>\n<p>O MODELO DA SA\u00daDE PRIVADA<\/p>\n<p>O Minist\u00e9rio da Sa\u00fade transformou-se em garoto-propaganda e incentivador do desenvolvimento do mercado da sa\u00fade, particularmente com essa tentativa de cria\u00e7\u00e3o dos planos populares. Esse movimento come\u00e7a ainda no governo Dilma, quando se aprova a entrada de capital estrangeiro e uma concentra\u00e7\u00e3o de poucas empresas comprando servi\u00e7os de laborat\u00f3rios, radiologia, hospitais e formando grandes monop\u00f3lios e, ao mesmo tempo, tentando criar, seguros, planos de sa\u00fade que n\u00e3o asseguram a integralidade e a qualidade do atendimento. A sa\u00edda \u00e9 resistir. O movimento dos trabalhadores, dos profissionais, dos usu\u00e1rios, tem que retomar a defesa do acesso universal, da integralidade do SUS.<\/p>\n<p>*O quadro Rep\u00f3rter SUS \u00e9 uma parceria entre a Radioag\u00eancia Brasil de Fato e a Escola Polit\u00e9cnica de Sa\u00fade Joaquim Ven\u00e2ncio da Funda\u00e7\u00e3o Oswaldo Cruz (EPSJV\/Fiocruz)<\/p>\n","protected":false},"excerpt":{"rendered":"<p>O SUS \u00e9 respons\u00e1vel por atender 70% da popula\u00e7\u00e3o brasileira<\/p>\n","protected":false},"author":1,"featured_media":0,"comment_status":"closed","ping_status":"open","sticky":false,"template":"","format":"standard","meta":{"_exactmetrics_skip_tracking":false,"_exactmetrics_sitenote_active":false,"_exactmetrics_sitenote_note":"","_exactmetrics_sitenote_category":0,"jetpack_post_was_ever_published":false,"_jetpack_newsletter_access":"","_jetpack_dont_email_post_to_subs":false,"_jetpack_newsletter_tier_id":0,"_jetpack_memberships_contains_paywalled_content":false,"_jetpack_memberships_contains_paid_content":false,"footnotes":"","jetpack_publicize_message":"","jetpack_publicize_feature_enabled":true,"jetpack_social_post_already_shared":true,"jetpack_social_options":{"image_generator_settings":{"template":"highway","enabled":false},"version":2}},"categories":[1],"tags":[],"class_list":["post-18073","post","type-post","status-publish","format-standard","hentry","category-notas"],"jetpack_publicize_connections":[],"jetpack_sharing_enabled":true,"jetpack_featured_media_url":"","jetpack_shortlink":"https:\/\/wp.me\/p7wKYW-4Hv","jetpack-related-posts":[],"_links":{"self":[{"href":"http:\/\/blogdalucianaoliveira.com.br\/blog\/wp-json\/wp\/v2\/posts\/18073","targetHints":{"allow":["GET"]}}],"collection":[{"href":"http:\/\/blogdalucianaoliveira.com.br\/blog\/wp-json\/wp\/v2\/posts"}],"about":[{"href":"http:\/\/blogdalucianaoliveira.com.br\/blog\/wp-json\/wp\/v2\/types\/post"}],"author":[{"embeddable":true,"href":"http:\/\/blogdalucianaoliveira.com.br\/blog\/wp-json\/wp\/v2\/users\/1"}],"replies":[{"embeddable":true,"href":"http:\/\/blogdalucianaoliveira.com.br\/blog\/wp-json\/wp\/v2\/comments?post=18073"}],"version-history":[{"count":1,"href":"http:\/\/blogdalucianaoliveira.com.br\/blog\/wp-json\/wp\/v2\/posts\/18073\/revisions"}],"predecessor-version":[{"id":18075,"href":"http:\/\/blogdalucianaoliveira.com.br\/blog\/wp-json\/wp\/v2\/posts\/18073\/revisions\/18075"}],"wp:attachment":[{"href":"http:\/\/blogdalucianaoliveira.com.br\/blog\/wp-json\/wp\/v2\/media?parent=18073"}],"wp:term":[{"taxonomy":"category","embeddable":true,"href":"http:\/\/blogdalucianaoliveira.com.br\/blog\/wp-json\/wp\/v2\/categories?post=18073"},{"taxonomy":"post_tag","embeddable":true,"href":"http:\/\/blogdalucianaoliveira.com.br\/blog\/wp-json\/wp\/v2\/tags?post=18073"}],"curies":[{"name":"wp","href":"https:\/\/api.w.org\/{rel}","templated":true}]}}