{"id":18080,"date":"2018-05-21T09:57:37","date_gmt":"2018-05-21T13:57:37","guid":{"rendered":"http:\/\/blogdalucianaoliveira.com.br\/blog\/?p=18080"},"modified":"2018-05-21T09:57:37","modified_gmt":"2018-05-21T13:57:37","slug":"tse-nao-pode-proibir-candidatura-de-lula-diz-presidente-do-stf","status":"publish","type":"post","link":"http:\/\/blogdalucianaoliveira.com.br\/blog\/2018\/05\/21\/tse-nao-pode-proibir-candidatura-de-lula-diz-presidente-do-stf\/","title":{"rendered":"TSE N\u00c3O PODE PROIBIR CANDIDATURA DE LULA, DIZ PRESIDENTE DO STF"},"content":{"rendered":"<p><img data-recalc-dims=\"1\" loading=\"lazy\" decoding=\"async\" data-attachment-id=\"18081\" data-permalink=\"http:\/\/blogdalucianaoliveira.com.br\/blog\/2018\/05\/21\/tse-nao-pode-proibir-candidatura-de-lula-diz-presidente-do-stf\/stf-2\/\" data-orig-file=\"https:\/\/i0.wp.com\/blogdalucianaoliveira.com.br\/blog\/wp-content\/uploads\/2018\/05\/stf.jpg?fit=1000%2C357\" data-orig-size=\"1000,357\" data-comments-opened=\"0\" data-image-meta=\"{&quot;aperture&quot;:&quot;0&quot;,&quot;credit&quot;:&quot;&quot;,&quot;camera&quot;:&quot;&quot;,&quot;caption&quot;:&quot;&quot;,&quot;created_timestamp&quot;:&quot;0&quot;,&quot;copyright&quot;:&quot;&quot;,&quot;focal_length&quot;:&quot;0&quot;,&quot;iso&quot;:&quot;0&quot;,&quot;shutter_speed&quot;:&quot;0&quot;,&quot;title&quot;:&quot;&quot;,&quot;orientation&quot;:&quot;0&quot;}\" data-image-title=\"stf\" data-image-description=\"\" data-image-caption=\"\" data-medium-file=\"https:\/\/i0.wp.com\/blogdalucianaoliveira.com.br\/blog\/wp-content\/uploads\/2018\/05\/stf.jpg?fit=300%2C107\" data-large-file=\"https:\/\/i0.wp.com\/blogdalucianaoliveira.com.br\/blog\/wp-content\/uploads\/2018\/05\/stf.jpg?fit=600%2C214\" src=\"https:\/\/i0.wp.com\/blogdalucianaoliveira.com.br\/blog\/wp-content\/uploads\/2018\/05\/stf.jpg?resize=600%2C214\" alt=\"stf\" width=\"600\" height=\"214\" class=\"alignnone size-full wp-image-18081\" srcset=\"https:\/\/i0.wp.com\/blogdalucianaoliveira.com.br\/blog\/wp-content\/uploads\/2018\/05\/stf.jpg?w=1000 1000w, https:\/\/i0.wp.com\/blogdalucianaoliveira.com.br\/blog\/wp-content\/uploads\/2018\/05\/stf.jpg?resize=300%2C107 300w, https:\/\/i0.wp.com\/blogdalucianaoliveira.com.br\/blog\/wp-content\/uploads\/2018\/05\/stf.jpg?resize=768%2C274 768w, https:\/\/i0.wp.com\/blogdalucianaoliveira.com.br\/blog\/wp-content\/uploads\/2018\/05\/stf.jpg?resize=800%2C286 800w\" sizes=\"auto, (max-width: 600px) 100vw, 600px\" \/><\/p>\n<p>247 &#8211; A presidente do Supremo Tribunal Federal (STF), ministra C\u00e1rmen L\u00facia, afirmou que n\u00e3o existe possibilidade da candidatura do ex-presidente Luiz In\u00e1cio Lula da Silva, que est\u00e1 preso em Curitiba, ser barrada de imediato, como defendem diversos integrantes do Tribunal Superior Eleitoral (TSE), sem que seja levado em considera\u00e7\u00e3o o direito de defesa. &#8220;O Judici\u00e1rio n\u00e3o age de of\u00edcio, e sim mediante provoca\u00e7\u00e3o&#8221;, afirmou a ministra durante entrevista ao programa Canal Livre, exibido pela Band.<!--more--><\/p>\n<p>Segundo ela, apesar da condena\u00e7\u00e3o por \u00f3rg\u00e3o colegiado \u2013 Lula foi condenado a 12,1 anos de pris\u00e3o pelo Tribunal Regional Federal da 4\u00aa Regi\u00e3o [\u00b4TRF4] \u2013 ser enquadrada na Lei da Ficha Limpa, que afirma que em casos assim a candidatura e ineleg\u00edvel, os postulantes a algum cargo eletivo t\u00eam o direito de pedir o registro da sua candidatura e ir \u00e0 Justi\u00e7a Eleitoral para tentar garantir o seu ingresso na disputa eleitoral.<\/p>\n<p>&#8220;Isso foi aplicado desde 2012. N\u00e3o noto nenhuma mudan\u00e7a de jurisprud\u00eancia no Tribunal Superior Eleitoral. E o Supremo voltou a este assunto, neste ano, e reiterou a jurisprud\u00eancia e a aplica\u00e7\u00e3o da jurisprud\u00eancia num caso de relatoria do ministro Fux [Luiz Fux], atual presidente do TSE&#8221;, destacou C\u00e1rmen.<\/p>\n<p>&#8220;Temos uma Justi\u00e7a eleitoral muito presente, e isso \u00e9 mat\u00e9ria eleitoral que ir\u00e1 pra l\u00e1. Acredito n\u00e3o chegar ao Supremo&#8221;, afirmou. Ela disse, ainda, que n\u00e3o pretende pautar, a discuss\u00e3o sobre pris\u00f5es ap\u00f3s condena\u00e7\u00e3o em segunda inst\u00e2ncia, at\u00e9 o t\u00e9rmino da sua gest\u00e3o \u00e0 frente do STF, que termina em setembro.<\/p>\n","protected":false},"excerpt":{"rendered":"<p>247 &#8211; A presidente do Supremo Tribunal Federal (STF), ministra C\u00e1rmen L\u00facia, afirmou que n\u00e3o existe possibilidade da candidatura do ex-presidente Luiz In\u00e1cio Lula da Silva, que est\u00e1 preso em Curitiba, ser barrada de imediato, como defendem diversos integrantes do Tribunal Superior Eleitoral (TSE), sem que seja levado em considera\u00e7\u00e3o o direito de defesa. &#8220;O&#8230;<a class=\"more-link\" href=\"http:\/\/blogdalucianaoliveira.com.br\/blog\/2018\/05\/21\/tse-nao-pode-proibir-candidatura-de-lula-diz-presidente-do-stf\/\">Continue a leitura <span class=\"meta-nav\">&raquo;<\/span><\/a><\/p>\n","protected":false},"author":1,"featured_media":0,"comment_status":"closed","ping_status":"open","sticky":false,"template":"","format":"standard","meta":{"_exactmetrics_skip_tracking":false,"_exactmetrics_sitenote_active":false,"_exactmetrics_sitenote_note":"","_exactmetrics_sitenote_category":0,"jetpack_post_was_ever_published":false,"_jetpack_newsletter_access":"","_jetpack_dont_email_post_to_subs":false,"_jetpack_newsletter_tier_id":0,"_jetpack_memberships_contains_paywalled_content":false,"_jetpack_memberships_contains_paid_content":false,"footnotes":"","jetpack_publicize_message":"","jetpack_publicize_feature_enabled":true,"jetpack_social_post_already_shared":true,"jetpack_social_options":{"image_generator_settings":{"template":"highway","enabled":false},"version":2}},"categories":[1],"tags":[],"class_list":["post-18080","post","type-post","status-publish","format-standard","hentry","category-notas"],"jetpack_publicize_connections":[],"jetpack_sharing_enabled":true,"jetpack_featured_media_url":"","jetpack_shortlink":"https:\/\/wp.me\/p7wKYW-4HC","jetpack-related-posts":[],"_links":{"self":[{"href":"http:\/\/blogdalucianaoliveira.com.br\/blog\/wp-json\/wp\/v2\/posts\/18080","targetHints":{"allow":["GET"]}}],"collection":[{"href":"http:\/\/blogdalucianaoliveira.com.br\/blog\/wp-json\/wp\/v2\/posts"}],"about":[{"href":"http:\/\/blogdalucianaoliveira.com.br\/blog\/wp-json\/wp\/v2\/types\/post"}],"author":[{"embeddable":true,"href":"http:\/\/blogdalucianaoliveira.com.br\/blog\/wp-json\/wp\/v2\/users\/1"}],"replies":[{"embeddable":true,"href":"http:\/\/blogdalucianaoliveira.com.br\/blog\/wp-json\/wp\/v2\/comments?post=18080"}],"version-history":[{"count":1,"href":"http:\/\/blogdalucianaoliveira.com.br\/blog\/wp-json\/wp\/v2\/posts\/18080\/revisions"}],"predecessor-version":[{"id":18082,"href":"http:\/\/blogdalucianaoliveira.com.br\/blog\/wp-json\/wp\/v2\/posts\/18080\/revisions\/18082"}],"wp:attachment":[{"href":"http:\/\/blogdalucianaoliveira.com.br\/blog\/wp-json\/wp\/v2\/media?parent=18080"}],"wp:term":[{"taxonomy":"category","embeddable":true,"href":"http:\/\/blogdalucianaoliveira.com.br\/blog\/wp-json\/wp\/v2\/categories?post=18080"},{"taxonomy":"post_tag","embeddable":true,"href":"http:\/\/blogdalucianaoliveira.com.br\/blog\/wp-json\/wp\/v2\/tags?post=18080"}],"curies":[{"name":"wp","href":"https:\/\/api.w.org\/{rel}","templated":true}]}}