{"id":18086,"date":"2018-05-21T10:16:19","date_gmt":"2018-05-21T14:16:19","guid":{"rendered":"http:\/\/blogdalucianaoliveira.com.br\/blog\/?p=18086"},"modified":"2018-05-21T10:16:19","modified_gmt":"2018-05-21T14:16:19","slug":"so-a-esquerda-pode-derrotar-a-esquerda-nas-proximas-eleicoes","status":"publish","type":"post","link":"http:\/\/blogdalucianaoliveira.com.br\/blog\/2018\/05\/21\/so-a-esquerda-pode-derrotar-a-esquerda-nas-proximas-eleicoes\/","title":{"rendered":"S\u00f3 a esquerda pode derrotar a esquerda nas pr\u00f3ximas elei\u00e7\u00f5es"},"content":{"rendered":"<p><img data-recalc-dims=\"1\" loading=\"lazy\" decoding=\"async\" data-attachment-id=\"18087\" data-permalink=\"http:\/\/blogdalucianaoliveira.com.br\/blog\/2018\/05\/21\/so-a-esquerda-pode-derrotar-a-esquerda-nas-proximas-eleicoes\/candidatos-de-esquerda-600x396\/\" data-orig-file=\"https:\/\/i0.wp.com\/blogdalucianaoliveira.com.br\/blog\/wp-content\/uploads\/2018\/05\/candidatos-de-esquerda-600x396.jpg?fit=600%2C396\" data-orig-size=\"600,396\" data-comments-opened=\"0\" data-image-meta=\"{&quot;aperture&quot;:&quot;0&quot;,&quot;credit&quot;:&quot;&quot;,&quot;camera&quot;:&quot;&quot;,&quot;caption&quot;:&quot;&quot;,&quot;created_timestamp&quot;:&quot;0&quot;,&quot;copyright&quot;:&quot;&quot;,&quot;focal_length&quot;:&quot;0&quot;,&quot;iso&quot;:&quot;0&quot;,&quot;shutter_speed&quot;:&quot;0&quot;,&quot;title&quot;:&quot;&quot;,&quot;orientation&quot;:&quot;0&quot;}\" data-image-title=\"candidatos-de-esquerda-600&amp;#215;396\" data-image-description=\"\" data-image-caption=\"\" data-medium-file=\"https:\/\/i0.wp.com\/blogdalucianaoliveira.com.br\/blog\/wp-content\/uploads\/2018\/05\/candidatos-de-esquerda-600x396.jpg?fit=300%2C198\" data-large-file=\"https:\/\/i0.wp.com\/blogdalucianaoliveira.com.br\/blog\/wp-content\/uploads\/2018\/05\/candidatos-de-esquerda-600x396.jpg?fit=600%2C396\" src=\"https:\/\/i0.wp.com\/blogdalucianaoliveira.com.br\/blog\/wp-content\/uploads\/2018\/05\/candidatos-de-esquerda-600x396.jpg?resize=600%2C396\" alt=\"candidatos-de-esquerda-600x396\" width=\"600\" height=\"396\" class=\"alignnone size-full wp-image-18087\" srcset=\"https:\/\/i0.wp.com\/blogdalucianaoliveira.com.br\/blog\/wp-content\/uploads\/2018\/05\/candidatos-de-esquerda-600x396.jpg?resize=600%2C396 600w, https:\/\/i0.wp.com\/blogdalucianaoliveira.com.br\/blog\/wp-content\/uploads\/2018\/05\/candidatos-de-esquerda-600x396.jpg?resize=300%2C198 300w, https:\/\/i0.wp.com\/blogdalucianaoliveira.com.br\/blog\/wp-content\/uploads\/2018\/05\/candidatos-de-esquerda-600x396.jpg?resize=455%2C300 455w\" sizes=\"auto, (max-width: 600px) 100vw, 600px\" \/><\/p>\n<p>POR AFR\u00c2NIO SILVA JARDIM, professor de Direito da UERJ, em sua p\u00e1gina no Facebook &#8211; A direita e o centro n\u00e3o t\u00eam sequer um candidato vi\u00e1vel. Est\u00e3o desesperados. Sabem que j\u00e1 perderam as pr\u00f3ximas elei\u00e7\u00f5es. Por isso, podem tentar inviabiliz\u00e1-la. Tenhamos cuidado \u2026<!--more--><\/p>\n<p>Desta forma, n\u00e3o compreendemos como os movimentos sociais e pol\u00edticos j\u00e1 come\u00e7am a criar arestas e a provocar cis\u00f5es perigosas.<\/p>\n<p>N\u00e3o podemos aceitar que as ambi\u00e7\u00f5es pol\u00edticas de uns e os proselitismos de outros possam colocar tudo a perder !!!<\/p>\n<p>Quem realmente tem compromisso ideol\u00f3gico e deseja a implanta\u00e7\u00e3o de um sistema de justi\u00e7a social em nosso pa\u00eds, ainda que a m\u00e9dio prazo, n\u00e3o pode colocar seus interesses pessoais ou pol\u00edticos em primeiro lugar.<\/p>\n<p>Quem realmente est\u00e1 compromissado com o pensamento de esquerda n\u00e3o pode deixar escapar esta oportunidade \u00edmpar em nossa sociedade.<\/p>\n<p>Como n\u00e3o abrir m\u00e3o de suas ambi\u00e7\u00f5es pol\u00edticas em favor de uma \u201cfrente ampla\u201d se, no passado recente, companheiros e camaradas abriram m\u00e3o da pr\u00f3pria vida em prol de um pa\u00eds socialista e democrata??? Quantos foram torturados e exilados por este ideal de vida digna para todos???<\/p>\n<p>A pris\u00e3o do ex-presidente Lula est\u00e1 criando condi\u00e7\u00f5es pol\u00edticas para a sua elei\u00e7\u00e3o ou a de quem a esquerda, no momento pr\u00f3prio, escolher em sua substitui\u00e7\u00e3o, caso se torne juridicamente imposs\u00edvel a elei\u00e7\u00e3o de Lula. A sua pris\u00e3o coloca a nossa luta na m\u00eddia, aglutina e conscientiza a popula\u00e7\u00e3o. Ademais, seria sumamente injusto abandonar o ex-presidente no c\u00e1rcere!!!<\/p>\n<p>Enfim, neste momento hist\u00f3rico, \u201ca esquerda unida jamais ser\u00e1 vencida\u201d.<br \/>\nS\u00f3 a desuni\u00e3o nos derrotar\u00e1, conforme tem acontecido constantemente em v\u00e1rias partes do mundo.<\/p>\n<p>Um verdadeiro socialista tem de \u201cpensar grande\u201d, tem de pensar no social e n\u00e3o nas suas ambi\u00e7\u00f5es pessoais ou partid\u00e1rias. Um verdadeiro socialista tem de ser generoso e solid\u00e1rio. O individualismo \u00e9 a marca consagrada de nossos advers\u00e1rios pol\u00edticos.<\/p>\n<p>Fiquemos unidos e governemos unidos, tudo em prol de realizar uma futura justi\u00e7a social em nosso pa\u00eds. Justi\u00e7a social \u00e9 o que importa!!!<\/p>\n","protected":false},"excerpt":{"rendered":"<p>POR AFR\u00c2NIO SILVA JARDIM, professor de Direito da UERJ, em sua p\u00e1gina no Facebook &#8211; A direita e o centro n\u00e3o t\u00eam sequer um candidato vi\u00e1vel. Est\u00e3o desesperados. Sabem que j\u00e1 perderam as pr\u00f3ximas elei\u00e7\u00f5es. Por isso, podem tentar inviabiliz\u00e1-la. Tenhamos cuidado \u2026<\/p>\n","protected":false},"author":1,"featured_media":0,"comment_status":"closed","ping_status":"open","sticky":false,"template":"","format":"standard","meta":{"_exactmetrics_skip_tracking":false,"_exactmetrics_sitenote_active":false,"_exactmetrics_sitenote_note":"","_exactmetrics_sitenote_category":0,"jetpack_post_was_ever_published":false,"_jetpack_newsletter_access":"","_jetpack_dont_email_post_to_subs":false,"_jetpack_newsletter_tier_id":0,"_jetpack_memberships_contains_paywalled_content":false,"_jetpack_memberships_contains_paid_content":false,"footnotes":"","jetpack_publicize_message":"","jetpack_publicize_feature_enabled":true,"jetpack_social_post_already_shared":true,"jetpack_social_options":{"image_generator_settings":{"template":"highway","enabled":false},"version":2}},"categories":[1],"tags":[],"class_list":["post-18086","post","type-post","status-publish","format-standard","hentry","category-notas"],"jetpack_publicize_connections":[],"jetpack_sharing_enabled":true,"jetpack_featured_media_url":"","jetpack_shortlink":"https:\/\/wp.me\/p7wKYW-4HI","jetpack-related-posts":[],"_links":{"self":[{"href":"http:\/\/blogdalucianaoliveira.com.br\/blog\/wp-json\/wp\/v2\/posts\/18086","targetHints":{"allow":["GET"]}}],"collection":[{"href":"http:\/\/blogdalucianaoliveira.com.br\/blog\/wp-json\/wp\/v2\/posts"}],"about":[{"href":"http:\/\/blogdalucianaoliveira.com.br\/blog\/wp-json\/wp\/v2\/types\/post"}],"author":[{"embeddable":true,"href":"http:\/\/blogdalucianaoliveira.com.br\/blog\/wp-json\/wp\/v2\/users\/1"}],"replies":[{"embeddable":true,"href":"http:\/\/blogdalucianaoliveira.com.br\/blog\/wp-json\/wp\/v2\/comments?post=18086"}],"version-history":[{"count":1,"href":"http:\/\/blogdalucianaoliveira.com.br\/blog\/wp-json\/wp\/v2\/posts\/18086\/revisions"}],"predecessor-version":[{"id":18088,"href":"http:\/\/blogdalucianaoliveira.com.br\/blog\/wp-json\/wp\/v2\/posts\/18086\/revisions\/18088"}],"wp:attachment":[{"href":"http:\/\/blogdalucianaoliveira.com.br\/blog\/wp-json\/wp\/v2\/media?parent=18086"}],"wp:term":[{"taxonomy":"category","embeddable":true,"href":"http:\/\/blogdalucianaoliveira.com.br\/blog\/wp-json\/wp\/v2\/categories?post=18086"},{"taxonomy":"post_tag","embeddable":true,"href":"http:\/\/blogdalucianaoliveira.com.br\/blog\/wp-json\/wp\/v2\/tags?post=18086"}],"curies":[{"name":"wp","href":"https:\/\/api.w.org\/{rel}","templated":true}]}}