{"id":18092,"date":"2018-05-21T10:36:14","date_gmt":"2018-05-21T14:36:14","guid":{"rendered":"http:\/\/blogdalucianaoliveira.com.br\/blog\/?p=18092"},"modified":"2018-05-21T10:36:14","modified_gmt":"2018-05-21T14:36:14","slug":"blogueiros-e-ativistas-digitais-discutem-democracia-em-encontro","status":"publish","type":"post","link":"http:\/\/blogdalucianaoliveira.com.br\/blog\/2018\/05\/21\/blogueiros-e-ativistas-digitais-discutem-democracia-em-encontro\/","title":{"rendered":"Blogueiros e ativistas digitais discutem democracia em encontro"},"content":{"rendered":"<p><img data-recalc-dims=\"1\" loading=\"lazy\" decoding=\"async\" data-attachment-id=\"18093\" data-permalink=\"http:\/\/blogdalucianaoliveira.com.br\/blog\/2018\/05\/21\/blogueiros-e-ativistas-digitais-discutem-democracia-em-encontro\/encontro-blogueiros-e-ativistas-digitais-2018\/\" data-orig-file=\"https:\/\/i0.wp.com\/blogdalucianaoliveira.com.br\/blog\/wp-content\/uploads\/2018\/05\/encontro-blogueiros-e-ativistas-digitais-2018.jpg?fit=790%2C390\" data-orig-size=\"790,390\" data-comments-opened=\"0\" data-image-meta=\"{&quot;aperture&quot;:&quot;0&quot;,&quot;credit&quot;:&quot;&quot;,&quot;camera&quot;:&quot;&quot;,&quot;caption&quot;:&quot;&quot;,&quot;created_timestamp&quot;:&quot;0&quot;,&quot;copyright&quot;:&quot;&quot;,&quot;focal_length&quot;:&quot;0&quot;,&quot;iso&quot;:&quot;0&quot;,&quot;shutter_speed&quot;:&quot;0&quot;,&quot;title&quot;:&quot;&quot;,&quot;orientation&quot;:&quot;0&quot;}\" data-image-title=\"encontro-blogueiros-e-ativistas-digitais-2018\" data-image-description=\"\" data-image-caption=\"\" data-medium-file=\"https:\/\/i0.wp.com\/blogdalucianaoliveira.com.br\/blog\/wp-content\/uploads\/2018\/05\/encontro-blogueiros-e-ativistas-digitais-2018.jpg?fit=300%2C148\" data-large-file=\"https:\/\/i0.wp.com\/blogdalucianaoliveira.com.br\/blog\/wp-content\/uploads\/2018\/05\/encontro-blogueiros-e-ativistas-digitais-2018.jpg?fit=600%2C296\" src=\"https:\/\/i0.wp.com\/blogdalucianaoliveira.com.br\/blog\/wp-content\/uploads\/2018\/05\/encontro-blogueiros-e-ativistas-digitais-2018.jpg?resize=600%2C296\" alt=\"encontro-blogueiros-e-ativistas-digitais-2018\" width=\"600\" height=\"296\" class=\"alignnone size-full wp-image-18093\" srcset=\"https:\/\/i0.wp.com\/blogdalucianaoliveira.com.br\/blog\/wp-content\/uploads\/2018\/05\/encontro-blogueiros-e-ativistas-digitais-2018.jpg?w=790 790w, https:\/\/i0.wp.com\/blogdalucianaoliveira.com.br\/blog\/wp-content\/uploads\/2018\/05\/encontro-blogueiros-e-ativistas-digitais-2018.jpg?resize=300%2C148 300w, https:\/\/i0.wp.com\/blogdalucianaoliveira.com.br\/blog\/wp-content\/uploads\/2018\/05\/encontro-blogueiros-e-ativistas-digitais-2018.jpg?resize=768%2C379 768w, https:\/\/i0.wp.com\/blogdalucianaoliveira.com.br\/blog\/wp-content\/uploads\/2018\/05\/encontro-blogueiros-e-ativistas-digitais-2018.jpg?resize=608%2C300 608w\" sizes=\"auto, (max-width: 600px) 100vw, 600px\" \/><\/p>\n<p>Do Bar\u00e3o de Itarar\u00e9 &#8211; Em defesa da democracia e contra os retrocessos \u00e9 o tema do 6\u00ba Encontro Nacional de Blogueir@s e Ativistas Digitais, que acontece nos dias 25 e 26 de maio, em S\u00e3o Paulo. Ser\u00e3o dois dias de debates sobre os desafios colocados para a luta de ideias e a democratiza\u00e7\u00e3o da comunica\u00e7\u00e3o no Brasil, al\u00e9m de rodas de conversa e trocas de experi\u00eancia sobre a produ\u00e7\u00e3o e a articula\u00e7\u00e3o das m\u00eddias alternativas, blogosfera, comunicadores e ativistas digitais. O evento acontecer\u00e1 no Sindicato dos Engenheiros do Estado de S\u00e3o Paulo (Rua Genebra, 25).<!--more--><\/p>\n<p>A sexta edi\u00e7\u00e3o do #BlogProg ocorre em um cen\u00e1rio no qual a m\u00eddia monopolista, composta por sete fam\u00edlias que dominam a comunica\u00e7\u00e3o no Brasil, faz de tudo para defender as \u201creformas\u201d regressivas e os atentados \u00e0 liberdade de express\u00e3o e de organiza\u00e7\u00e3o da sociedade. Mais do que nunca, a m\u00eddia contra-hegem\u00f4nica joga um papel decisivo na disputa de narrativas no pa\u00eds, contrapondo-se ao pensamento \u00fanico &#8220;emburrecedor&#8221; e desmobilizador imposto pelas for\u00e7as do capital que assaltaram o poder da Rep\u00fablica. <\/p>\n<p>Com cinco encontros realizados nos \u00faltimos sete anos, fica evidente a import\u00e2ncia de reunir e organizar, de forma horizontal, o movimento. O 6\u00ba Encontro de Blogueir@s e Ativistas Digitais \u00e9 um momento oportuno para fortalecer a trincheira da comunica\u00e7\u00e3o em um momento de duros ataques aos trabalhadores e \u00e0 democracia.<\/p>\n<p><img data-recalc-dims=\"1\" loading=\"lazy\" decoding=\"async\" data-attachment-id=\"18094\" data-permalink=\"http:\/\/blogdalucianaoliveira.com.br\/blog\/2018\/05\/21\/blogueiros-e-ativistas-digitais-discutem-democracia-em-encontro\/blog-2\/\" data-orig-file=\"https:\/\/i0.wp.com\/blogdalucianaoliveira.com.br\/blog\/wp-content\/uploads\/2018\/05\/blog.jpg?fit=744%2C557\" data-orig-size=\"744,557\" data-comments-opened=\"0\" data-image-meta=\"{&quot;aperture&quot;:&quot;0&quot;,&quot;credit&quot;:&quot;&quot;,&quot;camera&quot;:&quot;&quot;,&quot;caption&quot;:&quot;&quot;,&quot;created_timestamp&quot;:&quot;0&quot;,&quot;copyright&quot;:&quot;&quot;,&quot;focal_length&quot;:&quot;0&quot;,&quot;iso&quot;:&quot;0&quot;,&quot;shutter_speed&quot;:&quot;0&quot;,&quot;title&quot;:&quot;&quot;,&quot;orientation&quot;:&quot;0&quot;}\" data-image-title=\"blog\" data-image-description=\"\" data-image-caption=\"\" data-medium-file=\"https:\/\/i0.wp.com\/blogdalucianaoliveira.com.br\/blog\/wp-content\/uploads\/2018\/05\/blog.jpg?fit=300%2C225\" data-large-file=\"https:\/\/i0.wp.com\/blogdalucianaoliveira.com.br\/blog\/wp-content\/uploads\/2018\/05\/blog.jpg?fit=600%2C449\" src=\"https:\/\/i0.wp.com\/blogdalucianaoliveira.com.br\/blog\/wp-content\/uploads\/2018\/05\/blog.jpg?resize=600%2C449\" alt=\"blog\" width=\"600\" height=\"449\" class=\"alignnone size-full wp-image-18094\" srcset=\"https:\/\/i0.wp.com\/blogdalucianaoliveira.com.br\/blog\/wp-content\/uploads\/2018\/05\/blog.jpg?w=744 744w, https:\/\/i0.wp.com\/blogdalucianaoliveira.com.br\/blog\/wp-content\/uploads\/2018\/05\/blog.jpg?resize=300%2C225 300w, https:\/\/i0.wp.com\/blogdalucianaoliveira.com.br\/blog\/wp-content\/uploads\/2018\/05\/blog.jpg?resize=401%2C300 401w\" sizes=\"auto, (max-width: 600px) 100vw, 600px\" \/><br \/>\n5\u00ba Encontro foi em Belo Horizonte<\/p>\n","protected":false},"excerpt":{"rendered":"<p>Do Bar\u00e3o de Itarar\u00e9 &#8211; Em defesa da democracia e contra os retrocessos \u00e9 o tema do 6\u00ba Encontro Nacional de Blogueir@s e Ativistas Digitais, que acontece nos dias 25 e 26 de maio, em S\u00e3o Paulo. Ser\u00e3o dois dias de debates sobre os desafios colocados para a luta de ideias e a democratiza\u00e7\u00e3o da&#8230;<a class=\"more-link\" href=\"http:\/\/blogdalucianaoliveira.com.br\/blog\/2018\/05\/21\/blogueiros-e-ativistas-digitais-discutem-democracia-em-encontro\/\">Continue a leitura <span class=\"meta-nav\">&raquo;<\/span><\/a><\/p>\n","protected":false},"author":1,"featured_media":18094,"comment_status":"closed","ping_status":"open","sticky":false,"template":"","format":"standard","meta":{"_exactmetrics_skip_tracking":false,"_exactmetrics_sitenote_active":false,"_exactmetrics_sitenote_note":"","_exactmetrics_sitenote_category":0,"jetpack_post_was_ever_published":false,"_jetpack_newsletter_access":"","_jetpack_dont_email_post_to_subs":false,"_jetpack_newsletter_tier_id":0,"_jetpack_memberships_contains_paywalled_content":false,"_jetpack_memberships_contains_paid_content":false,"footnotes":"","jetpack_publicize_message":"","jetpack_publicize_feature_enabled":true,"jetpack_social_post_already_shared":true,"jetpack_social_options":{"image_generator_settings":{"template":"highway","enabled":false},"version":2}},"categories":[1],"tags":[],"class_list":["post-18092","post","type-post","status-publish","format-standard","has-post-thumbnail","hentry","category-notas"],"jetpack_publicize_connections":[],"jetpack_sharing_enabled":true,"jetpack_featured_media_url":"https:\/\/i0.wp.com\/blogdalucianaoliveira.com.br\/blog\/wp-content\/uploads\/2018\/05\/blog.jpg?fit=744%2C557","jetpack_shortlink":"https:\/\/wp.me\/p7wKYW-4HO","jetpack-related-posts":[],"_links":{"self":[{"href":"http:\/\/blogdalucianaoliveira.com.br\/blog\/wp-json\/wp\/v2\/posts\/18092","targetHints":{"allow":["GET"]}}],"collection":[{"href":"http:\/\/blogdalucianaoliveira.com.br\/blog\/wp-json\/wp\/v2\/posts"}],"about":[{"href":"http:\/\/blogdalucianaoliveira.com.br\/blog\/wp-json\/wp\/v2\/types\/post"}],"author":[{"embeddable":true,"href":"http:\/\/blogdalucianaoliveira.com.br\/blog\/wp-json\/wp\/v2\/users\/1"}],"replies":[{"embeddable":true,"href":"http:\/\/blogdalucianaoliveira.com.br\/blog\/wp-json\/wp\/v2\/comments?post=18092"}],"version-history":[{"count":1,"href":"http:\/\/blogdalucianaoliveira.com.br\/blog\/wp-json\/wp\/v2\/posts\/18092\/revisions"}],"predecessor-version":[{"id":18095,"href":"http:\/\/blogdalucianaoliveira.com.br\/blog\/wp-json\/wp\/v2\/posts\/18092\/revisions\/18095"}],"wp:featuredmedia":[{"embeddable":true,"href":"http:\/\/blogdalucianaoliveira.com.br\/blog\/wp-json\/wp\/v2\/media\/18094"}],"wp:attachment":[{"href":"http:\/\/blogdalucianaoliveira.com.br\/blog\/wp-json\/wp\/v2\/media?parent=18092"}],"wp:term":[{"taxonomy":"category","embeddable":true,"href":"http:\/\/blogdalucianaoliveira.com.br\/blog\/wp-json\/wp\/v2\/categories?post=18092"},{"taxonomy":"post_tag","embeddable":true,"href":"http:\/\/blogdalucianaoliveira.com.br\/blog\/wp-json\/wp\/v2\/tags?post=18092"}],"curies":[{"name":"wp","href":"https:\/\/api.w.org\/{rel}","templated":true}]}}