{"id":18102,"date":"2018-05-21T12:10:05","date_gmt":"2018-05-21T16:10:05","guid":{"rendered":"http:\/\/blogdalucianaoliveira.com.br\/blog\/?p=18102"},"modified":"2018-05-21T12:10:05","modified_gmt":"2018-05-21T16:10:05","slug":"unicamp-vestibular-indigena-2019","status":"publish","type":"post","link":"http:\/\/blogdalucianaoliveira.com.br\/blog\/2018\/05\/21\/unicamp-vestibular-indigena-2019\/","title":{"rendered":"UNICAMP: Vestibular Ind\u00edgena 2019"},"content":{"rendered":"<div class=\"main\">\n<article class=\"content\">\n<section class=\"content\">\n<div class=\"container\">\n<div class=\"row\">\n<div class=\"col-md-9\">\n<div id=\"page-content\">\n<p><img data-recalc-dims=\"1\" loading=\"lazy\" decoding=\"async\" data-attachment-id=\"18105\" data-permalink=\"http:\/\/blogdalucianaoliveira.com.br\/blog\/2018\/05\/21\/unicamp-vestibular-indigena-2019\/novo\/\" data-orig-file=\"https:\/\/i0.wp.com\/blogdalucianaoliveira.com.br\/blog\/wp-content\/uploads\/2018\/05\/novo.jpg?fit=961%2C531\" data-orig-size=\"961,531\" data-comments-opened=\"0\" data-image-meta=\"{&quot;aperture&quot;:&quot;0&quot;,&quot;credit&quot;:&quot;&quot;,&quot;camera&quot;:&quot;&quot;,&quot;caption&quot;:&quot;&quot;,&quot;created_timestamp&quot;:&quot;0&quot;,&quot;copyright&quot;:&quot;&quot;,&quot;focal_length&quot;:&quot;0&quot;,&quot;iso&quot;:&quot;0&quot;,&quot;shutter_speed&quot;:&quot;0&quot;,&quot;title&quot;:&quot;&quot;,&quot;orientation&quot;:&quot;0&quot;}\" data-image-title=\"novo\" data-image-description=\"\" data-image-caption=\"\" data-medium-file=\"https:\/\/i0.wp.com\/blogdalucianaoliveira.com.br\/blog\/wp-content\/uploads\/2018\/05\/novo.jpg?fit=300%2C166\" data-large-file=\"https:\/\/i0.wp.com\/blogdalucianaoliveira.com.br\/blog\/wp-content\/uploads\/2018\/05\/novo.jpg?fit=600%2C332\" class=\"alignnone size-full wp-image-18105\" src=\"https:\/\/i0.wp.com\/blogdalucianaoliveira.com.br\/blog\/wp-content\/uploads\/2018\/05\/novo.jpg?resize=600%2C332\" alt=\"novo\" width=\"600\" height=\"332\" srcset=\"https:\/\/i0.wp.com\/blogdalucianaoliveira.com.br\/blog\/wp-content\/uploads\/2018\/05\/novo.jpg?w=961 961w, https:\/\/i0.wp.com\/blogdalucianaoliveira.com.br\/blog\/wp-content\/uploads\/2018\/05\/novo.jpg?resize=300%2C166 300w, https:\/\/i0.wp.com\/blogdalucianaoliveira.com.br\/blog\/wp-content\/uploads\/2018\/05\/novo.jpg?resize=768%2C424 768w, https:\/\/i0.wp.com\/blogdalucianaoliveira.com.br\/blog\/wp-content\/uploads\/2018\/05\/novo.jpg?resize=543%2C300 543w\" sizes=\"auto, (max-width: 600px) 100vw, 600px\" \/><\/p>\n<p>A partir deste ano, al\u00e9m do vestibular tradicional, haver\u00e1 outras formas de ingresso para os cursos de gradua\u00e7\u00e3o da Unicamp, como o Vestibular Ind\u00edgena, as vagas das cotas \u00e9tnico-raciais, vagas para medalhistas em olimp\u00edadas de conhecimento e as vagas para ingresso via Enem.<!--more--><\/p>\n<p>O edital do Vestibular Ind\u00edgena ser\u00e1 divulgado em breve, nesta p\u00e1gina. As datas de inscri\u00e7\u00e3o est\u00e3o indicadas abaixo:<\/p>\n<p>&nbsp;<\/p>\n<div class=\"table-responsive\">\n<table border=\"1\" cellspacing=\"0\" cellpadding=\"2\">\n<tbody>\n<tr>\n<td>Vestibular Ind\u00edgena<\/td>\n<\/tr>\n<tr>\n<td>Inscri\u00e7\u00f5es: 15\/8 a 14\/9\/2018<\/td>\n<\/tr>\n<tr>\n<td>Prova: 2\/12\/2018<\/td>\n<\/tr>\n<\/tbody>\n<\/table>\n<\/div>\n<p>&nbsp;<\/p>\n<p><img data-recalc-dims=\"1\" loading=\"lazy\" decoding=\"async\" class=\"alignnone size-full wp-image-6262\" src=\"https:\/\/i0.wp.com\/www.comvest.unicamp.br\/wp-content\/uploads\/2018\/05\/folder_ingresso-1.png?resize=600%2C424\" sizes=\"auto, (max-width: 842px) 100vw, 842px\" srcset=\"http:\/\/www.comvest.unicamp.br\/wp-content\/uploads\/2018\/05\/folder_ingresso-1.png 842w, http:\/\/www.comvest.unicamp.br\/wp-content\/uploads\/2018\/05\/folder_ingresso-1-300x212.png 300w, http:\/\/www.comvest.unicamp.br\/wp-content\/uploads\/2018\/05\/folder_ingresso-1-768x543.png 768w\" alt=\"\" width=\"600\" height=\"424\" \/><\/p>\n<p><img data-recalc-dims=\"1\" loading=\"lazy\" decoding=\"async\" data-attachment-id=\"6266\" data-permalink=\"http:\/\/blogdalucianaoliveira.com.br\/blog\/2016\/11\/26\/morre-fidel-castro-o-lider-da-revolucao-cubana\/img_8482-2\/\" data-orig-file=\"https:\/\/i0.wp.com\/blogdalucianaoliveira.com.br\/blog\/wp-content\/uploads\/2016\/11\/IMG_8482-1.jpg?fit=%2C\" data-orig-size=\"\" data-comments-opened=\"0\" data-image-meta=\"[]\" data-image-title=\"img_8482\" data-image-description=\"\" data-image-caption=\"\" data-medium-file=\"https:\/\/i0.wp.com\/blogdalucianaoliveira.com.br\/blog\/wp-content\/uploads\/2016\/11\/IMG_8482-1.jpg?fit=300%2C300\" data-large-file=\"https:\/\/i0.wp.com\/blogdalucianaoliveira.com.br\/blog\/wp-content\/uploads\/2016\/11\/IMG_8482-1.jpg?fit=1024%2C1024\" class=\"alignnone size-full wp-image-6266\" src=\"https:\/\/i0.wp.com\/www.comvest.unicamp.br\/wp-content\/uploads\/2018\/05\/folder_ingresso.png?resize=600%2C424\" sizes=\"auto, (max-width: 840px) 100vw, 840px\" srcset=\"http:\/\/www.comvest.unicamp.br\/wp-content\/uploads\/2018\/05\/folder_ingresso.png 840w, http:\/\/www.comvest.unicamp.br\/wp-content\/uploads\/2018\/05\/folder_ingresso-300x212.png 300w, http:\/\/www.comvest.unicamp.br\/wp-content\/uploads\/2018\/05\/folder_ingresso-768x542.png 768w\" alt=\"\" width=\"600\" height=\"424\" \/><\/p>\n<p>&nbsp;<\/p>\n<p><img data-recalc-dims=\"1\" loading=\"lazy\" decoding=\"async\" class=\"alignnone wp-image-6282\" src=\"https:\/\/i0.wp.com\/www.comvest.unicamp.br\/wp-content\/uploads\/2018\/05\/Banner_Inscricoes_2019-1024x404.png?resize=600%2C237\" sizes=\"auto, (max-width: 850px) 100vw, 850px\" srcset=\"http:\/\/www.comvest.unicamp.br\/wp-content\/uploads\/2018\/05\/Banner_Inscricoes_2019-1024x404.png 1024w, http:\/\/www.comvest.unicamp.br\/wp-content\/uploads\/2018\/05\/Banner_Inscricoes_2019-300x118.png 300w, http:\/\/www.comvest.unicamp.br\/wp-content\/uploads\/2018\/05\/Banner_Inscricoes_2019-768x303.png 768w, http:\/\/www.comvest.unicamp.br\/wp-content\/uploads\/2018\/05\/Banner_Inscricoes_2019.png 1140w\" alt=\"\" width=\"600\" height=\"237\" \/><\/p>\n<\/div>\n<\/div>\n<\/div>\n<\/div>\n<\/section>\n<\/article>\n<\/div>\n<p>&nbsp;<\/p>\n<footer id=\"footer\">\n<div class=\"container\">\u00a0Acesse:\u00a0<a href=\"http:\/\/www.comvest.unicamp.br\/vestibular-indigena-2019\/\">http:\/\/www.comvest.unicamp.br\/vestibular-indigena-2019\/<\/a><\/div>\n<\/footer>\n","protected":false},"excerpt":{"rendered":"<p>A partir deste ano, al\u00e9m do vestibular tradicional, haver\u00e1 outras formas de ingresso para os cursos de gradua\u00e7\u00e3o da Unicamp, como o Vestibular Ind\u00edgena, as vagas das cotas \u00e9tnico-raciais, vagas para medalhistas em olimp\u00edadas de conhecimento e as vagas para ingresso via Enem.<\/p>\n","protected":false},"author":1,"featured_media":0,"comment_status":"closed","ping_status":"open","sticky":false,"template":"","format":"standard","meta":{"_exactmetrics_skip_tracking":false,"_exactmetrics_sitenote_active":false,"_exactmetrics_sitenote_note":"","_exactmetrics_sitenote_category":0,"jetpack_post_was_ever_published":false,"_jetpack_newsletter_access":"","_jetpack_dont_email_post_to_subs":false,"_jetpack_newsletter_tier_id":0,"_jetpack_memberships_contains_paywalled_content":false,"_jetpack_memberships_contains_paid_content":false,"footnotes":"","jetpack_publicize_message":"","jetpack_publicize_feature_enabled":true,"jetpack_social_post_already_shared":true,"jetpack_social_options":{"image_generator_settings":{"template":"highway","enabled":false},"version":2}},"categories":[1],"tags":[],"class_list":["post-18102","post","type-post","status-publish","format-standard","hentry","category-notas"],"jetpack_publicize_connections":[],"jetpack_sharing_enabled":true,"jetpack_featured_media_url":"","jetpack_shortlink":"https:\/\/wp.me\/p7wKYW-4HY","jetpack-related-posts":[],"_links":{"self":[{"href":"http:\/\/blogdalucianaoliveira.com.br\/blog\/wp-json\/wp\/v2\/posts\/18102","targetHints":{"allow":["GET"]}}],"collection":[{"href":"http:\/\/blogdalucianaoliveira.com.br\/blog\/wp-json\/wp\/v2\/posts"}],"about":[{"href":"http:\/\/blogdalucianaoliveira.com.br\/blog\/wp-json\/wp\/v2\/types\/post"}],"author":[{"embeddable":true,"href":"http:\/\/blogdalucianaoliveira.com.br\/blog\/wp-json\/wp\/v2\/users\/1"}],"replies":[{"embeddable":true,"href":"http:\/\/blogdalucianaoliveira.com.br\/blog\/wp-json\/wp\/v2\/comments?post=18102"}],"version-history":[{"count":1,"href":"http:\/\/blogdalucianaoliveira.com.br\/blog\/wp-json\/wp\/v2\/posts\/18102\/revisions"}],"predecessor-version":[{"id":18106,"href":"http:\/\/blogdalucianaoliveira.com.br\/blog\/wp-json\/wp\/v2\/posts\/18102\/revisions\/18106"}],"wp:attachment":[{"href":"http:\/\/blogdalucianaoliveira.com.br\/blog\/wp-json\/wp\/v2\/media?parent=18102"}],"wp:term":[{"taxonomy":"category","embeddable":true,"href":"http:\/\/blogdalucianaoliveira.com.br\/blog\/wp-json\/wp\/v2\/categories?post=18102"},{"taxonomy":"post_tag","embeddable":true,"href":"http:\/\/blogdalucianaoliveira.com.br\/blog\/wp-json\/wp\/v2\/tags?post=18102"}],"curies":[{"name":"wp","href":"https:\/\/api.w.org\/{rel}","templated":true}]}}