{"id":18107,"date":"2018-05-21T12:19:32","date_gmt":"2018-05-21T16:19:32","guid":{"rendered":"http:\/\/blogdalucianaoliveira.com.br\/blog\/?p=18107"},"modified":"2018-05-21T12:19:32","modified_gmt":"2018-05-21T16:19:32","slug":"ufa-63-dos-brasileiros-sao-a-favor-dos-direitos-humanos-revela-pesquisa","status":"publish","type":"post","link":"http:\/\/blogdalucianaoliveira.com.br\/blog\/2018\/05\/21\/ufa-63-dos-brasileiros-sao-a-favor-dos-direitos-humanos-revela-pesquisa\/","title":{"rendered":"UFA!: 63% dos brasileiros s\u00e3o a favor dos direitos humanos, revela pesquisa"},"content":{"rendered":"<p><img data-recalc-dims=\"1\" loading=\"lazy\" decoding=\"async\" data-attachment-id=\"18109\" data-permalink=\"http:\/\/blogdalucianaoliveira.com.br\/blog\/2018\/05\/21\/ufa-63-dos-brasileiros-sao-a-favor-dos-direitos-humanos-revela-pesquisa\/nana-2\/\" data-orig-file=\"https:\/\/i0.wp.com\/blogdalucianaoliveira.com.br\/blog\/wp-content\/uploads\/2018\/05\/nana.jpg?fit=343%2C147\" data-orig-size=\"343,147\" data-comments-opened=\"0\" data-image-meta=\"{&quot;aperture&quot;:&quot;0&quot;,&quot;credit&quot;:&quot;&quot;,&quot;camera&quot;:&quot;&quot;,&quot;caption&quot;:&quot;&quot;,&quot;created_timestamp&quot;:&quot;0&quot;,&quot;copyright&quot;:&quot;&quot;,&quot;focal_length&quot;:&quot;0&quot;,&quot;iso&quot;:&quot;0&quot;,&quot;shutter_speed&quot;:&quot;0&quot;,&quot;title&quot;:&quot;&quot;,&quot;orientation&quot;:&quot;0&quot;}\" data-image-title=\"nana\" data-image-description=\"\" data-image-caption=\"\" data-medium-file=\"https:\/\/i0.wp.com\/blogdalucianaoliveira.com.br\/blog\/wp-content\/uploads\/2018\/05\/nana.jpg?fit=300%2C129\" data-large-file=\"https:\/\/i0.wp.com\/blogdalucianaoliveira.com.br\/blog\/wp-content\/uploads\/2018\/05\/nana.jpg?fit=343%2C147\" class=\"alignnone size-full wp-image-18109\" src=\"https:\/\/i0.wp.com\/blogdalucianaoliveira.com.br\/blog\/wp-content\/uploads\/2018\/05\/nana.jpg?resize=343%2C147\" alt=\"nana\" width=\"343\" height=\"147\" srcset=\"https:\/\/i0.wp.com\/blogdalucianaoliveira.com.br\/blog\/wp-content\/uploads\/2018\/05\/nana.jpg?w=343 343w, https:\/\/i0.wp.com\/blogdalucianaoliveira.com.br\/blog\/wp-content\/uploads\/2018\/05\/nana.jpg?resize=300%2C129 300w\" sizes=\"auto, (max-width: 343px) 100vw, 343px\" \/><\/p>\n<p>Correio do Estado: Seis em cada dez brasileiros (63%) s\u00e3o a favor dos direitos humanos. Entre os entrevistados com idade entre 25 e 34 anos, o \u00edndice chegou 70%. Por outro lado, 21% s\u00e3o contra os direitos humanos. As informa\u00e7\u00f5es s\u00e3o da pesquisa Pulso Brasil, da Ipsos, realizada entre 1\u00ba e 15 de abril.\u00a0\u00a0<!--more--><\/p>\n<p>Ao mesmo tempo em que se dizem favor\u00e1veis aos direitos humanos, muitos brasileiros demonstram desconhecimento ao que de fato esse direito significa. Para 66% dos entrevistados, os direitos humanos defendem mais os bandidos que as v\u00edtimas. Essa percep\u00e7\u00e3o \u00e9 ainda maior na regi\u00e3o Norte (79%) e entre os que possuem n\u00edvel superior (76%).<\/p>\n<p>\u201cH\u00e1 no Brasil uma distor\u00e7\u00e3o hist\u00f3rica sobre o conceito de Direitos Humanos, algo que seria corrigido se houvesse mais espa\u00e7o para o debate sobre o tema\u201d, avalia Danilo Crsosimo, diretor da Ipsos Public Affairs.<\/p>\n<p>O levantamento aponta que na faixa et\u00e1ria de 66 anos ou mais 48% s\u00e3o a favor dos direitos humanos, o menor percentual entre todas as idades. Entre as regi\u00f5es, o Sudeste registrou o \u00edndice mais alto (67%) e o Centro-Oeste o mais baixo (47%).<\/p>\n<p><strong>Percep\u00e7\u00e3o de justi\u00e7a\u00a0<\/strong><\/p>\n<p>Quando questionados sobre quem mais se beneficia com os direitos humanos, 56% responderam que s\u00e3o os bandidos. Entre os que menos se beneficiam, os mais pobres foram os mais lembrados (29%).<\/p>\n<p>A pesquisa tamb\u00e9m mostra que 43% dos brasileiros t\u00eam receio de falar sobre direitos humanos com outras pessoas e serem vistas com algu\u00e9m que defende bandidos. Mais da metade dos entrevistados (54%) concordam com a frase \u201cos direitos humanos n\u00e3o defendem pessoas como eu\u201d.<\/p>\n<p><strong>Direitos humanos e pol\u00edtica\u00a0<\/strong><\/p>\n<p>Mais da metade dos brasileiros (54%) acredita que os direitos humanos fortalecem a democracia no Brasil. Outros 30% disseram que eles enfraquecem a democracia. Dois em cada tr\u00eas (66%) acreditam que o governo n\u00e3o garante integralmente os direitos humanos da popula\u00e7\u00e3o.<\/p>\n<p>\u201cA discuss\u00e3o sobre Direitos Humanos \u00e9 uma pauta crescente no mundo e n\u00e3o seria diferente no Brasil. H\u00e1 uma demanda muito significativa da popula\u00e7\u00e3o que deseja entender melhor o significado e a atua\u00e7\u00e3o dos direitos humanos no pa\u00eds. Esse debate \u00e9 extenso, mas no longo prazo ajudar\u00e1 a fortalecer a democracia\u201d, avalia Cersosimo.<\/p>\n<p>Sete em cada dez brasileiros (69%) querem entender melhor o significado dos direitos humanos. E 73% querem entender melhor a atua\u00e7\u00e3o dos direitos humanos no Brasil.<\/p>\n<p>No total, 1.200 pessoas foram entrevistas nas cinco regi\u00f5es do pa\u00eds. A margem de erro \u00e9 de tr\u00eas pontos percentuais.<\/p>\n","protected":false},"excerpt":{"rendered":"<p>Correio do Estado: Seis em cada dez brasileiros (63%) s\u00e3o a favor dos direitos humanos. Entre os entrevistados com idade entre 25 e 34 anos, o \u00edndice chegou 70%. Por outro lado, 21% s\u00e3o contra os direitos humanos. As informa\u00e7\u00f5es s\u00e3o da pesquisa Pulso Brasil, da Ipsos, realizada entre 1\u00ba e 15 de abril.\u00a0\u00a0<\/p>\n","protected":false},"author":1,"featured_media":0,"comment_status":"closed","ping_status":"open","sticky":false,"template":"","format":"standard","meta":{"_exactmetrics_skip_tracking":false,"_exactmetrics_sitenote_active":false,"_exactmetrics_sitenote_note":"","_exactmetrics_sitenote_category":0,"jetpack_post_was_ever_published":false,"_jetpack_newsletter_access":"","_jetpack_dont_email_post_to_subs":false,"_jetpack_newsletter_tier_id":0,"_jetpack_memberships_contains_paywalled_content":false,"_jetpack_memberships_contains_paid_content":false,"footnotes":"","jetpack_publicize_message":"","jetpack_publicize_feature_enabled":true,"jetpack_social_post_already_shared":true,"jetpack_social_options":{"image_generator_settings":{"template":"highway","enabled":false},"version":2}},"categories":[1],"tags":[],"class_list":["post-18107","post","type-post","status-publish","format-standard","hentry","category-notas"],"jetpack_publicize_connections":[],"jetpack_sharing_enabled":true,"jetpack_featured_media_url":"","jetpack_shortlink":"https:\/\/wp.me\/p7wKYW-4I3","jetpack-related-posts":[],"_links":{"self":[{"href":"http:\/\/blogdalucianaoliveira.com.br\/blog\/wp-json\/wp\/v2\/posts\/18107","targetHints":{"allow":["GET"]}}],"collection":[{"href":"http:\/\/blogdalucianaoliveira.com.br\/blog\/wp-json\/wp\/v2\/posts"}],"about":[{"href":"http:\/\/blogdalucianaoliveira.com.br\/blog\/wp-json\/wp\/v2\/types\/post"}],"author":[{"embeddable":true,"href":"http:\/\/blogdalucianaoliveira.com.br\/blog\/wp-json\/wp\/v2\/users\/1"}],"replies":[{"embeddable":true,"href":"http:\/\/blogdalucianaoliveira.com.br\/blog\/wp-json\/wp\/v2\/comments?post=18107"}],"version-history":[{"count":1,"href":"http:\/\/blogdalucianaoliveira.com.br\/blog\/wp-json\/wp\/v2\/posts\/18107\/revisions"}],"predecessor-version":[{"id":18110,"href":"http:\/\/blogdalucianaoliveira.com.br\/blog\/wp-json\/wp\/v2\/posts\/18107\/revisions\/18110"}],"wp:attachment":[{"href":"http:\/\/blogdalucianaoliveira.com.br\/blog\/wp-json\/wp\/v2\/media?parent=18107"}],"wp:term":[{"taxonomy":"category","embeddable":true,"href":"http:\/\/blogdalucianaoliveira.com.br\/blog\/wp-json\/wp\/v2\/categories?post=18107"},{"taxonomy":"post_tag","embeddable":true,"href":"http:\/\/blogdalucianaoliveira.com.br\/blog\/wp-json\/wp\/v2\/tags?post=18107"}],"curies":[{"name":"wp","href":"https:\/\/api.w.org\/{rel}","templated":true}]}}