{"id":18114,"date":"2018-05-22T11:21:55","date_gmt":"2018-05-22T15:21:55","guid":{"rendered":"http:\/\/blogdalucianaoliveira.com.br\/blog\/?p=18114"},"modified":"2018-05-22T11:21:55","modified_gmt":"2018-05-22T15:21:55","slug":"tempo-negro-temperatura-sufocante-a-atualidade-de-alberto-dines-morto-nesta-terca-aos-86-anos","status":"publish","type":"post","link":"http:\/\/blogdalucianaoliveira.com.br\/blog\/2018\/05\/22\/tempo-negro-temperatura-sufocante-a-atualidade-de-alberto-dines-morto-nesta-terca-aos-86-anos\/","title":{"rendered":"\u201cTempo negro. Temperatura sufocante\u201d: a atualidade de Alberto Dines, morto nesta ter\u00e7a aos 86 anos"},"content":{"rendered":"<p><img data-recalc-dims=\"1\" loading=\"lazy\" decoding=\"async\" data-attachment-id=\"18115\" data-permalink=\"http:\/\/blogdalucianaoliveira.com.br\/blog\/2018\/05\/22\/tempo-negro-temperatura-sufocante-a-atualidade-de-alberto-dines-morto-nesta-terca-aos-86-anos\/dines\/\" data-orig-file=\"https:\/\/i0.wp.com\/blogdalucianaoliveira.com.br\/blog\/wp-content\/uploads\/2018\/05\/dines.jpg?fit=696%2C522\" data-orig-size=\"696,522\" data-comments-opened=\"0\" data-image-meta=\"{&quot;aperture&quot;:&quot;0&quot;,&quot;credit&quot;:&quot;&quot;,&quot;camera&quot;:&quot;&quot;,&quot;caption&quot;:&quot;&quot;,&quot;created_timestamp&quot;:&quot;0&quot;,&quot;copyright&quot;:&quot;&quot;,&quot;focal_length&quot;:&quot;0&quot;,&quot;iso&quot;:&quot;0&quot;,&quot;shutter_speed&quot;:&quot;0&quot;,&quot;title&quot;:&quot;&quot;,&quot;orientation&quot;:&quot;0&quot;}\" data-image-title=\"dines\" data-image-description=\"\" data-image-caption=\"\" data-medium-file=\"https:\/\/i0.wp.com\/blogdalucianaoliveira.com.br\/blog\/wp-content\/uploads\/2018\/05\/dines.jpg?fit=300%2C225\" data-large-file=\"https:\/\/i0.wp.com\/blogdalucianaoliveira.com.br\/blog\/wp-content\/uploads\/2018\/05\/dines.jpg?fit=600%2C450\" class=\"alignnone size-full wp-image-18115\" src=\"https:\/\/i0.wp.com\/blogdalucianaoliveira.com.br\/blog\/wp-content\/uploads\/2018\/05\/dines.jpg?resize=600%2C450\" alt=\"dines\" width=\"600\" height=\"450\" srcset=\"https:\/\/i0.wp.com\/blogdalucianaoliveira.com.br\/blog\/wp-content\/uploads\/2018\/05\/dines.jpg?w=696 696w, https:\/\/i0.wp.com\/blogdalucianaoliveira.com.br\/blog\/wp-content\/uploads\/2018\/05\/dines.jpg?resize=300%2C225 300w, https:\/\/i0.wp.com\/blogdalucianaoliveira.com.br\/blog\/wp-content\/uploads\/2018\/05\/dines.jpg?resize=400%2C300 400w\" sizes=\"auto, (max-width: 600px) 100vw, 600px\" \/><\/p>\n<p>Publicado no JB &#8211; Faleceu nesta ter\u00e7a-feira (22) Alberto Dines, jornalista, professor universit\u00e1rio, bi\u00f3grafo e escritor. A informa\u00e7\u00e3o foi publicada pela p\u00e1gina do Rep\u00f3rter Brasil, telejornal da TV Brasil, em rede social. Dines ingressou em 1962 no JORNAL DO BRASIL, onde foi respons\u00e1vel por uma profunda reformula\u00e7\u00e3o que levou o jornal a se consolidar na vanguarda da imprensa nacional.<!--more--><\/p>\n<p>Alberto Dines nasceu no Rio de Janeiro, ent\u00e3o Distrito Federal, em 19 de fevereiro de 1932, filho de Israel Dines e de Raquel Di\u00adnes, ambos de origem judaica. Fez os cursos prim\u00e1rio e ginasial em col\u00e9\u00adgios israelitas do Rio.<\/p>\n<p>Em 1943 teve sua primeira experi\u00eancia jornal\u00edstica como um dos organizadores do boletim estudantil Horta da Vit\u00f3ria, do Gin\u00e1sio Hebreu Brasileiro. Cursou o cient\u00edfico no Col\u00e9gio Andrews.<\/p>\n<p>Iniciou sua carreira em 1952 como cr\u00edtico de cinema da revista A Cena Muda. No ano seguinte foi convidado por Nahum Sirotsky para trabalhar como rep\u00f3rter na rec\u00e9m-fundada revista Vis\u00e3o, cobrindo assuntos ligados \u00e0 vida art\u00edstica, ao teatro e ao cinema. Passou a fazer reportagens pol\u00edticas, cobrindo as campanhas de J\u00e2nio Quadros para a prefeitura de S\u00e3o Paulo em 1953 e, um ano mais tarde, para o governo do Estado.<\/p>\n<p>Permaneceu na Vis\u00e3o at\u00e9 1957, quando foi levado por Nahum Sirotsky para a revista Manchete. Tornou-se assistente de dire\u00e7\u00e3o e secret\u00e1rio de reda\u00e7\u00e3o. Ap\u00f3s desentendimentos com Adolpho Bloch, demitiu-se da empresa e tentou criar, com recursos pr\u00f3prios, uma revista que n\u00e3o chegou a ser editada.<\/p>\n<p>Em 1959 assumiu a dire\u00e7\u00e3o do segundo caderno do jornal \u00daltima Hora, depois foi diretor da edi\u00e7\u00e3o matutina e, mais tarde, das duas edi\u00e7\u00f5es di\u00e1rias (matutina e vespertina).<\/p>\n<p>No ano seguinte foi nomeado editor-chefe da rec\u00e9m-criada revista Fa\u00adtos e Fotos, tendo colaborado, nessa ocasi\u00e3o, no jornal Tribuna da Imprensa, ent\u00e3o pertencente ao Jornal do Brasil. Em 1960, convidado por Jo\u00e3o Calmon, dirigiu o Di\u00e1rio da Noite, dos Di\u00e1rios Associados de Assis Chateaubriand, convertendo-o em tabloide vespertino. Deixou o jornal, demitido por Chateaubriand, por n\u00e3o obedecer a ordem de ignorar o sequestro do navio Santa Maria, em Recife, feito em protesto contra a ditadura de Ant\u00f4nio Salazar em Portugal.<\/p>\n<p><b>JORNAL DO BRASIL<\/b><\/p>\n<p>Ingressou em janeiro de 1962 no\u00a0JORNAL DO BRASIL\u00a0como edi\u00adtor-chefe, aos 30 anos e dez de profiss\u00e3o. Segundo o diretor Manual Francisco do Nascimento Brito, com a entrada de Dines, a reformula\u00e7\u00e3o do jornal foi afinal consolidada, pois ele sistematizou as modifica\u00e7\u00f5es que levaram o JB<i>\u00a0<\/i>a ocupar outra posi\u00e7\u00e3o na imprensa brasileira.<\/p>\n<p>Em 1963 Dines criou e ocupou a cadeira de jornalismo com\u00adparado na Faculdade de Jornalismo da PUC. No per\u00edodo fundou, dirigiu e colaborou regularmente com os\u00a0<i>Cadernos de Jornalismo e Comunica\u00e7\u00e3o do\u00a0<\/i>JORNAL DO BRASIL. Em 1965, instituiu a cadeira de Teoria da Imprensa na PUC, onde lecionou at\u00e9 1966.<\/p>\n<p><b>\u201cTempo negro. Temperatura sufocante\u201d<\/b><\/p>\n<p><a class=\"single-image-gallery\" href=\"https:\/\/www.diariodocentrodomundo.com.br\/tempo-negro-temperatura-sufocante-a-atualidade-de-alberto-dines-morto-nesta-terca-aos-86-anos\/jb-ai-5\/\" rel=\"attachment wp-att-224431\"><img data-recalc-dims=\"1\" loading=\"lazy\" decoding=\"async\" class=\"aligncenter size-large wp-image-224431\" src=\"https:\/\/i0.wp.com\/www.diariodocentrodomundo.com.br\/wp-content\/uploads\/2018\/05\/jb-ai-5-600x391.jpg?resize=600%2C391&#038;ssl=1\" sizes=\"auto, (max-width: 600px) 100vw, 600px\" srcset=\"https:\/\/www.diariodocentrodomundo.com.br\/wp-content\/uploads\/2018\/05\/jb-ai-5-600x391.jpg 600w, https:\/\/www.diariodocentrodomundo.com.br\/wp-content\/uploads\/2018\/05\/jb-ai-5-300x196.jpg 300w, https:\/\/www.diariodocentrodomundo.com.br\/wp-content\/uploads\/2018\/05\/jb-ai-5.jpg 627w\" alt=\"\" width=\"600\" height=\"391\" data-attachment-id=\"224431\" data-permalink=\"https:\/\/www.diariodocentrodomundo.com.br\/tempo-negro-temperatura-sufocante-a-atualidade-de-alberto-dines-morto-nesta-terca-aos-86-anos\/jb-ai-5\/\" data-orig-file=\"https:\/\/www.diariodocentrodomundo.com.br\/wp-content\/uploads\/2018\/05\/jb-ai-5.jpg\" data-orig-size=\"627,409\" data-comments-opened=\"1\" data-image-meta=\"{&quot;aperture&quot;:&quot;0&quot;,&quot;credit&quot;:&quot;&quot;,&quot;camera&quot;:&quot;&quot;,&quot;caption&quot;:&quot;&quot;,&quot;created_timestamp&quot;:&quot;0&quot;,&quot;copyright&quot;:&quot;&quot;,&quot;focal_length&quot;:&quot;0&quot;,&quot;iso&quot;:&quot;0&quot;,&quot;shutter_speed&quot;:&quot;0&quot;,&quot;title&quot;:&quot;&quot;,&quot;orientation&quot;:&quot;0&quot;}\" data-image-title=\"JB AI 5\" data-image-description=\"\" data-medium-file=\"https:\/\/www.diariodocentrodomundo.com.br\/wp-content\/uploads\/2018\/05\/jb-ai-5-300x196.jpg\" data-large-file=\"https:\/\/www.diariodocentrodomundo.com.br\/wp-content\/uploads\/2018\/05\/jb-ai-5-600x391.jpg\" \/><\/a><\/p>\n<figure class=\"inline foto horizontal float-none\"><figcaption><\/figcaption><\/figure>\n<p>Quando da promulga\u00e7\u00e3o do Ato Institucional N\u00ba 5 (AI-5), em 13 de dezembro de 1968, coordenou a edi\u00e7\u00e3o da c\u00e9lebre primeira p\u00e1gina que se valeu de recursos como a previs\u00e3o do tempo \u2013 \u201cTempo negro. Temperatura sufocante. O ar est\u00e1 irrespir\u00e1vel. O pa\u00eds est\u00e1 sendo varrido por fortes ventos\u2026\u201d \u2013 e de um an\u00fancio no alto da p\u00e1gina: \u201cOntem foi o dia dos cegos\u201d,\u00a0 como parte de uma estrat\u00e9gia para denunciar a censura imposta \u00e0 reda\u00e7\u00e3o a partir de ent\u00e3o, em consequ\u00eancia da nova ordem pol\u00edtica autorit\u00e1ria instalada.<\/p>\n<figure class=\"inline foto horizontal float-le\"><a class=\"single-image-gallery\" href=\"https:\/\/www.diariodocentrodomundo.com.br\/tempo-negro-temperatura-sufocante-a-atualidade-de-alberto-dines-morto-nesta-terca-aos-86-anos\/jb-tempo-negro\/\" rel=\"attachment wp-att-224430\"><img data-recalc-dims=\"1\" loading=\"lazy\" decoding=\"async\" class=\"alignleft size-full wp-image-224430\" src=\"https:\/\/i0.wp.com\/www.diariodocentrodomundo.com.br\/wp-content\/uploads\/2018\/05\/jb-tempo-negro.jpg?resize=300%2C258&#038;ssl=1\" alt=\"\" width=\"300\" height=\"258\" data-attachment-id=\"224430\" data-permalink=\"https:\/\/www.diariodocentrodomundo.com.br\/tempo-negro-temperatura-sufocante-a-atualidade-de-alberto-dines-morto-nesta-terca-aos-86-anos\/jb-tempo-negro\/\" data-orig-file=\"https:\/\/www.diariodocentrodomundo.com.br\/wp-content\/uploads\/2018\/05\/jb-tempo-negro.jpg\" data-orig-size=\"300,258\" data-comments-opened=\"1\" data-image-meta=\"{&quot;aperture&quot;:&quot;0&quot;,&quot;credit&quot;:&quot;&quot;,&quot;camera&quot;:&quot;&quot;,&quot;caption&quot;:&quot;&quot;,&quot;created_timestamp&quot;:&quot;0&quot;,&quot;copyright&quot;:&quot;&quot;,&quot;focal_length&quot;:&quot;0&quot;,&quot;iso&quot;:&quot;0&quot;,&quot;shutter_speed&quot;:&quot;0&quot;,&quot;title&quot;:&quot;&quot;,&quot;orientation&quot;:&quot;0&quot;}\" data-image-title=\"jb \u2013 tempo negro\" data-image-description=\"\" data-medium-file=\"https:\/\/www.diariodocentrodomundo.com.br\/wp-content\/uploads\/2018\/05\/jb-tempo-negro-300x258.jpg\" data-large-file=\"https:\/\/www.diariodocentrodomundo.com.br\/wp-content\/uploads\/2018\/05\/jb-tempo-negro.jpg\" \/><\/a><figcaption><\/figcaption><\/figure>\n<p>Convidado para ser paraninfo de uma turma da PUC logo ap\u00f3s a edi\u00ad\u00e7\u00e3o do AI-5, fez um discurso criti\u00adcando a censura e, em conse\u00adqu\u00eancia, foi preso em dezembro de 1968 e em janeiro de 1969 e submetido a inqu\u00e9rito. Em 1971, recebeu o pr\u00eamio Maria Moors Cabot da Universidade de Columbia, nos Es\u00adtados Unidos.<\/p>\n<p><b>A capa de Allende<\/b><\/p>\n<p>Foi demitido em 1973 do\u00a0JB, depois de 12 anos como editor. No JB, criou o Departamento de Pesquisa, a Editoria de Fotografia, a Ag\u00eancia JB e os Cadernos de Jornalismo.\u00a0Um dos epis\u00f3dios que marcaram sua passagem pelo jornal foi a cobertura da deposi\u00e7\u00e3o por\u00a0<b><\/b>golpe militar do presidente chileno Salvador Allende, em 11 de setembro de 1973. Como a censura havia proibido a publica\u00e7\u00e3o de qualquer manchete sobre o assunto, Dines coordenou com o diagramador Ezio Esperanza a edi\u00e7\u00e3o de uma primeira p\u00e1gina sem manchete.<\/p>\n<figure class=\"inline foto vertical float-none\"><figcaption><\/figcaption><\/figure>\n<p>Em 1974 deixou, depois de 12 anos, a\u00a0<i>Fatos e Fotos<\/i>, viajando para os Estados Unidos, onde foi professor visitante, durante um ano, na Universidade de Columbia.\u00a0Retor\u00adnou em julho de 1975 e assumiu a chefia da sucursal carioca da\u00a0<i>Folha de S\u00e3o Paulo<\/i>, convidado por Cl\u00e1udio Abramo, diretor de reda\u00e7\u00e3o.\u00a0Em 1980, Dines deixou a\u00a0<i>Folha de S\u00e3o Paulo<\/i>, demitido por Boris Casoy, ap\u00f3s escrever um artigo denunciando a repress\u00e3o do governador Paulo Maluf \u00e0 greve do ABC. Colaborou, durante todo esse ano, no seman\u00e1rio\u00a0<i>O Pasquim<\/i>, onde reeditou a coluna\u00a0<i>Jornal dos jornais<\/i>. Nesse per\u00edodo, escreveu a biografia do escritor Stefan Zweig. Em seguida assumiu o cargo de secre\u00adt\u00e1rio editorial da editora Abril, em S\u00e3o Paulo.<\/p>\n<p><a class=\"single-image-gallery\" href=\"https:\/\/www.diariodocentrodomundo.com.br\/tempo-negro-temperatura-sufocante-a-atualidade-de-alberto-dines-morto-nesta-terca-aos-86-anos\/jb-allende\/\" rel=\"attachment wp-att-224429\"><img data-recalc-dims=\"1\" loading=\"lazy\" decoding=\"async\" class=\"aligncenter wp-image-224429 size-large\" src=\"https:\/\/i0.wp.com\/www.diariodocentrodomundo.com.br\/wp-content\/uploads\/2018\/05\/jb-allende-396x600.jpg?resize=396%2C600&#038;ssl=1\" sizes=\"auto, (max-width: 396px) 100vw, 396px\" srcset=\"https:\/\/www.diariodocentrodomundo.com.br\/wp-content\/uploads\/2018\/05\/jb-allende-396x600.jpg 396w, https:\/\/www.diariodocentrodomundo.com.br\/wp-content\/uploads\/2018\/05\/jb-allende-198x300.jpg 198w, https:\/\/www.diariodocentrodomundo.com.br\/wp-content\/uploads\/2018\/05\/jb-allende-277x420.jpg 277w, https:\/\/www.diariodocentrodomundo.com.br\/wp-content\/uploads\/2018\/05\/jb-allende.jpg 627w\" alt=\"\" width=\"396\" height=\"600\" data-attachment-id=\"224429\" data-permalink=\"https:\/\/www.diariodocentrodomundo.com.br\/tempo-negro-temperatura-sufocante-a-atualidade-de-alberto-dines-morto-nesta-terca-aos-86-anos\/jb-allende\/\" data-orig-file=\"https:\/\/www.diariodocentrodomundo.com.br\/wp-content\/uploads\/2018\/05\/jb-allende.jpg\" data-orig-size=\"627,950\" data-comments-opened=\"1\" data-image-meta=\"{&quot;aperture&quot;:&quot;0&quot;,&quot;credit&quot;:&quot;&quot;,&quot;camera&quot;:&quot;&quot;,&quot;caption&quot;:&quot;&quot;,&quot;created_timestamp&quot;:&quot;0&quot;,&quot;copyright&quot;:&quot;&quot;,&quot;focal_length&quot;:&quot;0&quot;,&quot;iso&quot;:&quot;0&quot;,&quot;shutter_speed&quot;:&quot;0&quot;,&quot;title&quot;:&quot;&quot;,&quot;orientation&quot;:&quot;0&quot;}\" data-image-title=\"jb allende\" data-image-description=\"\" data-medium-file=\"https:\/\/www.diariodocentrodomundo.com.br\/wp-content\/uploads\/2018\/05\/jb-allende-198x300.jpg\" data-large-file=\"https:\/\/www.diariodocentrodomundo.com.br\/wp-content\/uploads\/2018\/05\/jb-allende-396x600.jpg\" \/><\/a><\/p>\n<div id=\"execphp-67\" class=\"td_block_template_1 widget widget_execphp\"><\/div>\n","protected":false},"excerpt":{"rendered":"<p>Publicado no JB &#8211; Faleceu nesta ter\u00e7a-feira (22) Alberto Dines, jornalista, professor universit\u00e1rio, bi\u00f3grafo e escritor. A informa\u00e7\u00e3o foi publicada pela p\u00e1gina do Rep\u00f3rter Brasil, telejornal da TV Brasil, em rede social. Dines ingressou em 1962 no JORNAL DO BRASIL, onde foi respons\u00e1vel por uma profunda reformula\u00e7\u00e3o que levou o jornal a se consolidar na&#8230;<a class=\"more-link\" href=\"http:\/\/blogdalucianaoliveira.com.br\/blog\/2018\/05\/22\/tempo-negro-temperatura-sufocante-a-atualidade-de-alberto-dines-morto-nesta-terca-aos-86-anos\/\">Continue a leitura <span class=\"meta-nav\">&raquo;<\/span><\/a><\/p>\n","protected":false},"author":1,"featured_media":0,"comment_status":"closed","ping_status":"open","sticky":false,"template":"","format":"standard","meta":{"_exactmetrics_skip_tracking":false,"_exactmetrics_sitenote_active":false,"_exactmetrics_sitenote_note":"","_exactmetrics_sitenote_category":0,"jetpack_post_was_ever_published":false,"_jetpack_newsletter_access":"","_jetpack_dont_email_post_to_subs":false,"_jetpack_newsletter_tier_id":0,"_jetpack_memberships_contains_paywalled_content":false,"_jetpack_memberships_contains_paid_content":false,"footnotes":"","jetpack_publicize_message":"","jetpack_publicize_feature_enabled":true,"jetpack_social_post_already_shared":true,"jetpack_social_options":{"image_generator_settings":{"template":"highway","enabled":false},"version":2}},"categories":[1],"tags":[],"class_list":["post-18114","post","type-post","status-publish","format-standard","hentry","category-notas"],"jetpack_publicize_connections":[],"jetpack_sharing_enabled":true,"jetpack_featured_media_url":"","jetpack_shortlink":"https:\/\/wp.me\/p7wKYW-4Ia","jetpack-related-posts":[],"_links":{"self":[{"href":"http:\/\/blogdalucianaoliveira.com.br\/blog\/wp-json\/wp\/v2\/posts\/18114","targetHints":{"allow":["GET"]}}],"collection":[{"href":"http:\/\/blogdalucianaoliveira.com.br\/blog\/wp-json\/wp\/v2\/posts"}],"about":[{"href":"http:\/\/blogdalucianaoliveira.com.br\/blog\/wp-json\/wp\/v2\/types\/post"}],"author":[{"embeddable":true,"href":"http:\/\/blogdalucianaoliveira.com.br\/blog\/wp-json\/wp\/v2\/users\/1"}],"replies":[{"embeddable":true,"href":"http:\/\/blogdalucianaoliveira.com.br\/blog\/wp-json\/wp\/v2\/comments?post=18114"}],"version-history":[{"count":1,"href":"http:\/\/blogdalucianaoliveira.com.br\/blog\/wp-json\/wp\/v2\/posts\/18114\/revisions"}],"predecessor-version":[{"id":18116,"href":"http:\/\/blogdalucianaoliveira.com.br\/blog\/wp-json\/wp\/v2\/posts\/18114\/revisions\/18116"}],"wp:attachment":[{"href":"http:\/\/blogdalucianaoliveira.com.br\/blog\/wp-json\/wp\/v2\/media?parent=18114"}],"wp:term":[{"taxonomy":"category","embeddable":true,"href":"http:\/\/blogdalucianaoliveira.com.br\/blog\/wp-json\/wp\/v2\/categories?post=18114"},{"taxonomy":"post_tag","embeddable":true,"href":"http:\/\/blogdalucianaoliveira.com.br\/blog\/wp-json\/wp\/v2\/tags?post=18114"}],"curies":[{"name":"wp","href":"https:\/\/api.w.org\/{rel}","templated":true}]}}