{"id":18117,"date":"2018-05-22T11:26:08","date_gmt":"2018-05-22T15:26:08","guid":{"rendered":"http:\/\/blogdalucianaoliveira.com.br\/blog\/?p=18117"},"modified":"2018-05-22T11:26:46","modified_gmt":"2018-05-22T15:26:46","slug":"marcelo-zero-o-espantoso-retrocesso-que-temer-promoveu-no-brasil","status":"publish","type":"post","link":"http:\/\/blogdalucianaoliveira.com.br\/blog\/2018\/05\/22\/marcelo-zero-o-espantoso-retrocesso-que-temer-promoveu-no-brasil\/","title":{"rendered":"Marcelo Zero: O espantoso retrocesso que Temer promoveu no Brasil"},"content":{"rendered":"<p><img data-recalc-dims=\"1\" loading=\"lazy\" decoding=\"async\" data-attachment-id=\"18118\" data-permalink=\"http:\/\/blogdalucianaoliveira.com.br\/blog\/2018\/05\/22\/marcelo-zero-o-espantoso-retrocesso-que-temer-promoveu-no-brasil\/zero\/\" data-orig-file=\"https:\/\/i0.wp.com\/blogdalucianaoliveira.com.br\/blog\/wp-content\/uploads\/2018\/05\/zero.png?fit=696%2C463\" data-orig-size=\"696,463\" data-comments-opened=\"0\" data-image-meta=\"{&quot;aperture&quot;:&quot;0&quot;,&quot;credit&quot;:&quot;&quot;,&quot;camera&quot;:&quot;&quot;,&quot;caption&quot;:&quot;&quot;,&quot;created_timestamp&quot;:&quot;0&quot;,&quot;copyright&quot;:&quot;&quot;,&quot;focal_length&quot;:&quot;0&quot;,&quot;iso&quot;:&quot;0&quot;,&quot;shutter_speed&quot;:&quot;0&quot;,&quot;title&quot;:&quot;&quot;,&quot;orientation&quot;:&quot;0&quot;}\" data-image-title=\"zero\" data-image-description=\"\" data-image-caption=\"\" data-medium-file=\"https:\/\/i0.wp.com\/blogdalucianaoliveira.com.br\/blog\/wp-content\/uploads\/2018\/05\/zero.png?fit=300%2C200\" data-large-file=\"https:\/\/i0.wp.com\/blogdalucianaoliveira.com.br\/blog\/wp-content\/uploads\/2018\/05\/zero.png?fit=600%2C399\" class=\"alignnone size-full wp-image-18118\" src=\"https:\/\/i0.wp.com\/blogdalucianaoliveira.com.br\/blog\/wp-content\/uploads\/2018\/05\/zero.png?resize=600%2C399\" alt=\"zero\" width=\"600\" height=\"399\" srcset=\"https:\/\/i0.wp.com\/blogdalucianaoliveira.com.br\/blog\/wp-content\/uploads\/2018\/05\/zero.png?w=696 696w, https:\/\/i0.wp.com\/blogdalucianaoliveira.com.br\/blog\/wp-content\/uploads\/2018\/05\/zero.png?resize=300%2C200 300w, https:\/\/i0.wp.com\/blogdalucianaoliveira.com.br\/blog\/wp-content\/uploads\/2018\/05\/zero.png?resize=451%2C300 451w\" sizes=\"auto, (max-width: 600px) 100vw, 600px\" \/><\/p>\n<div class=\"td-post-content\">\n<p class=\"wp-caption-text\"><strong>200 anos em 2 &#8211;\u00a0<\/strong><strong>por Marcelo Zero<\/strong><\/p>\n<p>O marketing do governo do Golpe foi t\u00edmido.<\/p>\n<p>Afirmou que o Brasil voltou 20 anos em 2.<!--more--><\/p>\n<p>Trata-se de mod\u00e9stia excessiva.<\/p>\n<p>O slogan n\u00e3o faz jus \u00e0 herc\u00falea tarefa regressiva e destrutiva que o atual governo ileg\u00edtimo submete o pa\u00eds e seu povo.<\/p>\n<p>Nunca se destruiu tanto em t\u00e3o pouco tempo. Sequer \u00c1tila, o huno, chega perto.<\/p>\n<p>Aqui v\u00e3o alguns poucos exemplos dessa fenomenal proeza pol\u00edtica, social e econ\u00f4mica.<\/p>\n<p>A presidenta honesta e leg\u00edtima foi afastada do poder, sem cometimento de crime de responsabilidade, num aut\u00eantico golpe de Estado que rompeu com as regras do jogo democr\u00e1tico estabelecidas na Constitui\u00e7\u00e3o de 1988.<br \/>\nTodo o progresso democr\u00e1tico duramente obtido ao longo de d\u00e9cadas de luta foi cinicamente revertido e a soberania popular foi desmontada. Voltamos a ser uma lament\u00e1vel republiqueta de bananas.<\/p>\n<p>Na esteira da ruptura democr\u00e1tica, gerou-se um Estado de Exce\u00e7\u00e3o<\/p>\n<div class=\"td-paragraph-padding-0\">\n<p>Continue lendo no\u00a0<a href=\"https:\/\/www.viomundo.com.br\/voce-escreve\/marcelo-zero-o-espantoso-retrocesso-que-temer-promoveu-no-brasil.html\" target=\"_blank\">Vi o Mundo<\/a>.<\/p>\n<\/div>\n<\/div>\n<p>&nbsp;<\/p>\n<footer><\/footer>\n","protected":false},"excerpt":{"rendered":"<p>200 anos em 2 &#8211;\u00a0por Marcelo Zero O marketing do governo do Golpe foi t\u00edmido. Afirmou que o Brasil voltou 20 anos em 2.<\/p>\n","protected":false},"author":1,"featured_media":0,"comment_status":"closed","ping_status":"open","sticky":false,"template":"","format":"standard","meta":{"_exactmetrics_skip_tracking":false,"_exactmetrics_sitenote_active":false,"_exactmetrics_sitenote_note":"","_exactmetrics_sitenote_category":0,"jetpack_post_was_ever_published":false,"_jetpack_newsletter_access":"","_jetpack_dont_email_post_to_subs":false,"_jetpack_newsletter_tier_id":0,"_jetpack_memberships_contains_paywalled_content":false,"_jetpack_memberships_contains_paid_content":false,"footnotes":"","jetpack_publicize_message":"","jetpack_publicize_feature_enabled":true,"jetpack_social_post_already_shared":true,"jetpack_social_options":{"image_generator_settings":{"template":"highway","enabled":false},"version":2}},"categories":[1],"tags":[],"class_list":["post-18117","post","type-post","status-publish","format-standard","hentry","category-notas"],"jetpack_publicize_connections":[],"jetpack_sharing_enabled":true,"jetpack_featured_media_url":"","jetpack_shortlink":"https:\/\/wp.me\/p7wKYW-4Id","jetpack-related-posts":[],"_links":{"self":[{"href":"http:\/\/blogdalucianaoliveira.com.br\/blog\/wp-json\/wp\/v2\/posts\/18117","targetHints":{"allow":["GET"]}}],"collection":[{"href":"http:\/\/blogdalucianaoliveira.com.br\/blog\/wp-json\/wp\/v2\/posts"}],"about":[{"href":"http:\/\/blogdalucianaoliveira.com.br\/blog\/wp-json\/wp\/v2\/types\/post"}],"author":[{"embeddable":true,"href":"http:\/\/blogdalucianaoliveira.com.br\/blog\/wp-json\/wp\/v2\/users\/1"}],"replies":[{"embeddable":true,"href":"http:\/\/blogdalucianaoliveira.com.br\/blog\/wp-json\/wp\/v2\/comments?post=18117"}],"version-history":[{"count":2,"href":"http:\/\/blogdalucianaoliveira.com.br\/blog\/wp-json\/wp\/v2\/posts\/18117\/revisions"}],"predecessor-version":[{"id":18120,"href":"http:\/\/blogdalucianaoliveira.com.br\/blog\/wp-json\/wp\/v2\/posts\/18117\/revisions\/18120"}],"wp:attachment":[{"href":"http:\/\/blogdalucianaoliveira.com.br\/blog\/wp-json\/wp\/v2\/media?parent=18117"}],"wp:term":[{"taxonomy":"category","embeddable":true,"href":"http:\/\/blogdalucianaoliveira.com.br\/blog\/wp-json\/wp\/v2\/categories?post=18117"},{"taxonomy":"post_tag","embeddable":true,"href":"http:\/\/blogdalucianaoliveira.com.br\/blog\/wp-json\/wp\/v2\/tags?post=18117"}],"curies":[{"name":"wp","href":"https:\/\/api.w.org\/{rel}","templated":true}]}}