{"id":18121,"date":"2018-05-22T11:49:49","date_gmt":"2018-05-22T15:49:49","guid":{"rendered":"http:\/\/blogdalucianaoliveira.com.br\/blog\/?p=18121"},"modified":"2018-05-22T14:28:39","modified_gmt":"2018-05-22T18:28:39","slug":"exclusivo-processo-onde-cassol-e-acusado-de-receber-propina-de-r-2-milhoes-para-favorecer-santo-antonio-sera-julgado-em-rondonia","status":"publish","type":"post","link":"http:\/\/blogdalucianaoliveira.com.br\/blog\/2018\/05\/22\/exclusivo-processo-onde-cassol-e-acusado-de-receber-propina-de-r-2-milhoes-para-favorecer-santo-antonio-sera-julgado-em-rondonia\/","title":{"rendered":"Exclusivo \u2013 Processo onde Cassol \u00e9 acusado de receber propina de R$ 2 milh\u00f5es para favorecer Santo Ant\u00f4nio ser\u00e1 julgado em Rond\u00f4nia"},"content":{"rendered":"<p><img data-recalc-dims=\"1\" loading=\"lazy\" decoding=\"async\" data-attachment-id=\"18122\" data-permalink=\"http:\/\/blogdalucianaoliveira.com.br\/blog\/2018\/05\/22\/exclusivo-processo-onde-cassol-e-acusado-de-receber-propina-de-r-2-milhoes-para-favorecer-santo-antonio-sera-julgado-em-rondonia\/cassoles\/\" data-orig-file=\"https:\/\/i0.wp.com\/blogdalucianaoliveira.com.br\/blog\/wp-content\/uploads\/2018\/05\/cassoles.jpg?fit=960%2C640\" data-orig-size=\"960,640\" data-comments-opened=\"0\" data-image-meta=\"{&quot;aperture&quot;:&quot;0&quot;,&quot;credit&quot;:&quot;&quot;,&quot;camera&quot;:&quot;&quot;,&quot;caption&quot;:&quot;&quot;,&quot;created_timestamp&quot;:&quot;0&quot;,&quot;copyright&quot;:&quot;&quot;,&quot;focal_length&quot;:&quot;0&quot;,&quot;iso&quot;:&quot;0&quot;,&quot;shutter_speed&quot;:&quot;0&quot;,&quot;title&quot;:&quot;&quot;,&quot;orientation&quot;:&quot;1&quot;}\" data-image-title=\"cassoles\" data-image-description=\"\" data-image-caption=\"\" data-medium-file=\"https:\/\/i0.wp.com\/blogdalucianaoliveira.com.br\/blog\/wp-content\/uploads\/2018\/05\/cassoles.jpg?fit=300%2C200\" data-large-file=\"https:\/\/i0.wp.com\/blogdalucianaoliveira.com.br\/blog\/wp-content\/uploads\/2018\/05\/cassoles.jpg?fit=600%2C400\" class=\"alignnone size-full wp-image-18122\" src=\"https:\/\/i0.wp.com\/blogdalucianaoliveira.com.br\/blog\/wp-content\/uploads\/2018\/05\/cassoles.jpg?resize=600%2C400\" alt=\"cassoles\" width=\"600\" height=\"400\" srcset=\"https:\/\/i0.wp.com\/blogdalucianaoliveira.com.br\/blog\/wp-content\/uploads\/2018\/05\/cassoles.jpg?w=960 960w, https:\/\/i0.wp.com\/blogdalucianaoliveira.com.br\/blog\/wp-content\/uploads\/2018\/05\/cassoles.jpg?resize=300%2C200 300w, https:\/\/i0.wp.com\/blogdalucianaoliveira.com.br\/blog\/wp-content\/uploads\/2018\/05\/cassoles.jpg?resize=768%2C512 768w, https:\/\/i0.wp.com\/blogdalucianaoliveira.com.br\/blog\/wp-content\/uploads\/2018\/05\/cassoles.jpg?resize=450%2C300 450w\" sizes=\"auto, (max-width: 600px) 100vw, 600px\" \/><\/p>\n<p><em>O ministro Edson Fachin, relator do inqu\u00e9rito, declarou a incompet\u00eancia do STF para julgar o feito<\/em><!--more--><\/p>\n<p><strong>POR ROND\u00d4NIA DIN\u00c2MICA<\/strong><\/p>\n<p><span style=\"font-size: 18px;\"><span style=\"font-family: Georgia,serif;\"><strong>Porto Velho, RO \u2013<\/strong> O senador Ivo Cassol (PP), ex-governador de Rond\u00f4nia, e o ex-secret\u00e1rio de Planejamento Jo\u00e3o Carlos Gon\u00e7alves Ribeiro, delatados pelo colaborador Henrique Sarrano do Prado Valladares, s\u00e3o apontados, respectivamente, como \u201cMa\u00e7aranduba\u201d e \u201cDallas\u201d na lista de propina distribu\u00edda pelo Setor de Opera\u00e7\u00f5es Estruturadas do Grupo Odebrecht. <\/span><\/span><\/p>\n<p><span style=\"font-size: 18px;\"><span style=\"font-family: Georgia,serif;\">O esquema fora investigado no \u00e2mbito da Opera\u00e7\u00e3o Lava Jato.<\/span><\/span><\/p>\n<p><span style=\"font-size: 18px;\"><span style=\"font-family: Georgia,serif;\">Cassol e Jo\u00e3o Carlos teriam recebido R$ 3 milh\u00f5es (Cassol, R$ 2 mi; Ribeiro, R$ 1 mi) como contrapartida ao favorecimento em certames administrativos atinentes \u00e0 execu\u00e7\u00e3o das obras da Usina Hidrel\u00e9trica de Santo Ant\u00f4nio, integrante do Projeto Madeira.<\/span><\/span><\/p>\n<p><span style=\"font-size: 18px;\"><span style=\"font-family: Georgia,serif;\">O inqu\u00e9rito tramitava at\u00e9 h\u00e1 pouco no Supremo Tribunal Federal (STF) sob relatoria do ministro Edson Fachin.<\/span><\/span><\/p>\n<p><span style=\"font-size: 18px;\"><span style=\"font-family: Georgia,serif;\">Fachin, no entanto, apontou que o Plen\u00e1rio do STF, ao julgar Quest\u00e3o de Ordem suscitada nos autos da AP 937, de relatoria do ministro Lu\u00eds Roberto Barroso, decidiu \u201cque a compet\u00eancia desta Corte para processar e julgar parlamentares, nos termos do art. 102, I, b, da Constitui\u00e7\u00e3o Federal, restringe-se aos delitos praticados no exerc\u00edcio e em raz\u00e3o da fun\u00e7\u00e3o p\u00fablica\u201d.<\/span><\/span><\/p>\n<p><span style=\"font-size: 18px;\"><span style=\"font-family: Georgia,serif;\">No caso em quest\u00e3o, o relator asseverou, em decis\u00e3o proferida na \u00faltima sexta-feira (18), que fatos atribu\u00eddos ao atual senador da Rep\u00fablica Ivo Cassol foram supostamente praticados \u00e0 \u00e9poca em que investido no cargo de governador do Estado de Rond\u00f4nia, \u201ccen\u00e1rio no qual n\u00e3o se enquadram os requisitos de fixa\u00e7\u00e3o da compet\u00eancia deste Supremo Tribunal Federal para processo e julgamento de parlamentares\u201d.<\/span><\/span><\/p>\n<p><span style=\"font-size: 18px;\"><span style=\"font-family: Georgia,serif;\">Tal circunst\u00e2ncia evidencia, continuou Fachin, a inexist\u00eancia de motivo apto a justificar o prosseguimento \u201cdesta causa penal no \u00e2mbito restrito desta jurisdi\u00e7\u00e3o especial, o que determina o envio dos autos a uma das Varas Criminais da Se\u00e7\u00e3o Judici\u00e1ria do Estado de Rond\u00f4nia\/RO, nos termos do art. 69, I, do C\u00f3digo de Processo Penal c\/c o art. 109, IV, 2\u00aa parte, da Constitui\u00e7\u00e3o Federal, sem preju\u00edzo de an\u00e1lise por esse ju\u00edzo da compet\u00eancia especializada\u201d.<\/span><\/span><\/p>\n<p><strong><span style=\"font-size: 18px;\"><span style=\"font-family: Georgia,serif;\">Celeridade<\/span><\/span><\/strong><\/p>\n<p><span style=\"font-size: 18px;\"><span style=\"font-family: Georgia,serif;\">Por fim, o ministro Fachin reconheceu a \u00a0incompet\u00eancia do STF para julg\u00e1-los e, logo em seguida, determinou a \u201cimediata remessa deste inqu\u00e9rito a uma das Varas Criminais Federais da Se\u00e7\u00e3o Judici\u00e1ria do Estado de Rond\u00f4nia\/RO, a quem se recomenda celeridade no prosseguimento do feito\u201d.<\/span><\/span><\/p>\n<p><u><strong><span style=\"font-size: 18px;\"><span style=\"font-family: Georgia,serif;\">Confira abaixo a \u00edntegra da decis\u00e3o<\/span><\/span><\/strong><\/u><\/p>\n<p><u><strong><span style=\"font-size: 18px;\"><span style=\"font-family: Georgia,serif;\"><img data-recalc-dims=\"1\" decoding=\"async\" class=\"entry-thumb\" src=\"https:\/\/i0.wp.com\/www.rondoniadinamica.com\/uploads\/fachin-01.jpg?w=600\" alt=\"\" \/><\/span><\/span><\/strong><\/u><\/p>\n<p><u><strong><span style=\"font-size: 18px;\"><span style=\"font-family: Georgia,serif;\"><img data-recalc-dims=\"1\" decoding=\"async\" class=\"entry-thumb\" style=\"height: 842px; width: 700px;\" src=\"https:\/\/i0.wp.com\/rondoniadinamica.com\/uploads\/fachin-cassol-22052018-2.jpg?w=600\" alt=\"\" \/><\/span><\/span><\/strong><\/u><\/p>\n<p><u><strong><span style=\"font-size: 18px;\"><span style=\"font-family: Georgia,serif;\"><img data-recalc-dims=\"1\" decoding=\"async\" class=\"entry-thumb\" src=\"https:\/\/i0.wp.com\/rondoniadinamica.com\/uploads\/fachin-cassol-22052018-3.jpg?w=600\" alt=\"\" \/><\/span><\/span><\/strong><\/u><\/p>\n","protected":false},"excerpt":{"rendered":"<p>O ministro Edson Fachin, relator do inqu\u00e9rito, declarou a incompet\u00eancia do STF para julgar o feito<\/p>\n","protected":false},"author":1,"featured_media":0,"comment_status":"closed","ping_status":"open","sticky":false,"template":"","format":"standard","meta":{"_exactmetrics_skip_tracking":false,"_exactmetrics_sitenote_active":false,"_exactmetrics_sitenote_note":"","_exactmetrics_sitenote_category":0,"jetpack_post_was_ever_published":false,"_jetpack_newsletter_access":"","_jetpack_dont_email_post_to_subs":false,"_jetpack_newsletter_tier_id":0,"_jetpack_memberships_contains_paywalled_content":false,"_jetpack_memberships_contains_paid_content":false,"footnotes":"","jetpack_publicize_message":"","jetpack_publicize_feature_enabled":true,"jetpack_social_post_already_shared":true,"jetpack_social_options":{"image_generator_settings":{"template":"highway","enabled":false},"version":2}},"categories":[1],"tags":[],"class_list":["post-18121","post","type-post","status-publish","format-standard","hentry","category-notas"],"jetpack_publicize_connections":[],"jetpack_sharing_enabled":true,"jetpack_featured_media_url":"","jetpack_shortlink":"https:\/\/wp.me\/p7wKYW-4Ih","jetpack-related-posts":[],"_links":{"self":[{"href":"http:\/\/blogdalucianaoliveira.com.br\/blog\/wp-json\/wp\/v2\/posts\/18121","targetHints":{"allow":["GET"]}}],"collection":[{"href":"http:\/\/blogdalucianaoliveira.com.br\/blog\/wp-json\/wp\/v2\/posts"}],"about":[{"href":"http:\/\/blogdalucianaoliveira.com.br\/blog\/wp-json\/wp\/v2\/types\/post"}],"author":[{"embeddable":true,"href":"http:\/\/blogdalucianaoliveira.com.br\/blog\/wp-json\/wp\/v2\/users\/1"}],"replies":[{"embeddable":true,"href":"http:\/\/blogdalucianaoliveira.com.br\/blog\/wp-json\/wp\/v2\/comments?post=18121"}],"version-history":[{"count":2,"href":"http:\/\/blogdalucianaoliveira.com.br\/blog\/wp-json\/wp\/v2\/posts\/18121\/revisions"}],"predecessor-version":[{"id":18138,"href":"http:\/\/blogdalucianaoliveira.com.br\/blog\/wp-json\/wp\/v2\/posts\/18121\/revisions\/18138"}],"wp:attachment":[{"href":"http:\/\/blogdalucianaoliveira.com.br\/blog\/wp-json\/wp\/v2\/media?parent=18121"}],"wp:term":[{"taxonomy":"category","embeddable":true,"href":"http:\/\/blogdalucianaoliveira.com.br\/blog\/wp-json\/wp\/v2\/categories?post=18121"},{"taxonomy":"post_tag","embeddable":true,"href":"http:\/\/blogdalucianaoliveira.com.br\/blog\/wp-json\/wp\/v2\/tags?post=18121"}],"curies":[{"name":"wp","href":"https:\/\/api.w.org\/{rel}","templated":true}]}}