{"id":18125,"date":"2018-05-22T12:15:05","date_gmt":"2018-05-22T16:15:05","guid":{"rendered":"http:\/\/blogdalucianaoliveira.com.br\/blog\/?p=18125"},"modified":"2018-05-22T12:23:04","modified_gmt":"2018-05-22T16:23:04","slug":"fuleirizaram-as-cores-da-bandeira-e-o-conceito-de-patriotismo","status":"publish","type":"post","link":"http:\/\/blogdalucianaoliveira.com.br\/blog\/2018\/05\/22\/fuleirizaram-as-cores-da-bandeira-e-o-conceito-de-patriotismo\/","title":{"rendered":"\u2018Fuleirizaram\u2019 as cores da bandeira e o conceito de patriotismo"},"content":{"rendered":"<p><img data-recalc-dims=\"1\" loading=\"lazy\" decoding=\"async\" data-attachment-id=\"18130\" data-permalink=\"http:\/\/blogdalucianaoliveira.com.br\/blog\/2018\/05\/22\/fuleirizaram-as-cores-da-bandeira-e-o-conceito-de-patriotismo\/ovo\/\" data-orig-file=\"https:\/\/i0.wp.com\/blogdalucianaoliveira.com.br\/blog\/wp-content\/uploads\/2018\/05\/ovo.jpg?fit=960%2C639\" data-orig-size=\"960,639\" data-comments-opened=\"0\" data-image-meta=\"{&quot;aperture&quot;:&quot;0&quot;,&quot;credit&quot;:&quot;&quot;,&quot;camera&quot;:&quot;&quot;,&quot;caption&quot;:&quot;&quot;,&quot;created_timestamp&quot;:&quot;0&quot;,&quot;copyright&quot;:&quot;&quot;,&quot;focal_length&quot;:&quot;0&quot;,&quot;iso&quot;:&quot;0&quot;,&quot;shutter_speed&quot;:&quot;0&quot;,&quot;title&quot;:&quot;&quot;,&quot;orientation&quot;:&quot;0&quot;}\" data-image-title=\"ovo\" data-image-description=\"\" data-image-caption=\"\" data-medium-file=\"https:\/\/i0.wp.com\/blogdalucianaoliveira.com.br\/blog\/wp-content\/uploads\/2018\/05\/ovo.jpg?fit=300%2C200\" data-large-file=\"https:\/\/i0.wp.com\/blogdalucianaoliveira.com.br\/blog\/wp-content\/uploads\/2018\/05\/ovo.jpg?fit=600%2C399\" src=\"https:\/\/i0.wp.com\/blogdalucianaoliveira.com.br\/blog\/wp-content\/uploads\/2018\/05\/ovo.jpg?resize=600%2C399\" alt=\"ovo\" width=\"600\" height=\"399\" class=\"alignnone size-full wp-image-18130\" srcset=\"https:\/\/i0.wp.com\/blogdalucianaoliveira.com.br\/blog\/wp-content\/uploads\/2018\/05\/ovo.jpg?w=960 960w, https:\/\/i0.wp.com\/blogdalucianaoliveira.com.br\/blog\/wp-content\/uploads\/2018\/05\/ovo.jpg?resize=300%2C200 300w, https:\/\/i0.wp.com\/blogdalucianaoliveira.com.br\/blog\/wp-content\/uploads\/2018\/05\/ovo.jpg?resize=768%2C511 768w, https:\/\/i0.wp.com\/blogdalucianaoliveira.com.br\/blog\/wp-content\/uploads\/2018\/05\/ovo.jpg?resize=451%2C300 451w\" sizes=\"auto, (max-width: 600px) 100vw, 600px\" \/><\/p>\n<p>O mercado alerta para o des\u00e2nimo do brasileiro em usar camisetas nas cores da bandeira brasileira. <\/p>\n<p>A oficial, ent\u00e3o, corre risco de encalhar pelo pre\u00e7o e por carregar o estigma da CBF que de nacionalismo n\u00e3o simboliza nada, tantos foram os esc\u00e2ndalos de corrup\u00e7\u00e3o em que se meteu.<!--more--><\/p>\n<p>O esquema de propinas da \u00faltima Copa no Brasil foi muito mais vergonhoso que o 7 x1 pra Alemanha que mandou nossa sele\u00e7\u00e3o de volta para casa com o rabo entre as pernas.<\/p>\n<p>Doeu, mas a falta de entusiasmo de muitos brasileiros em se enfeitar para o mundial tem a ver mesmo, com os protestos que potencializaram o golpe de 2016.<\/p>\n<p>As cores da nossa bandeira vestiram as manifesta\u00e7\u00f5es organizadas por movimentos com falso nacionalismo. <\/p>\n<p>A turba golpista calou para o governo com mais ministros corruptos por metro quadrado, para a perda de direitos dos trabalhadores, para o desmonte de pol\u00edticas sociais e sobretudo, para a entrega de riquezas naturais do pais ao capital estrangeiro.<\/p>\n<p>H\u00e1 um sentimento de medo de que quem usar as cores do nosso maior s\u00edmbolo possa ser confundido com um torcedor do golpe.<\/p>\n<p><img data-recalc-dims=\"1\" loading=\"lazy\" decoding=\"async\" data-attachment-id=\"18127\" data-permalink=\"http:\/\/blogdalucianaoliveira.com.br\/blog\/2018\/05\/22\/fuleirizaram-as-cores-da-bandeira-e-o-conceito-de-patriotismo\/va-3\/\" data-orig-file=\"https:\/\/i0.wp.com\/blogdalucianaoliveira.com.br\/blog\/wp-content\/uploads\/2018\/05\/va.jpg?fit=535%2C275\" data-orig-size=\"535,275\" data-comments-opened=\"0\" data-image-meta=\"{&quot;aperture&quot;:&quot;0&quot;,&quot;credit&quot;:&quot;&quot;,&quot;camera&quot;:&quot;&quot;,&quot;caption&quot;:&quot;&quot;,&quot;created_timestamp&quot;:&quot;0&quot;,&quot;copyright&quot;:&quot;&quot;,&quot;focal_length&quot;:&quot;0&quot;,&quot;iso&quot;:&quot;0&quot;,&quot;shutter_speed&quot;:&quot;0&quot;,&quot;title&quot;:&quot;&quot;,&quot;orientation&quot;:&quot;0&quot;}\" data-image-title=\"va\" data-image-description=\"\" data-image-caption=\"\" data-medium-file=\"https:\/\/i0.wp.com\/blogdalucianaoliveira.com.br\/blog\/wp-content\/uploads\/2018\/05\/va.jpg?fit=300%2C154\" data-large-file=\"https:\/\/i0.wp.com\/blogdalucianaoliveira.com.br\/blog\/wp-content\/uploads\/2018\/05\/va.jpg?fit=535%2C275\" src=\"https:\/\/i0.wp.com\/blogdalucianaoliveira.com.br\/blog\/wp-content\/uploads\/2018\/05\/va.jpg?resize=535%2C275\" alt=\"va\" width=\"535\" height=\"275\" class=\"alignnone size-full wp-image-18127\" srcset=\"https:\/\/i0.wp.com\/blogdalucianaoliveira.com.br\/blog\/wp-content\/uploads\/2018\/05\/va.jpg?w=535 535w, https:\/\/i0.wp.com\/blogdalucianaoliveira.com.br\/blog\/wp-content\/uploads\/2018\/05\/va.jpg?resize=300%2C154 300w\" sizes=\"auto, (max-width: 535px) 100vw, 535px\" \/><\/p>\n<p>Houve uma \u2018fuleiriza\u00e7\u00e3o\u2019 da nossa bandeira e do conceito de patriotismo. A devo\u00e7\u00e3o e o amor a p\u00e1tria, foram banalizadas ao extremo.<\/p>\n<p>Tanto, que na maior vitrine cultural do pais, o carnaval do Rio de Janeiro, a vice-campe\u00e3 debochou com uma ala dedicada \u00e0 sele\u00e7\u00e3o da Fiesp que lutou para perder direitos.<\/p>\n<p><img data-recalc-dims=\"1\" loading=\"lazy\" decoding=\"async\" data-attachment-id=\"18128\" data-permalink=\"http:\/\/blogdalucianaoliveira.com.br\/blog\/2018\/05\/22\/fuleirizaram-as-cores-da-bandeira-e-o-conceito-de-patriotismo\/tuiuti-manipulados\/\" data-orig-file=\"https:\/\/i0.wp.com\/blogdalucianaoliveira.com.br\/blog\/wp-content\/uploads\/2018\/05\/tuiuti-manipulados.jpg?fit=790%2C406\" data-orig-size=\"790,406\" data-comments-opened=\"0\" data-image-meta=\"{&quot;aperture&quot;:&quot;0&quot;,&quot;credit&quot;:&quot;&quot;,&quot;camera&quot;:&quot;&quot;,&quot;caption&quot;:&quot;&quot;,&quot;created_timestamp&quot;:&quot;0&quot;,&quot;copyright&quot;:&quot;&quot;,&quot;focal_length&quot;:&quot;0&quot;,&quot;iso&quot;:&quot;0&quot;,&quot;shutter_speed&quot;:&quot;0&quot;,&quot;title&quot;:&quot;&quot;,&quot;orientation&quot;:&quot;0&quot;}\" data-image-title=\"tuiuti-manipulados\" data-image-description=\"\" data-image-caption=\"\" data-medium-file=\"https:\/\/i0.wp.com\/blogdalucianaoliveira.com.br\/blog\/wp-content\/uploads\/2018\/05\/tuiuti-manipulados.jpg?fit=300%2C154\" data-large-file=\"https:\/\/i0.wp.com\/blogdalucianaoliveira.com.br\/blog\/wp-content\/uploads\/2018\/05\/tuiuti-manipulados.jpg?fit=600%2C308\" src=\"https:\/\/i0.wp.com\/blogdalucianaoliveira.com.br\/blog\/wp-content\/uploads\/2018\/05\/tuiuti-manipulados.jpg?resize=600%2C308\" alt=\"tuiuti-manipulados\" width=\"600\" height=\"308\" class=\"alignnone size-full wp-image-18128\" srcset=\"https:\/\/i0.wp.com\/blogdalucianaoliveira.com.br\/blog\/wp-content\/uploads\/2018\/05\/tuiuti-manipulados.jpg?w=790 790w, https:\/\/i0.wp.com\/blogdalucianaoliveira.com.br\/blog\/wp-content\/uploads\/2018\/05\/tuiuti-manipulados.jpg?resize=300%2C154 300w, https:\/\/i0.wp.com\/blogdalucianaoliveira.com.br\/blog\/wp-content\/uploads\/2018\/05\/tuiuti-manipulados.jpg?resize=768%2C395 768w, https:\/\/i0.wp.com\/blogdalucianaoliveira.com.br\/blog\/wp-content\/uploads\/2018\/05\/tuiuti-manipulados.jpg?resize=584%2C300 584w\" sizes=\"auto, (max-width: 600px) 100vw, 600px\" \/><\/p>\n<p>Para assistir aos jogos, sorrir ou chorar, vou me vestir com as cores da bandeira brasileira, mas acrescentarei a frase: n\u00e3o apoiei o golpe.<\/p>\n<p>Eles patos, eu canarinho que canta pela soberania do voto e do pa\u00eds.<\/p>\n<p>A torcida do golpe \u00e9 que deve se sentir desconfort\u00e1vel em usar o verde e amarelo.<\/p>\n<p>Eu n\u00e3o.<\/p>\n","protected":false},"excerpt":{"rendered":"<p>O mercado alerta para o des\u00e2nimo do brasileiro em usar camisetas nas cores da bandeira brasileira. A oficial, ent\u00e3o, corre risco de encalhar pelo pre\u00e7o e por carregar o estigma da CBF que de nacionalismo n\u00e3o simboliza nada, tantos foram os esc\u00e2ndalos de corrup\u00e7\u00e3o em que se meteu.<\/p>\n","protected":false},"author":1,"featured_media":0,"comment_status":"closed","ping_status":"open","sticky":false,"template":"","format":"standard","meta":{"_exactmetrics_skip_tracking":false,"_exactmetrics_sitenote_active":false,"_exactmetrics_sitenote_note":"","_exactmetrics_sitenote_category":0,"jetpack_post_was_ever_published":false,"_jetpack_newsletter_access":"","_jetpack_dont_email_post_to_subs":false,"_jetpack_newsletter_tier_id":0,"_jetpack_memberships_contains_paywalled_content":false,"_jetpack_memberships_contains_paid_content":false,"footnotes":"","jetpack_publicize_message":"","jetpack_publicize_feature_enabled":true,"jetpack_social_post_already_shared":true,"jetpack_social_options":{"image_generator_settings":{"template":"highway","enabled":false},"version":2}},"categories":[1],"tags":[],"class_list":["post-18125","post","type-post","status-publish","format-standard","hentry","category-notas"],"jetpack_publicize_connections":[],"jetpack_sharing_enabled":true,"jetpack_featured_media_url":"","jetpack_shortlink":"https:\/\/wp.me\/p7wKYW-4Il","jetpack-related-posts":[],"_links":{"self":[{"href":"http:\/\/blogdalucianaoliveira.com.br\/blog\/wp-json\/wp\/v2\/posts\/18125","targetHints":{"allow":["GET"]}}],"collection":[{"href":"http:\/\/blogdalucianaoliveira.com.br\/blog\/wp-json\/wp\/v2\/posts"}],"about":[{"href":"http:\/\/blogdalucianaoliveira.com.br\/blog\/wp-json\/wp\/v2\/types\/post"}],"author":[{"embeddable":true,"href":"http:\/\/blogdalucianaoliveira.com.br\/blog\/wp-json\/wp\/v2\/users\/1"}],"replies":[{"embeddable":true,"href":"http:\/\/blogdalucianaoliveira.com.br\/blog\/wp-json\/wp\/v2\/comments?post=18125"}],"version-history":[{"count":5,"href":"http:\/\/blogdalucianaoliveira.com.br\/blog\/wp-json\/wp\/v2\/posts\/18125\/revisions"}],"predecessor-version":[{"id":18134,"href":"http:\/\/blogdalucianaoliveira.com.br\/blog\/wp-json\/wp\/v2\/posts\/18125\/revisions\/18134"}],"wp:attachment":[{"href":"http:\/\/blogdalucianaoliveira.com.br\/blog\/wp-json\/wp\/v2\/media?parent=18125"}],"wp:term":[{"taxonomy":"category","embeddable":true,"href":"http:\/\/blogdalucianaoliveira.com.br\/blog\/wp-json\/wp\/v2\/categories?post=18125"},{"taxonomy":"post_tag","embeddable":true,"href":"http:\/\/blogdalucianaoliveira.com.br\/blog\/wp-json\/wp\/v2\/tags?post=18125"}],"curies":[{"name":"wp","href":"https:\/\/api.w.org\/{rel}","templated":true}]}}