{"id":18135,"date":"2018-05-22T12:29:58","date_gmt":"2018-05-22T16:29:58","guid":{"rendered":"http:\/\/blogdalucianaoliveira.com.br\/blog\/?p=18135"},"modified":"2018-05-22T12:29:58","modified_gmt":"2018-05-22T16:29:58","slug":"sindur-protocola-denuncias-no-mpf-e-tcu-sobre-reconhecimento-de-divida-da-ceron-no-valor-de-mais-de-2-bilhoes-e-600-milhoes-de-reais","status":"publish","type":"post","link":"http:\/\/blogdalucianaoliveira.com.br\/blog\/2018\/05\/22\/sindur-protocola-denuncias-no-mpf-e-tcu-sobre-reconhecimento-de-divida-da-ceron-no-valor-de-mais-de-2-bilhoes-e-600-milhoes-de-reais\/","title":{"rendered":"SINDUR PROTOCOLA DEN\u00daNCIAS NO MPF E TCU SOBRE RECONHECIMENTO DE D\u00cdVIDA DA CERON NO VALOR DE MAIS DE 2 BILH\u00d5ES E 600 MILH\u00d5ES DE REAIS"},"content":{"rendered":"<p><img data-recalc-dims=\"1\" loading=\"lazy\" decoding=\"async\" data-attachment-id=\"18136\" data-permalink=\"http:\/\/blogdalucianaoliveira.com.br\/blog\/2018\/05\/22\/sindur-protocola-denuncias-no-mpf-e-tcu-sobre-reconhecimento-de-divida-da-ceron-no-valor-de-mais-de-2-bilhoes-e-600-milhoes-de-reais\/ceron-publica-02-214x140\/\" data-orig-file=\"https:\/\/i0.wp.com\/blogdalucianaoliveira.com.br\/blog\/wp-content\/uploads\/2018\/05\/CERON-P%C3%9ABLICA-02-214x140.jpg?fit=214%2C140\" data-orig-size=\"214,140\" data-comments-opened=\"0\" data-image-meta=\"{&quot;aperture&quot;:&quot;0&quot;,&quot;credit&quot;:&quot;&quot;,&quot;camera&quot;:&quot;&quot;,&quot;caption&quot;:&quot;&quot;,&quot;created_timestamp&quot;:&quot;0&quot;,&quot;copyright&quot;:&quot;&quot;,&quot;focal_length&quot;:&quot;0&quot;,&quot;iso&quot;:&quot;0&quot;,&quot;shutter_speed&quot;:&quot;0&quot;,&quot;title&quot;:&quot;&quot;,&quot;orientation&quot;:&quot;0&quot;}\" data-image-title=\"CERON-P\u00daBLICA-02-214&amp;#215;140\" data-image-description=\"\" data-image-caption=\"\" data-medium-file=\"https:\/\/i0.wp.com\/blogdalucianaoliveira.com.br\/blog\/wp-content\/uploads\/2018\/05\/CERON-P%C3%9ABLICA-02-214x140.jpg?fit=214%2C140\" data-large-file=\"https:\/\/i0.wp.com\/blogdalucianaoliveira.com.br\/blog\/wp-content\/uploads\/2018\/05\/CERON-P%C3%9ABLICA-02-214x140.jpg?fit=214%2C140\" src=\"https:\/\/i0.wp.com\/blogdalucianaoliveira.com.br\/blog\/wp-content\/uploads\/2018\/05\/CERON-P%C3%9ABLICA-02-214x140.jpg?resize=214%2C140\" alt=\"CERON-P\u00daBLICA-02-214x140\" width=\"214\" height=\"140\" class=\"alignnone size-full wp-image-18136\" \/><\/p>\n<p>Da Assessoria &#8211; O SINDUR \u2013 sindicato que representa, entre outros, os trabalhadores da CERON \u2013 Centrais El\u00e9tricas de Rond\u00f4nia S.A, protocolou hoje (22 de maio), den\u00fancias junto ao Tribunal de Contas da Uni\u00e3o (TCU) e ao Minist\u00e9rio P\u00fablico Federal (MPF), relativa ao processo de reconhecimento de d\u00edvida da CERON junto a Petrobras Distribuidora S.A, cujo valor que n\u00e3o foi sequer auditada pelos \u00f3rg\u00e3os de controle externo, representam mais de dois bilh\u00f5es e seiscentos milh\u00f5es de reais, referente a compra de combust\u00edvel para gera\u00e7\u00e3o de energia el\u00e9trica nas localidades que n\u00e3o est\u00e3o interligadas ao SIN \u2013 Sistema Interligado Nacional, ou o popularmente conhecido \u201clinh\u00e3o\u201d.<!--more--><\/p>\n<p>Na avalia\u00e7\u00e3o dos Eletricit\u00e1rios do Estado de Rond\u00f4nia, o reconhecimento da mencionada d\u00edvida e consequente parcelamento, tem um \u00fanico objetivo que \u00e9 o de limpar o caminho para a privatiza\u00e7\u00e3o da CERON, j\u00e1 que com uma d\u00edvida desse montante nem mesmo com um pre\u00e7o de R$50.000,00 (cinquenta mil reais) pelo qual dever\u00e1 ser ofertada a empresa, haveriam interessados na aquisi\u00e7\u00e3o do controle acion\u00e1rio da mesma.<\/p>\n<p>Na den\u00fancia o SINDUR solicita do TCU e MPF que tomem as medidas cab\u00edveis ao caso, j\u00e1 que se trata de um volume assustador de recursos envolvidos no processo de reconhecimento e parcelamento de d\u00edvida que, por prud\u00eancia, deveria no m\u00ednimo ser auditada pelos \u00f3rg\u00e3os de controle externo.<\/p>\n<p>Desde o in\u00edcio do processo de privatiza\u00e7\u00e3o da CERON, o SINDUR j\u00e1 protocolou v\u00e1rias den\u00fancias e a\u00e7\u00f5es solicitando dos \u00f3rg\u00e3os de controle externo a apura\u00e7\u00e3o e provid\u00eancias quanto aos abusos que est\u00e3o sendo cometido no processo, cujos reflexos j\u00e1 est\u00e3o sendo sentidos pelos consumidores.<\/p>\n<p>Para \u201cviabilizar a privatiza\u00e7\u00e3o\u201d das distribuidoras de energia el\u00e9trica controladas pelas Centrais El\u00e9tricas Brasileiras \u2013 Eletrobras, houve a contrata\u00e7\u00e3o de empresa para definir o pre\u00e7o e a modelagem da privatiza\u00e7\u00e3o em desacordo com as normas vigentes; d\u00edvidas das distribuidoras junto aos fundos setoriais como a RGR \u2013 Reserva Geral de Revers\u00e3o e CCC \u2013 Conta de consumo de Combust\u00edvel; capitaliza\u00e7\u00e3o de empr\u00e9stimos pela Eletrobras; flexibiliza\u00e7\u00e3o das regras referentes a qualidade de servi\u00e7os que chegam ao absurdo de determinar que a ANEEL \u2013 Ag\u00eancia Nacional de Energia El\u00e9trica, n\u00e3o aplique qualquer penalidade para as futuras detentoras da concess\u00e3o nos primeiros dois anos e apenas fa\u00e7a fiscaliza\u00e7\u00e3o educativa. <\/p>\n<p>Tudo isso sendo suportado pela sociedade brasileira, de uma forma especial os consumidores que ter\u00e3o os pre\u00e7os da energia reajustados em percentuais bem superiores aos que vem sendo feito nas condi\u00e7\u00f5es atuais dessas empresas.<\/p>\n","protected":false},"excerpt":{"rendered":"<p>Da Assessoria &#8211; O SINDUR \u2013 sindicato que representa, entre outros, os trabalhadores da CERON \u2013 Centrais El\u00e9tricas de Rond\u00f4nia S.A, protocolou hoje (22 de maio), den\u00fancias junto ao Tribunal de Contas da Uni\u00e3o (TCU) e ao Minist\u00e9rio P\u00fablico Federal (MPF), relativa ao processo de reconhecimento de d\u00edvida da CERON junto a Petrobras Distribuidora S.A,&#8230;<a class=\"more-link\" href=\"http:\/\/blogdalucianaoliveira.com.br\/blog\/2018\/05\/22\/sindur-protocola-denuncias-no-mpf-e-tcu-sobre-reconhecimento-de-divida-da-ceron-no-valor-de-mais-de-2-bilhoes-e-600-milhoes-de-reais\/\">Continue a leitura <span class=\"meta-nav\">&raquo;<\/span><\/a><\/p>\n","protected":false},"author":1,"featured_media":0,"comment_status":"closed","ping_status":"open","sticky":false,"template":"","format":"standard","meta":{"_exactmetrics_skip_tracking":false,"_exactmetrics_sitenote_active":false,"_exactmetrics_sitenote_note":"","_exactmetrics_sitenote_category":0,"jetpack_post_was_ever_published":false,"_jetpack_newsletter_access":"","_jetpack_dont_email_post_to_subs":false,"_jetpack_newsletter_tier_id":0,"_jetpack_memberships_contains_paywalled_content":false,"_jetpack_memberships_contains_paid_content":false,"footnotes":"","jetpack_publicize_message":"","jetpack_publicize_feature_enabled":true,"jetpack_social_post_already_shared":true,"jetpack_social_options":{"image_generator_settings":{"template":"highway","enabled":false},"version":2}},"categories":[1],"tags":[],"class_list":["post-18135","post","type-post","status-publish","format-standard","hentry","category-notas"],"jetpack_publicize_connections":[],"jetpack_sharing_enabled":true,"jetpack_featured_media_url":"","jetpack_shortlink":"https:\/\/wp.me\/p7wKYW-4Iv","jetpack-related-posts":[],"_links":{"self":[{"href":"http:\/\/blogdalucianaoliveira.com.br\/blog\/wp-json\/wp\/v2\/posts\/18135","targetHints":{"allow":["GET"]}}],"collection":[{"href":"http:\/\/blogdalucianaoliveira.com.br\/blog\/wp-json\/wp\/v2\/posts"}],"about":[{"href":"http:\/\/blogdalucianaoliveira.com.br\/blog\/wp-json\/wp\/v2\/types\/post"}],"author":[{"embeddable":true,"href":"http:\/\/blogdalucianaoliveira.com.br\/blog\/wp-json\/wp\/v2\/users\/1"}],"replies":[{"embeddable":true,"href":"http:\/\/blogdalucianaoliveira.com.br\/blog\/wp-json\/wp\/v2\/comments?post=18135"}],"version-history":[{"count":1,"href":"http:\/\/blogdalucianaoliveira.com.br\/blog\/wp-json\/wp\/v2\/posts\/18135\/revisions"}],"predecessor-version":[{"id":18137,"href":"http:\/\/blogdalucianaoliveira.com.br\/blog\/wp-json\/wp\/v2\/posts\/18135\/revisions\/18137"}],"wp:attachment":[{"href":"http:\/\/blogdalucianaoliveira.com.br\/blog\/wp-json\/wp\/v2\/media?parent=18135"}],"wp:term":[{"taxonomy":"category","embeddable":true,"href":"http:\/\/blogdalucianaoliveira.com.br\/blog\/wp-json\/wp\/v2\/categories?post=18135"},{"taxonomy":"post_tag","embeddable":true,"href":"http:\/\/blogdalucianaoliveira.com.br\/blog\/wp-json\/wp\/v2\/tags?post=18135"}],"curies":[{"name":"wp","href":"https:\/\/api.w.org\/{rel}","templated":true}]}}