{"id":18142,"date":"2018-05-23T10:45:04","date_gmt":"2018-05-23T14:45:04","guid":{"rendered":"http:\/\/blogdalucianaoliveira.com.br\/blog\/?p=18142"},"modified":"2018-05-23T10:48:44","modified_gmt":"2018-05-23T14:48:44","slug":"vitoria-da-oposicao-mp-de-temer-que-privatizava-a-eletrobras-e-arquivada","status":"publish","type":"post","link":"http:\/\/blogdalucianaoliveira.com.br\/blog\/2018\/05\/23\/vitoria-da-oposicao-mp-de-temer-que-privatizava-a-eletrobras-e-arquivada\/","title":{"rendered":"Vit\u00f3ria da oposi\u00e7\u00e3o: MP de Temer que privatizava a Eletrobras \u00e9 arquivada"},"content":{"rendered":"<p><img data-recalc-dims=\"1\" loading=\"lazy\" decoding=\"async\" data-attachment-id=\"18143\" data-permalink=\"http:\/\/blogdalucianaoliveira.com.br\/blog\/2018\/05\/23\/vitoria-da-oposicao-mp-de-temer-que-privatizava-a-eletrobras-e-arquivada\/prif\/\" data-orig-file=\"https:\/\/i0.wp.com\/blogdalucianaoliveira.com.br\/blog\/wp-content\/uploads\/2018\/05\/prif.jpeg?fit=868%2C644\" data-orig-size=\"868,644\" data-comments-opened=\"0\" data-image-meta=\"{&quot;aperture&quot;:&quot;0&quot;,&quot;credit&quot;:&quot;&quot;,&quot;camera&quot;:&quot;&quot;,&quot;caption&quot;:&quot;&quot;,&quot;created_timestamp&quot;:&quot;0&quot;,&quot;copyright&quot;:&quot;&quot;,&quot;focal_length&quot;:&quot;0&quot;,&quot;iso&quot;:&quot;0&quot;,&quot;shutter_speed&quot;:&quot;0&quot;,&quot;title&quot;:&quot;&quot;,&quot;orientation&quot;:&quot;0&quot;}\" data-image-title=\"prif\" data-image-description=\"\" data-image-caption=\"\" data-medium-file=\"https:\/\/i0.wp.com\/blogdalucianaoliveira.com.br\/blog\/wp-content\/uploads\/2018\/05\/prif.jpeg?fit=300%2C223\" data-large-file=\"https:\/\/i0.wp.com\/blogdalucianaoliveira.com.br\/blog\/wp-content\/uploads\/2018\/05\/prif.jpeg?fit=600%2C445\" src=\"https:\/\/i0.wp.com\/blogdalucianaoliveira.com.br\/blog\/wp-content\/uploads\/2018\/05\/prif.jpeg?resize=600%2C445\" alt=\"prif\" width=\"600\" height=\"445\" class=\"alignnone size-full wp-image-18143\" srcset=\"https:\/\/i0.wp.com\/blogdalucianaoliveira.com.br\/blog\/wp-content\/uploads\/2018\/05\/prif.jpeg?w=868 868w, https:\/\/i0.wp.com\/blogdalucianaoliveira.com.br\/blog\/wp-content\/uploads\/2018\/05\/prif.jpeg?resize=300%2C223 300w, https:\/\/i0.wp.com\/blogdalucianaoliveira.com.br\/blog\/wp-content\/uploads\/2018\/05\/prif.jpeg?resize=768%2C570 768w, https:\/\/i0.wp.com\/blogdalucianaoliveira.com.br\/blog\/wp-content\/uploads\/2018\/05\/prif.jpeg?resize=404%2C300 404w\" sizes=\"auto, (max-width: 600px) 100vw, 600px\" \/><\/p>\n<p>A press\u00e3o da sociedade civil e da oposi\u00e7\u00e3o funcionou e, sem votos suficiente no plen\u00e1rio, Rodrigo Maia anunciou que a proposta de privatiza\u00e7\u00e3o do setor el\u00e9trico foi retirada da pauta<\/p>\n<p>Na Revista F\u00f3rum &#8211; Depois de muitos adiamentos durante a tramita\u00e7\u00e3o em comiss\u00e3o especial da C\u00e2mara dos Deputados, a Medida Provis\u00f3ria 814 (MP 814), encabe\u00e7ada pelo governo Temer e que tinha como objetivo a privatiza\u00e7\u00e3o da Eletrobras, foi arquivada. O an\u00fancio de que a proposta seria retirada da pauta por falta de votos no plen\u00e1rio foi feito pelo presidente da C\u00e2mara, Rodrigo Maia (DEM-RJ), no in\u00edcio da noite desta ter\u00e7a-feira (23).<!--more--><\/p>\n<p>Maia informou, contudo, que o governo poder\u00e1 ainda enviar ao Legislativo um projeto de lei sobre o mesmo tema em substitui\u00e7\u00e3o \u00e0 MP que foi retirada da pauta e que, agora, perdeu sua validade.<\/p>\n<p>O engavetamento da proposta foi comemorado por deputados da oposi\u00e7\u00e3o, que consideram o fato como uma vit\u00f3ria da sociedade civil e entidades que h\u00e1 meses v\u00eam pressionando os parlamentares contra a privatiza\u00e7\u00e3o do setor el\u00e9trico.<\/p>\n<p>\u201cVit\u00f3ria nossa, da oposi\u00e7\u00e3o e das entidades que foram incans\u00e1veis e conseguiram retardar a vota\u00e7\u00e3o na Comiss\u00e3o especial e n\u00e3o deixar chegar para vota\u00e7\u00e3o no plen\u00e1rio\u201d, escreveu, em seu Facebook, a deputada federal Jandira Feghali (PCdoB-RJ).<\/p>\n<p>\u201cMP 814 que permitiria a privatiza\u00e7\u00e3o da Eletrobras foi retirada de pauta e n\u00e3o ser\u00e1 votada. Vit\u00f3ria para o povo brasileiro que n\u00e3o ficar\u00e1 ref\u00e9m do mercado que elevaria a conta de energia el\u00e9trica com a mesma voracidade que est\u00e3o fazendo com a gasolina, diesel e g\u00e1s de cozinha\u201d, completou o deputado Elvino Bohn Gass (PT-RS), pelo Twitter.<\/p>\n<p><iframe loading=\"lazy\" src=\"https:\/\/www.facebook.com\/plugins\/video.php?href=https%3A%2F%2Fwww.facebook.com%2Fsilvia.pinheiro.902%2Fvideos%2F792711344268118%2F&#038;show_text=0&#038;width=560\" width=\"560\" height=\"308\" style=\"border:none;overflow:hidden\" scrolling=\"no\" frameborder=\"0\" allowTransparency=\"true\" allowFullScreen=\"true\"><\/iframe><\/p>\n","protected":false},"excerpt":{"rendered":"<p>A press\u00e3o da sociedade civil e da oposi\u00e7\u00e3o funcionou e, sem votos suficiente no plen\u00e1rio, Rodrigo Maia anunciou que a proposta de privatiza\u00e7\u00e3o do setor el\u00e9trico foi retirada da pauta Na Revista F\u00f3rum &#8211; Depois de muitos adiamentos durante a tramita\u00e7\u00e3o em comiss\u00e3o especial da C\u00e2mara dos Deputados, a Medida Provis\u00f3ria 814 (MP 814), encabe\u00e7ada&#8230;<a class=\"more-link\" href=\"http:\/\/blogdalucianaoliveira.com.br\/blog\/2018\/05\/23\/vitoria-da-oposicao-mp-de-temer-que-privatizava-a-eletrobras-e-arquivada\/\">Continue a leitura <span class=\"meta-nav\">&raquo;<\/span><\/a><\/p>\n","protected":false},"author":1,"featured_media":0,"comment_status":"closed","ping_status":"open","sticky":false,"template":"","format":"standard","meta":{"_exactmetrics_skip_tracking":false,"_exactmetrics_sitenote_active":false,"_exactmetrics_sitenote_note":"","_exactmetrics_sitenote_category":0,"jetpack_post_was_ever_published":false,"_jetpack_newsletter_access":"","_jetpack_dont_email_post_to_subs":false,"_jetpack_newsletter_tier_id":0,"_jetpack_memberships_contains_paywalled_content":false,"_jetpack_memberships_contains_paid_content":false,"footnotes":"","jetpack_publicize_message":"","jetpack_publicize_feature_enabled":true,"jetpack_social_post_already_shared":true,"jetpack_social_options":{"image_generator_settings":{"template":"highway","enabled":false},"version":2}},"categories":[1],"tags":[],"class_list":["post-18142","post","type-post","status-publish","format-standard","hentry","category-notas"],"jetpack_publicize_connections":[],"jetpack_sharing_enabled":true,"jetpack_featured_media_url":"","jetpack_shortlink":"https:\/\/wp.me\/p7wKYW-4IC","jetpack-related-posts":[],"_links":{"self":[{"href":"http:\/\/blogdalucianaoliveira.com.br\/blog\/wp-json\/wp\/v2\/posts\/18142","targetHints":{"allow":["GET"]}}],"collection":[{"href":"http:\/\/blogdalucianaoliveira.com.br\/blog\/wp-json\/wp\/v2\/posts"}],"about":[{"href":"http:\/\/blogdalucianaoliveira.com.br\/blog\/wp-json\/wp\/v2\/types\/post"}],"author":[{"embeddable":true,"href":"http:\/\/blogdalucianaoliveira.com.br\/blog\/wp-json\/wp\/v2\/users\/1"}],"replies":[{"embeddable":true,"href":"http:\/\/blogdalucianaoliveira.com.br\/blog\/wp-json\/wp\/v2\/comments?post=18142"}],"version-history":[{"count":2,"href":"http:\/\/blogdalucianaoliveira.com.br\/blog\/wp-json\/wp\/v2\/posts\/18142\/revisions"}],"predecessor-version":[{"id":18145,"href":"http:\/\/blogdalucianaoliveira.com.br\/blog\/wp-json\/wp\/v2\/posts\/18142\/revisions\/18145"}],"wp:attachment":[{"href":"http:\/\/blogdalucianaoliveira.com.br\/blog\/wp-json\/wp\/v2\/media?parent=18142"}],"wp:term":[{"taxonomy":"category","embeddable":true,"href":"http:\/\/blogdalucianaoliveira.com.br\/blog\/wp-json\/wp\/v2\/categories?post=18142"},{"taxonomy":"post_tag","embeddable":true,"href":"http:\/\/blogdalucianaoliveira.com.br\/blog\/wp-json\/wp\/v2\/tags?post=18142"}],"curies":[{"name":"wp","href":"https:\/\/api.w.org\/{rel}","templated":true}]}}