{"id":18160,"date":"2018-05-24T12:05:58","date_gmt":"2018-05-24T16:05:58","guid":{"rendered":"http:\/\/blogdalucianaoliveira.com.br\/blog\/?p=18160"},"modified":"2018-05-24T12:05:58","modified_gmt":"2018-05-24T16:05:58","slug":"golpe-confirma-expectativa-e-impoe-caos-no-pais","status":"publish","type":"post","link":"http:\/\/blogdalucianaoliveira.com.br\/blog\/2018\/05\/24\/golpe-confirma-expectativa-e-impoe-caos-no-pais\/","title":{"rendered":"Golpe confirma expectativa e imp\u00f5e caos no pa\u00eds"},"content":{"rendered":"<p><img data-recalc-dims=\"1\" loading=\"lazy\" decoding=\"async\" data-attachment-id=\"18161\" data-permalink=\"http:\/\/blogdalucianaoliveira.com.br\/blog\/2018\/05\/24\/golpe-confirma-expectativa-e-impoe-caos-no-pais\/caos\/\" data-orig-file=\"https:\/\/i0.wp.com\/blogdalucianaoliveira.com.br\/blog\/wp-content\/uploads\/2018\/05\/caos.jpg?fit=750%2C420\" data-orig-size=\"750,420\" data-comments-opened=\"0\" data-image-meta=\"{&quot;aperture&quot;:&quot;0&quot;,&quot;credit&quot;:&quot;&quot;,&quot;camera&quot;:&quot;&quot;,&quot;caption&quot;:&quot;&quot;,&quot;created_timestamp&quot;:&quot;0&quot;,&quot;copyright&quot;:&quot;&quot;,&quot;focal_length&quot;:&quot;0&quot;,&quot;iso&quot;:&quot;0&quot;,&quot;shutter_speed&quot;:&quot;0&quot;,&quot;title&quot;:&quot;&quot;,&quot;orientation&quot;:&quot;1&quot;}\" data-image-title=\"caos\" data-image-description=\"\" data-image-caption=\"\" data-medium-file=\"https:\/\/i0.wp.com\/blogdalucianaoliveira.com.br\/blog\/wp-content\/uploads\/2018\/05\/caos.jpg?fit=300%2C168\" data-large-file=\"https:\/\/i0.wp.com\/blogdalucianaoliveira.com.br\/blog\/wp-content\/uploads\/2018\/05\/caos.jpg?fit=600%2C336\" src=\"https:\/\/i0.wp.com\/blogdalucianaoliveira.com.br\/blog\/wp-content\/uploads\/2018\/05\/caos.jpg?resize=600%2C336\" alt=\"caos\" width=\"600\" height=\"336\" class=\"alignnone size-full wp-image-18161\" srcset=\"https:\/\/i0.wp.com\/blogdalucianaoliveira.com.br\/blog\/wp-content\/uploads\/2018\/05\/caos.jpg?w=750 750w, https:\/\/i0.wp.com\/blogdalucianaoliveira.com.br\/blog\/wp-content\/uploads\/2018\/05\/caos.jpg?resize=300%2C168 300w, https:\/\/i0.wp.com\/blogdalucianaoliveira.com.br\/blog\/wp-content\/uploads\/2018\/05\/caos.jpg?resize=536%2C300 536w\" sizes=\"auto, (max-width: 600px) 100vw, 600px\" \/><\/p>\n<p>Quanto tempo ir\u00e1 demorar at\u00e9 que os condutores do golpe percebam que vai acabar sobrando para eles?<!--more--><\/p>\n<p>No Blog do Eduardo Guimar\u00e3es<\/p>\n<p>A cada dia a situa\u00e7\u00e3o piora mais. Eles parecem ter acreditado mesmo que seria poss\u00edvel qualquer recupera\u00e7\u00e3o da economia com um processo acelerado de empobrecimento em curso.<\/p>\n<p>Empobrecimento gerado pela reforma trabalhista e pelo teto de gastos, sem falar na terceiriza\u00e7\u00e3o que est\u00e1 impondo empregos tempor\u00e1rios sem qualquer direito trabalhista em \u00e1reas em que isso era imposs\u00edvel.<\/p>\n<p>Desigualdade e pobreza aumentando aceleradamente em um dos 10 pa\u00edses mais desiguais entre duas centenas de pa\u00edses que h\u00e1 no mundo \u00e9 a receita para o caos.<\/p>\n<p>As greves s\u00e3o pren\u00fancio da convuls\u00e3o social que se avizinha. Quanto tempo ir\u00e1 demorar para que comecem os saques e depreda\u00e7\u00f5es inerentes a esse tipo de convuls\u00e3o das massas?<\/p>\n<p>A decis\u00e3o de tirar da disputa eleitoral o candidato que a maioria do eleitorado quer eleger s\u00f3 faz colocar \u00e1gua na fervura; induz a popula\u00e7\u00e3o a descrer das institui\u00e7\u00f5es de uma forma extremamente perigosa.<\/p>\n<p>N\u00e3o adianta apelar ao bom senso dos agentes que est\u00e3o provocando esse caos. Temer e a m\u00eddia continuam comemorando medidas que est\u00e3o tocando fogo no pa\u00eds. \u00c9 estarrecedor.<\/p>\n<p>A leitura dos editoriais sobre reforma trabalhista ou da Previd\u00eancia, tratando-as como \u201cavan\u00e7os\u201d, s\u00e3o literalmente surreais. Eles n\u00e3o entendem com que for\u00e7as est\u00e3o mexendo.<\/p>\n<p>Neste momento, n\u00e3o existe a menor perspectiva de melhora. O pa\u00eds est\u00e1 afundando econ\u00f4mica, pol\u00edtica, social e institucionalmente. E o processo pode se acelerar no pr\u00f3ximo governo.<\/p>\n<p>O radicalismo se apossa dos dois lados. Se a direita ficar de fora, vai sabotar a esquerda. E a rec\u00edproca \u00e9 verdadeira.<\/p>\n<p>E o pior \u00e9 que os condutores\/estimuladores desse processo n\u00e3o querem conversa. Acham que ainda v\u00e3o conseguir manter o povo conformado com a perda de direitos e o empobrecimento.<\/p>\n<p>Talvez, por\u00e9m, o Brasil tenha que passar por esse processo para enterrar essa elite nefanda de vez, porque ela ser\u00e1 a v\u00edtima do que semeou, ao fim e ao cabo.<\/p>\n","protected":false},"excerpt":{"rendered":"<p>Quanto tempo ir\u00e1 demorar at\u00e9 que os condutores do golpe percebam que vai acabar sobrando para eles?<\/p>\n","protected":false},"author":1,"featured_media":0,"comment_status":"closed","ping_status":"open","sticky":false,"template":"","format":"standard","meta":{"_exactmetrics_skip_tracking":false,"_exactmetrics_sitenote_active":false,"_exactmetrics_sitenote_note":"","_exactmetrics_sitenote_category":0,"jetpack_post_was_ever_published":false,"_jetpack_newsletter_access":"","_jetpack_dont_email_post_to_subs":false,"_jetpack_newsletter_tier_id":0,"_jetpack_memberships_contains_paywalled_content":false,"_jetpack_memberships_contains_paid_content":false,"footnotes":"","jetpack_publicize_message":"","jetpack_publicize_feature_enabled":true,"jetpack_social_post_already_shared":true,"jetpack_social_options":{"image_generator_settings":{"template":"highway","enabled":false},"version":2}},"categories":[1],"tags":[],"class_list":["post-18160","post","type-post","status-publish","format-standard","hentry","category-notas"],"jetpack_publicize_connections":[],"jetpack_sharing_enabled":true,"jetpack_featured_media_url":"","jetpack_shortlink":"https:\/\/wp.me\/p7wKYW-4IU","jetpack-related-posts":[],"_links":{"self":[{"href":"http:\/\/blogdalucianaoliveira.com.br\/blog\/wp-json\/wp\/v2\/posts\/18160","targetHints":{"allow":["GET"]}}],"collection":[{"href":"http:\/\/blogdalucianaoliveira.com.br\/blog\/wp-json\/wp\/v2\/posts"}],"about":[{"href":"http:\/\/blogdalucianaoliveira.com.br\/blog\/wp-json\/wp\/v2\/types\/post"}],"author":[{"embeddable":true,"href":"http:\/\/blogdalucianaoliveira.com.br\/blog\/wp-json\/wp\/v2\/users\/1"}],"replies":[{"embeddable":true,"href":"http:\/\/blogdalucianaoliveira.com.br\/blog\/wp-json\/wp\/v2\/comments?post=18160"}],"version-history":[{"count":1,"href":"http:\/\/blogdalucianaoliveira.com.br\/blog\/wp-json\/wp\/v2\/posts\/18160\/revisions"}],"predecessor-version":[{"id":18162,"href":"http:\/\/blogdalucianaoliveira.com.br\/blog\/wp-json\/wp\/v2\/posts\/18160\/revisions\/18162"}],"wp:attachment":[{"href":"http:\/\/blogdalucianaoliveira.com.br\/blog\/wp-json\/wp\/v2\/media?parent=18160"}],"wp:term":[{"taxonomy":"category","embeddable":true,"href":"http:\/\/blogdalucianaoliveira.com.br\/blog\/wp-json\/wp\/v2\/categories?post=18160"},{"taxonomy":"post_tag","embeddable":true,"href":"http:\/\/blogdalucianaoliveira.com.br\/blog\/wp-json\/wp\/v2\/tags?post=18160"}],"curies":[{"name":"wp","href":"https:\/\/api.w.org\/{rel}","templated":true}]}}