{"id":18163,"date":"2018-05-24T12:11:03","date_gmt":"2018-05-24T16:11:03","guid":{"rendered":"http:\/\/blogdalucianaoliveira.com.br\/blog\/?p=18163"},"modified":"2018-05-24T12:11:03","modified_gmt":"2018-05-24T16:11:03","slug":"conseguiram-o-caos-se-alastra-no-brasil-desgovernado","status":"publish","type":"post","link":"http:\/\/blogdalucianaoliveira.com.br\/blog\/2018\/05\/24\/conseguiram-o-caos-se-alastra-no-brasil-desgovernado\/","title":{"rendered":"Conseguiram! o caos se alastra no Brasil desgovernado"},"content":{"rendered":"<p><img data-recalc-dims=\"1\" loading=\"lazy\" decoding=\"async\" data-attachment-id=\"18164\" data-permalink=\"http:\/\/blogdalucianaoliveira.com.br\/blog\/2018\/05\/24\/conseguiram-o-caos-se-alastra-no-brasil-desgovernado\/bala-2\/\" data-orig-file=\"https:\/\/i0.wp.com\/blogdalucianaoliveira.com.br\/blog\/wp-content\/uploads\/2018\/05\/bala.png?fit=699%2C386\" data-orig-size=\"699,386\" data-comments-opened=\"0\" data-image-meta=\"{&quot;aperture&quot;:&quot;0&quot;,&quot;credit&quot;:&quot;&quot;,&quot;camera&quot;:&quot;&quot;,&quot;caption&quot;:&quot;&quot;,&quot;created_timestamp&quot;:&quot;0&quot;,&quot;copyright&quot;:&quot;&quot;,&quot;focal_length&quot;:&quot;0&quot;,&quot;iso&quot;:&quot;0&quot;,&quot;shutter_speed&quot;:&quot;0&quot;,&quot;title&quot;:&quot;&quot;,&quot;orientation&quot;:&quot;0&quot;}\" data-image-title=\"bala\" data-image-description=\"\" data-image-caption=\"\" data-medium-file=\"https:\/\/i0.wp.com\/blogdalucianaoliveira.com.br\/blog\/wp-content\/uploads\/2018\/05\/bala.png?fit=300%2C166\" data-large-file=\"https:\/\/i0.wp.com\/blogdalucianaoliveira.com.br\/blog\/wp-content\/uploads\/2018\/05\/bala.png?fit=600%2C331\" src=\"https:\/\/i0.wp.com\/blogdalucianaoliveira.com.br\/blog\/wp-content\/uploads\/2018\/05\/bala.png?resize=600%2C331\" alt=\"bala\" width=\"600\" height=\"331\" class=\"alignnone size-full wp-image-18164\" srcset=\"https:\/\/i0.wp.com\/blogdalucianaoliveira.com.br\/blog\/wp-content\/uploads\/2018\/05\/bala.png?w=699 699w, https:\/\/i0.wp.com\/blogdalucianaoliveira.com.br\/blog\/wp-content\/uploads\/2018\/05\/bala.png?resize=300%2C166 300w, https:\/\/i0.wp.com\/blogdalucianaoliveira.com.br\/blog\/wp-content\/uploads\/2018\/05\/bala.png?resize=543%2C300 543w\" sizes=\"auto, (max-width: 600px) 100vw, 600px\" \/><\/p>\n<p>No Balaio do Kotscho &#8211; A turma dos patos amarelos e das camisas da CBF queria tanto o Brasil de volta que eles conseguiram.<br \/>\nConseguiram quebrar e parar o pa\u00eds que j\u00e1 estava na banguela, passando vergonha h\u00e1 dois anos.<!--more--><\/p>\n<p>No quarto dia de locaute dos caminhoneiros, o caos se alastra pelas cidades e nos campos, nos portos e aeroportos, nos supermercados e nas f\u00e1bricas, nas filas de \u00f4nibus e nas estradas, por toda parte.<\/p>\n<p>Em 2013, os rebelados insuflados pela m\u00eddia e \u201cmovimentos apartid\u00e1rios\u201d sa\u00edram \u00e0s ruas por causa do aumento de 20 centavos nas tarifas de \u00f4nibus urbanos e, dois anos depois, para pedir o impeachment de Dilma.<\/p>\n<p>Agora, no Brasil desgovernado, com os poderes do Estado batendo cabe\u00e7a, os donos dos caminh\u00f5es querem acabar com os impostos escorchantes no pre\u00e7o dos combust\u00edveis praticados pela Petrobras, que est\u00e1 vendendo seu patrim\u00f4nio para aumentar o lucro dos acionistas.<\/p>\n<p>Na outra ponta, com o dinheiro dos impostos usado para comprar votos de deputados e assegurar o poder, o brasileiro enfrenta as armadilhas de estradas em frangalhos, servi\u00e7os p\u00fablicos em peti\u00e7\u00e3o de mis\u00e9ria e as empresas fechando portas e empregos.<\/p>\n<p>No per\u00edodo de 17 dias, a gasolina aumentou 11 vezes. Na quarta-feira, chegou a custar R$ 9,99 em Bras\u00edlia e um botij\u00e3o de g\u00e1s j\u00e1 bateu nos R$ 80,00.<\/p>\n<p>Consumidores agora t\u00eam que escolher entre comprar comida, que j\u00e1 est\u00e1 come\u00e7ando a faltar nas prateleiras, ou comprar g\u00e1s. Desse jeito, vai faltar lenha para cozinhar.<\/p>\n<p>Nos estados do Sul, caminh\u00f5es descartam milh\u00f5es de litros do leite, que falta na merenda escolar, por n\u00e3o conseguirem chegar ao destino.<\/p>\n<p>No Rio e em S\u00e3o Paulo, as duas maiores cidades do pa\u00eds, metade das frotas de \u00f4nibus parou por falta de combust\u00edvel, o que tamb\u00e9m j\u00e1 est\u00e1 acontecendo com os avi\u00f5es.<\/p>\n<p>V\u00e1rios estados come\u00e7aram a sofrer com o desabastecimento de alimentos perec\u00edveis.<\/p>\n<p>Falta combust\u00edvel nos postos e nas refinarias, a produ\u00e7\u00e3o de carne foi interrompida e os pre\u00e7os dispararam.<\/p>\n<p>Em Bras\u00edlia, diante de um presidente Michel Temer at\u00f4nito, sem saber o que fazer, l\u00edderes do governo e do Congresso batem cabe\u00e7a na busca de m\u00e1gicas para reduzir impostos sem aumentar o rombo fiscal, que n\u00e3o para de crescer.<\/p>\n<p>Nem mesmo a redu\u00e7\u00e3o de 10% no pre\u00e7o do \u00f3leo diesel anunciado por um amuado Pedro Parente, presidente da Petrobras, conseguiu acalmar os caminhoneiros que resolveram partir para o tudo ou nada.<\/p>\n<p>Em lugar da tr\u00e9gua de tr\u00eas dias implorada por Temer, os l\u00edderes do movimento responderam com um ultimato.<\/p>\n<p>Nesta quinta-feira, Jos\u00e9 da Fonseca Lopes, presidente da Associa\u00e7\u00e3o Brasileira de Caminhoneiros avisou que a paralisa\u00e7\u00e3o s\u00f3 ser\u00e1 suspensa se o Senado aprovar ainda hoje, at\u00e9 as 14 horas, o projeto que elimina a cobran\u00e7a de PIS\/Cofins at\u00e9 o final do ano.<\/p>\n<p>Para completar o cen\u00e1rio, as a\u00e7\u00f5es da Petrobras despencaram 14% nesta manh\u00e3.<\/p>\n<p>O que falta ainda?<\/p>\n","protected":false},"excerpt":{"rendered":"<p>No Balaio do Kotscho &#8211; A turma dos patos amarelos e das camisas da CBF queria tanto o Brasil de volta que eles conseguiram. Conseguiram quebrar e parar o pa\u00eds que j\u00e1 estava na banguela, passando vergonha h\u00e1 dois anos.<\/p>\n","protected":false},"author":1,"featured_media":0,"comment_status":"closed","ping_status":"open","sticky":false,"template":"","format":"standard","meta":{"_exactmetrics_skip_tracking":false,"_exactmetrics_sitenote_active":false,"_exactmetrics_sitenote_note":"","_exactmetrics_sitenote_category":0,"jetpack_post_was_ever_published":false,"_jetpack_newsletter_access":"","_jetpack_dont_email_post_to_subs":false,"_jetpack_newsletter_tier_id":0,"_jetpack_memberships_contains_paywalled_content":false,"_jetpack_memberships_contains_paid_content":false,"footnotes":"","jetpack_publicize_message":"","jetpack_publicize_feature_enabled":true,"jetpack_social_post_already_shared":true,"jetpack_social_options":{"image_generator_settings":{"template":"highway","enabled":false},"version":2}},"categories":[1],"tags":[],"class_list":["post-18163","post","type-post","status-publish","format-standard","hentry","category-notas"],"jetpack_publicize_connections":[],"jetpack_sharing_enabled":true,"jetpack_featured_media_url":"","jetpack_shortlink":"https:\/\/wp.me\/p7wKYW-4IX","jetpack-related-posts":[],"_links":{"self":[{"href":"http:\/\/blogdalucianaoliveira.com.br\/blog\/wp-json\/wp\/v2\/posts\/18163","targetHints":{"allow":["GET"]}}],"collection":[{"href":"http:\/\/blogdalucianaoliveira.com.br\/blog\/wp-json\/wp\/v2\/posts"}],"about":[{"href":"http:\/\/blogdalucianaoliveira.com.br\/blog\/wp-json\/wp\/v2\/types\/post"}],"author":[{"embeddable":true,"href":"http:\/\/blogdalucianaoliveira.com.br\/blog\/wp-json\/wp\/v2\/users\/1"}],"replies":[{"embeddable":true,"href":"http:\/\/blogdalucianaoliveira.com.br\/blog\/wp-json\/wp\/v2\/comments?post=18163"}],"version-history":[{"count":1,"href":"http:\/\/blogdalucianaoliveira.com.br\/blog\/wp-json\/wp\/v2\/posts\/18163\/revisions"}],"predecessor-version":[{"id":18165,"href":"http:\/\/blogdalucianaoliveira.com.br\/blog\/wp-json\/wp\/v2\/posts\/18163\/revisions\/18165"}],"wp:attachment":[{"href":"http:\/\/blogdalucianaoliveira.com.br\/blog\/wp-json\/wp\/v2\/media?parent=18163"}],"wp:term":[{"taxonomy":"category","embeddable":true,"href":"http:\/\/blogdalucianaoliveira.com.br\/blog\/wp-json\/wp\/v2\/categories?post=18163"},{"taxonomy":"post_tag","embeddable":true,"href":"http:\/\/blogdalucianaoliveira.com.br\/blog\/wp-json\/wp\/v2\/tags?post=18163"}],"curies":[{"name":"wp","href":"https:\/\/api.w.org\/{rel}","templated":true}]}}