{"id":18169,"date":"2018-05-25T09:19:08","date_gmt":"2018-05-25T13:19:08","guid":{"rendered":"http:\/\/blogdalucianaoliveira.com.br\/blog\/?p=18169"},"modified":"2018-05-25T09:22:06","modified_gmt":"2018-05-25T13:22:06","slug":"cabare-sem-a-madame","status":"publish","type":"post","link":"http:\/\/blogdalucianaoliveira.com.br\/blog\/2018\/05\/25\/cabare-sem-a-madame\/","title":{"rendered":"Cabar\u00e9 sem a madame"},"content":{"rendered":"<p><img data-recalc-dims=\"1\" loading=\"lazy\" decoding=\"async\" data-attachment-id=\"18170\" data-permalink=\"http:\/\/blogdalucianaoliveira.com.br\/blog\/2018\/05\/25\/cabare-sem-a-madame\/naza-01\/\" data-orig-file=\"https:\/\/i0.wp.com\/blogdalucianaoliveira.com.br\/blog\/wp-content\/uploads\/2018\/05\/naza-01.jpg?fit=960%2C640\" data-orig-size=\"960,640\" data-comments-opened=\"0\" data-image-meta=\"{&quot;aperture&quot;:&quot;0&quot;,&quot;credit&quot;:&quot;&quot;,&quot;camera&quot;:&quot;&quot;,&quot;caption&quot;:&quot;&quot;,&quot;created_timestamp&quot;:&quot;0&quot;,&quot;copyright&quot;:&quot;&quot;,&quot;focal_length&quot;:&quot;0&quot;,&quot;iso&quot;:&quot;0&quot;,&quot;shutter_speed&quot;:&quot;0&quot;,&quot;title&quot;:&quot;&quot;,&quot;orientation&quot;:&quot;1&quot;}\" data-image-title=\"naza-01\" data-image-description=\"\" data-image-caption=\"\" data-medium-file=\"https:\/\/i0.wp.com\/blogdalucianaoliveira.com.br\/blog\/wp-content\/uploads\/2018\/05\/naza-01.jpg?fit=300%2C200\" data-large-file=\"https:\/\/i0.wp.com\/blogdalucianaoliveira.com.br\/blog\/wp-content\/uploads\/2018\/05\/naza-01.jpg?fit=600%2C400\" class=\"alignnone size-full wp-image-18170\" src=\"https:\/\/i0.wp.com\/blogdalucianaoliveira.com.br\/blog\/wp-content\/uploads\/2018\/05\/naza-01.jpg?resize=600%2C400\" alt=\"naza-01\" width=\"600\" height=\"400\" srcset=\"https:\/\/i0.wp.com\/blogdalucianaoliveira.com.br\/blog\/wp-content\/uploads\/2018\/05\/naza-01.jpg?w=960 960w, https:\/\/i0.wp.com\/blogdalucianaoliveira.com.br\/blog\/wp-content\/uploads\/2018\/05\/naza-01.jpg?resize=300%2C200 300w, https:\/\/i0.wp.com\/blogdalucianaoliveira.com.br\/blog\/wp-content\/uploads\/2018\/05\/naza-01.jpg?resize=768%2C512 768w, https:\/\/i0.wp.com\/blogdalucianaoliveira.com.br\/blog\/wp-content\/uploads\/2018\/05\/naza-01.jpg?resize=450%2C300 450w\" sizes=\"auto, (max-width: 600px) 100vw, 600px\" \/><\/p>\n<div>\n<p><span style=\"font-size: 18px;\"><span style=\"font-family: Georgia,serif;\"><strong>Professor Nazareno*<\/strong><\/span><\/span><\/p>\n<p><span style=\"font-size: 18px;\"><span style=\"font-family: Georgia,serif;\">A atual greve dos transportes mostra ao Brasil o que \u00e9 o governo do golpista Michel Temer: nada. Bastaram poucos dias de paralisa\u00e7\u00f5es para as autoridades de Bras\u00edlia irem \u00e0 lona.<!--more--><\/p>\n<p>O governo, de joelhos, cedeu em quase tudo. A pol\u00edtica est\u00fapida de aumentar os combust\u00edveis todos os dias mostrou a verdadeira face de um governo esp\u00fario e impopular que sucedeu por meio de um golpe parlamentar outro governo igualmente corrupto e desacreditado. O Pal\u00e1cio do Planalto n\u00e3o tem como resolver qualquer problema que seja. E pior: diante do caos, a popula\u00e7\u00e3o reacion\u00e1ria que bateu panelas, vestiu a camisa amarela da sele\u00e7\u00e3o e bradou \u201c<em>Fora, Dilma!<\/em>\u201d est\u00e1 engolindo, acovardada, todos estes desmandos.Os \u201c<em>coxinhas<\/em>\u201d est\u00e3oquietos sem esbo\u00e7ar qualquer rea\u00e7\u00e3o. Como pode apenas uma categoria colocar em xeque todo o governo de um pa\u00eds?<\/span><\/span><\/p>\n<p><span style=\"font-size: 18px;\"><span style=\"font-family: Georgia,serif;\">O desmanche da Petrobras come\u00e7ou ainda nos governos petistas. O PT, nos oito anos do governo Lula, se lambuzou na corrup\u00e7\u00e3o e no desmanche da estatal. A compra da refinaria de Passadena e a sucess\u00e3o de presidentes envolvidos no desvio de dinheiro enfraqueceram e praticamente quebraram a d\u00e9cima maior empresa do mundo. A roubalheira, no entanto, continuou nos mais de dois anos do governo golpista do MDB de Michel Temer e sua turma. E a conta n\u00e3o tardou a chegar para n\u00f3s, pagadores de impostos. A greve dos transportes coloca o poder contra a parede. Pior: a maioria da popula\u00e7\u00e3o brasileira apoia o movimento, mesmo sabendo das terr\u00edveis consequ\u00eancias que pode passar com o desabastecimento e a consequente escassez de v\u00e1rios produtos. O povo est\u00e1 se lixando para o governo e para as autoridades que comandam hoje o pa\u00eds.<\/span><\/span><\/p>\n<p><span style=\"font-size: 18px;\"><span style=\"font-family: Georgia,serif;\">Por\u00e9m esta greve n\u00e3o \u00e9 apenas um movimento de caminhoneiros como muita gente inocentemente acha. Menos de 30% dos mais de dois milh\u00f5es de caminh\u00f5es pertencem aos seus motoristas. A greve \u00e9 principalmente uma paralis<a name=\"_GoBack\"><\/a>a\u00e7\u00e3o do setor de transportes do pa\u00eds. S\u00e3o os empres\u00e1rios mais uma vez, talvez aqueles mesmos que bateram panelas para a sa\u00edda da Dilma e do PT, que est\u00e3o por tr\u00e1s desta chantagem e da monstruosa paralisa\u00e7\u00e3o. Desde quando trabalhadores comuns exigiriam do governo, por exemplo, a n\u00e3o tributa\u00e7\u00e3o sobre os combust\u00edveis? Desde quando simples oper\u00e1rios cobrariam do governo o fim do PIS\/COFINS? Muitos deles nem sabem o que \u00e9 isso. A parte negativa deste movimento reivindicat\u00f3rio est\u00e1, como sempre, na falta de patriotismo do cidad\u00e3o brasileiro. S\u00e3o muitos os que est\u00e3o se aproveitando para faturar.<\/span><\/span><\/p>\n<p><span style=\"font-size: 18px;\"><span style=\"font-family: Georgia,serif;\">No Recife, havia posto de gasolina vendendo o produto a nove reais. Em Bras\u00edlia, ali nas barbas do poder, o combust\u00edvel bateu facilmente os dez reais. No Rio de Janeiro os hortifrutigranjeiros dispararam. Um saco de batatas passou em um dia de 50 para mais de 300 reais. O importante neste pa\u00eds \u00e9 levar vantagem em tudo, doa a quem doer. A verdadeira \u00e9tica nacional aflora nestes momentos de crise, infelizmente. A lei do G\u00e9rson \u00e9 regra a ser seguida por quase todos neste infeliz momento de crise. O Brasil virou um puteiro sem comando. Se em apenas tr\u00eas ou quatro dias o pa\u00eds foi ao caos, \u00e9 de se imaginar se uma paralisa\u00e7\u00e3o perdurar uma semana ou mais. Tocaram fogo no cabar\u00e9 e a madame fugiu.Dizem que esta guerra \u00e9 contra os pol\u00edticos, mas quem vai pagar as consequ\u00eancias de novo \u00e9 o povo. Luciana Oliveira: \u201c<em>postos sem combust\u00edveis, voos cancelados, escassez de alimentos. A direita transformou o Brasil em uma Venezuela<\/em>\u201d.<\/span><\/span><\/p>\n<p><span style=\"font-size: 18px;\"><span style=\"font-family: Georgia,serif;\"><strong>*\u00c9 professor em Porto Velho<\/strong><\/span><\/span><\/p>\n<\/div>\n","protected":false},"excerpt":{"rendered":"<p>Professor Nazareno* A atual greve dos transportes mostra ao Brasil o que \u00e9 o governo do golpista Michel Temer: nada. Bastaram poucos dias de paralisa\u00e7\u00f5es para as autoridades de Bras\u00edlia irem \u00e0 lona.<\/p>\n","protected":false},"author":1,"featured_media":0,"comment_status":"closed","ping_status":"open","sticky":false,"template":"","format":"standard","meta":{"_exactmetrics_skip_tracking":false,"_exactmetrics_sitenote_active":false,"_exactmetrics_sitenote_note":"","_exactmetrics_sitenote_category":0,"jetpack_post_was_ever_published":false,"_jetpack_newsletter_access":"","_jetpack_dont_email_post_to_subs":false,"_jetpack_newsletter_tier_id":0,"_jetpack_memberships_contains_paywalled_content":false,"_jetpack_memberships_contains_paid_content":false,"footnotes":"","jetpack_publicize_message":"","jetpack_publicize_feature_enabled":true,"jetpack_social_post_already_shared":true,"jetpack_social_options":{"image_generator_settings":{"template":"highway","enabled":false},"version":2}},"categories":[1],"tags":[],"class_list":["post-18169","post","type-post","status-publish","format-standard","hentry","category-notas"],"jetpack_publicize_connections":[],"jetpack_sharing_enabled":true,"jetpack_featured_media_url":"","jetpack_shortlink":"https:\/\/wp.me\/p7wKYW-4J3","jetpack-related-posts":[],"_links":{"self":[{"href":"http:\/\/blogdalucianaoliveira.com.br\/blog\/wp-json\/wp\/v2\/posts\/18169","targetHints":{"allow":["GET"]}}],"collection":[{"href":"http:\/\/blogdalucianaoliveira.com.br\/blog\/wp-json\/wp\/v2\/posts"}],"about":[{"href":"http:\/\/blogdalucianaoliveira.com.br\/blog\/wp-json\/wp\/v2\/types\/post"}],"author":[{"embeddable":true,"href":"http:\/\/blogdalucianaoliveira.com.br\/blog\/wp-json\/wp\/v2\/users\/1"}],"replies":[{"embeddable":true,"href":"http:\/\/blogdalucianaoliveira.com.br\/blog\/wp-json\/wp\/v2\/comments?post=18169"}],"version-history":[{"count":2,"href":"http:\/\/blogdalucianaoliveira.com.br\/blog\/wp-json\/wp\/v2\/posts\/18169\/revisions"}],"predecessor-version":[{"id":18174,"href":"http:\/\/blogdalucianaoliveira.com.br\/blog\/wp-json\/wp\/v2\/posts\/18169\/revisions\/18174"}],"wp:attachment":[{"href":"http:\/\/blogdalucianaoliveira.com.br\/blog\/wp-json\/wp\/v2\/media?parent=18169"}],"wp:term":[{"taxonomy":"category","embeddable":true,"href":"http:\/\/blogdalucianaoliveira.com.br\/blog\/wp-json\/wp\/v2\/categories?post=18169"},{"taxonomy":"post_tag","embeddable":true,"href":"http:\/\/blogdalucianaoliveira.com.br\/blog\/wp-json\/wp\/v2\/tags?post=18169"}],"curies":[{"name":"wp","href":"https:\/\/api.w.org\/{rel}","templated":true}]}}