{"id":18176,"date":"2018-05-25T09:30:04","date_gmt":"2018-05-25T13:30:04","guid":{"rendered":"http:\/\/blogdalucianaoliveira.com.br\/blog\/?p=18176"},"modified":"2018-05-25T09:30:04","modified_gmt":"2018-05-25T13:30:04","slug":"na-politica-sofremos-mais-preconceito-afirmam-mulheres-sobre-misoginia-no-brasil","status":"publish","type":"post","link":"http:\/\/blogdalucianaoliveira.com.br\/blog\/2018\/05\/25\/na-politica-sofremos-mais-preconceito-afirmam-mulheres-sobre-misoginia-no-brasil\/","title":{"rendered":"\u2018Na pol\u00edtica, sofremos mais preconceito\u2019, afirmam mulheres sobre misoginia no Brasil"},"content":{"rendered":"<p><img data-recalc-dims=\"1\" loading=\"lazy\" decoding=\"async\" data-attachment-id=\"18177\" data-permalink=\"http:\/\/blogdalucianaoliveira.com.br\/blog\/2018\/05\/25\/na-politica-sofremos-mais-preconceito-afirmam-mulheres-sobre-misoginia-no-brasil\/c6270009-c62b-459d-9a91-fa99b8a8ad24\/\" data-orig-file=\"https:\/\/i0.wp.com\/blogdalucianaoliveira.com.br\/blog\/wp-content\/uploads\/2018\/05\/C6270009-C62B-459D-9A91-FA99B8A8AD24.jpeg?fit=640%2C402\" data-orig-size=\"640,402\" data-comments-opened=\"0\" data-image-meta=\"{&quot;aperture&quot;:&quot;0&quot;,&quot;credit&quot;:&quot;&quot;,&quot;camera&quot;:&quot;&quot;,&quot;caption&quot;:&quot;&quot;,&quot;created_timestamp&quot;:&quot;0&quot;,&quot;copyright&quot;:&quot;&quot;,&quot;focal_length&quot;:&quot;0&quot;,&quot;iso&quot;:&quot;0&quot;,&quot;shutter_speed&quot;:&quot;0&quot;,&quot;title&quot;:&quot;&quot;,&quot;orientation&quot;:&quot;0&quot;}\" data-image-title=\"C6270009-C62B-459D-9A91-FA99B8A8AD24\" data-image-description=\"\" data-image-caption=\"\" data-medium-file=\"https:\/\/i0.wp.com\/blogdalucianaoliveira.com.br\/blog\/wp-content\/uploads\/2018\/05\/C6270009-C62B-459D-9A91-FA99B8A8AD24.jpeg?fit=300%2C188\" data-large-file=\"https:\/\/i0.wp.com\/blogdalucianaoliveira.com.br\/blog\/wp-content\/uploads\/2018\/05\/C6270009-C62B-459D-9A91-FA99B8A8AD24.jpeg?fit=600%2C377\" src=\"https:\/\/i0.wp.com\/blogdalucianaoliveira.com.br\/blog\/wp-content\/uploads\/2018\/05\/C6270009-C62B-459D-9A91-FA99B8A8AD24.jpeg?resize=600%2C377\" alt=\"C6270009-C62B-459D-9A91-FA99B8A8AD24\" width=\"600\" height=\"377\" class=\"alignnone size-full wp-image-18177\" srcset=\"https:\/\/i0.wp.com\/blogdalucianaoliveira.com.br\/blog\/wp-content\/uploads\/2018\/05\/C6270009-C62B-459D-9A91-FA99B8A8AD24.jpeg?w=640 640w, https:\/\/i0.wp.com\/blogdalucianaoliveira.com.br\/blog\/wp-content\/uploads\/2018\/05\/C6270009-C62B-459D-9A91-FA99B8A8AD24.jpeg?resize=300%2C188 300w, https:\/\/i0.wp.com\/blogdalucianaoliveira.com.br\/blog\/wp-content\/uploads\/2018\/05\/C6270009-C62B-459D-9A91-FA99B8A8AD24.jpeg?resize=478%2C300 478w\" sizes=\"auto, (max-width: 600px) 100vw, 600px\" \/><\/p>\n<p>A posi\u00e7\u00e3o de evid\u00eancia ocupada por essas mulheres na pol\u00edtica tende a movimentar ainda mais a engrenagem do machismo<!--more--><\/p>\n<p>Cristiane Sampaio<br \/>\nBrasil de Fato | <\/p>\n<p>Nas diferentes esferas de atua\u00e7\u00e3o, as mulheres compartilham experi\u00eancias de opress\u00e3o. E, se o espa\u00e7o, ent\u00e3o, corresponde aos ambientes da pol\u00edtica, tais experi\u00eancias podem ser ainda mais recorrentes.<\/p>\n<p>\u00c9 o que dizem aquelas que atuam, por exemplo, no parlamento. A senadora Gleisi Hoffmann (PT-PR), que tem vida pol\u00edtica desde a adolesc\u00eancia, quando se engajou em gr\u00eamios estudantis, aponta que, diante da predomin\u00e2ncia masculina, h\u00e1 grande resist\u00eancia em aceitar a presen\u00e7a delas nos espa\u00e7os de poder.<\/p>\n<p>Ao longo da trajet\u00f3ria de d\u00e9cadas de atua\u00e7\u00e3o, a senadora j\u00e1 vivenciou diferentes situa\u00e7\u00f5es de opress\u00e3o. E, por vezes, o preconceito e os ataques podem estar escondidos numa nuance do discurso.   <\/p>\n<p>Durante o julgamento final do golpe que dep\u00f4s a ex-presidente Dilma Rousseff, em 2016, por exemplo, ela e outras parlamentares foram chamadas de \u201cmeninas\u201d pelo senador C\u00e1ssio Cunha Lima (PSDB-PR), em meio ao calor dos debates da sess\u00e3o. A petista destaca que \u00e9 de praxe os homens se incomodarem com a atua\u00e7\u00e3o das mulheres no parlamento e, diante disso, lan\u00e7arem m\u00e3o de ofensas.<\/p>\n<p>\u201cEles consideram que a mulher n\u00e3o est\u00e1 preparada pra assumir cargos p\u00fablicos, por isso as deprecia\u00e7\u00f5es, as formas de ofensa\u201d, diz a senadora Gleisi Hoffmann.<\/p>\n<p>E o preconceito tamb\u00e9m se revela nos demais espa\u00e7os onde a atua\u00e7\u00e3o da senadora repercute, como, por exemplo, na internet. Esta semana, Hoffmann obteve uma vit\u00f3ria na Justi\u00e7a ap\u00f3s mover a\u00e7\u00e3o contra um blogueiro que a havia ofendido com base em conte\u00fados mis\u00f3ginos.<\/p>\n<p>Essa foi a quinta decis\u00e3o judicial favor\u00e1vel que a senadora obteve somente este m\u00eas contra agressores com discurso considerado machista.<\/p>\n<p>No intervalo entre dezembro de 2017 e maio deste ano, a petista moveu mais de 20 a\u00e7\u00f5es judiciais relacionadas a casos como esse.<\/p>\n<p>\u201cTodas as vezes em que vejo mat\u00e9rias, avalia\u00e7\u00f5es, coment\u00e1rios que sejam depreciativos em rela\u00e7\u00e3o a minha condi\u00e7\u00e3o feminina, entro com a\u00e7\u00e3o, porque acho que n\u00e3o estou fazendo s\u00f3 por mim, e sim pelo conjunto das mulheres brasileiras, que t\u00eam que ser respeitadas\u201d, afirma a senadora Gleisi Hoffmann.  <\/p>\n<p>As ofensas se agravaram no contexto de avan\u00e7o conservador no pa\u00eds, ap\u00f3s o golpe de 2016, e especialmente depois que Hoffmann assumiu a presid\u00eancia do Partido dos Trabalhadores (PT), no ano passado.<\/p>\n<p>A prolifera\u00e7\u00e3o da cultura do \u00f3dio seria, na avalia\u00e7\u00e3o do advogado que acompanha os casos da senadora, Eug\u00eanio Arag\u00e3o, um dos motivos pelos quais o Judici\u00e1rio tem reconhecido as ofensas e se mostrado receptivo \u00e0s a\u00e7\u00f5es.  <\/p>\n<p>\u201cAcredito que h\u00e1 uma sensibilidade at\u00e9 por conta desse ambiente de extrema hostilidade que tem se implantado no pa\u00eds. O discurso tem sido muito baixo, e acredito que Judici\u00e1rio esteja um pouco sens\u00edvel a isso\u201d, complementa.<\/p>\n<p>A experi\u00eancia da senadora \u00e9 uma realidade vivida por outras parlamentares de destaque, como \u00e9 o caso da deputada federal Maria do Ros\u00e1rio (PT-RS), que j\u00e1 foi v\u00edtima de agress\u00f5es provocadas, em sua maioria, por pol\u00edticos e seguidores de extrema-direita.  <\/p>\n<p>Ela destaca que a trajet\u00f3ria na pol\u00edtica foi sempre marcada pela resist\u00eancia diante do machismo multifacetado que se revela nos diferentes espa\u00e7os e que, para isso, contou sobremaneira com a sororidade \u2013 termo utilizado para designar a uni\u00e3o entre as mulheres.<\/p>\n<p>\u201cAo longo do tempo, passei por diferentes fases, mas em todas elas com um impressionante apoio das mulheres, e isso me fortaleceu\u201d, conta.<\/p>\n<p>Gabriela Rondon, pesquisadora da Anis \u2013 Instituto de Bio\u00e9tica, Direitos Humanos e G\u00eanero,  destaca que o tipo de preconceito que aflige as parlamentares tem a mesma matriz daquele que atinge o conjunto das mulheres.  <\/p>\n<p>Ela enfatiza, no entanto, que a posi\u00e7\u00e3o de evid\u00eancia ocupada por essas mulheres tende a movimentar ainda mais a engrenagem do machismo.<\/p>\n<p>&#8220;Elas sofrem uma centraliza\u00e7\u00e3o desse preconceito inclusive por terem que assumir posturas que, classicamente, n\u00e3o s\u00e3o consideradas femininas, posturas assertivas, de tomar decis\u00f5es e propor solu\u00e7\u00f5es\u201d, analisa.<\/p>\n<p>Para a pesquisadora, a baixa representatividade feminina no parlamento seria tamb\u00e9m um elemento relacionado \u00e0s constantes opress\u00f5es.  Apesar de corresponderem a mais de 50% da popula\u00e7\u00e3o brasileira, elas ocupam menos de 10% das vagas no Congresso Nacional.<\/p>\n<p>\u201cTem muitos fatores que levam a essa sub-representa\u00e7\u00e3o e ao fato de que as pr\u00f3prias mulheres n\u00e3o se reconhecem no espa\u00e7o da politica porque ele \u00e9 um espa\u00e7o muito masculinizado e onde n\u00e3o se criam as condi\u00e7\u00f5es pra que as mulheres estejam\u201d, aponta.<\/p>\n<p>Diante da \u00e1rida caminhada dentro do parlamento, Maria do Ros\u00e1rio acredita que o \u00fanico caminho poss\u00edvel para a constru\u00e7\u00e3o de uma primavera feminista \u00e9 o de seguir na resist\u00eancia pol\u00edtica, fazendo frente ao machismo para lutar pela dignidade das mulheres.<\/p>\n<p>\u201cIsso \u00e9 a \u00fanica coisa que me faz, num ambiente hostil \u00e0s mulheres, seguir lutando pra que n\u00f3s n\u00e3o venhamos a desaparecer deste espa\u00e7o, pra que nossa voz, nossos corpos, nosso modo de ser e nossas prioridades n\u00e3o desapare\u00e7am\u201d, finalizam.  <\/p>\n<p>Edi\u00e7\u00e3o: Juca Guimar\u00e3es<\/p>\n","protected":false},"excerpt":{"rendered":"<p>A posi\u00e7\u00e3o de evid\u00eancia ocupada por essas mulheres na pol\u00edtica tende a movimentar ainda mais a engrenagem do machismo<\/p>\n","protected":false},"author":1,"featured_media":0,"comment_status":"closed","ping_status":"open","sticky":false,"template":"","format":"standard","meta":{"_exactmetrics_skip_tracking":false,"_exactmetrics_sitenote_active":false,"_exactmetrics_sitenote_note":"","_exactmetrics_sitenote_category":0,"jetpack_post_was_ever_published":false,"_jetpack_newsletter_access":"","_jetpack_dont_email_post_to_subs":false,"_jetpack_newsletter_tier_id":0,"_jetpack_memberships_contains_paywalled_content":false,"_jetpack_memberships_contains_paid_content":false,"footnotes":"","jetpack_publicize_message":"","jetpack_publicize_feature_enabled":true,"jetpack_social_post_already_shared":true,"jetpack_social_options":{"image_generator_settings":{"template":"highway","enabled":false},"version":2}},"categories":[1],"tags":[],"class_list":["post-18176","post","type-post","status-publish","format-standard","hentry","category-notas"],"jetpack_publicize_connections":[],"jetpack_sharing_enabled":true,"jetpack_featured_media_url":"","jetpack_shortlink":"https:\/\/wp.me\/p7wKYW-4Ja","jetpack-related-posts":[],"_links":{"self":[{"href":"http:\/\/blogdalucianaoliveira.com.br\/blog\/wp-json\/wp\/v2\/posts\/18176","targetHints":{"allow":["GET"]}}],"collection":[{"href":"http:\/\/blogdalucianaoliveira.com.br\/blog\/wp-json\/wp\/v2\/posts"}],"about":[{"href":"http:\/\/blogdalucianaoliveira.com.br\/blog\/wp-json\/wp\/v2\/types\/post"}],"author":[{"embeddable":true,"href":"http:\/\/blogdalucianaoliveira.com.br\/blog\/wp-json\/wp\/v2\/users\/1"}],"replies":[{"embeddable":true,"href":"http:\/\/blogdalucianaoliveira.com.br\/blog\/wp-json\/wp\/v2\/comments?post=18176"}],"version-history":[{"count":1,"href":"http:\/\/blogdalucianaoliveira.com.br\/blog\/wp-json\/wp\/v2\/posts\/18176\/revisions"}],"predecessor-version":[{"id":18179,"href":"http:\/\/blogdalucianaoliveira.com.br\/blog\/wp-json\/wp\/v2\/posts\/18176\/revisions\/18179"}],"wp:attachment":[{"href":"http:\/\/blogdalucianaoliveira.com.br\/blog\/wp-json\/wp\/v2\/media?parent=18176"}],"wp:term":[{"taxonomy":"category","embeddable":true,"href":"http:\/\/blogdalucianaoliveira.com.br\/blog\/wp-json\/wp\/v2\/categories?post=18176"},{"taxonomy":"post_tag","embeddable":true,"href":"http:\/\/blogdalucianaoliveira.com.br\/blog\/wp-json\/wp\/v2\/tags?post=18176"}],"curies":[{"name":"wp","href":"https:\/\/api.w.org\/{rel}","templated":true}]}}