{"id":18181,"date":"2018-05-26T09:52:30","date_gmt":"2018-05-26T13:52:30","guid":{"rendered":"http:\/\/blogdalucianaoliveira.com.br\/blog\/?p=18181"},"modified":"2018-05-26T09:52:30","modified_gmt":"2018-05-26T13:52:30","slug":"jornalismo-deu-lugar-a-propaganda-politica-diz-presidente-da-fenaj","status":"publish","type":"post","link":"http:\/\/blogdalucianaoliveira.com.br\/blog\/2018\/05\/26\/jornalismo-deu-lugar-a-propaganda-politica-diz-presidente-da-fenaj\/","title":{"rendered":"Jornalismo deu lugar \u00e0 propaganda pol\u00edtica, diz presidente da FENAJ"},"content":{"rendered":"<p><img data-recalc-dims=\"1\" loading=\"lazy\" decoding=\"async\" data-attachment-id=\"18182\" data-permalink=\"http:\/\/blogdalucianaoliveira.com.br\/blog\/2018\/05\/26\/jornalismo-deu-lugar-a-propaganda-politica-diz-presidente-da-fenaj\/abb0391d-a0e9-4a73-ad7f-34f574e7fad3\/\" data-orig-file=\"https:\/\/i0.wp.com\/blogdalucianaoliveira.com.br\/blog\/wp-content\/uploads\/2018\/05\/ABB0391D-A0E9-4A73-AD7F-34F574E7FAD3.jpeg?fit=3264%2C2448\" data-orig-size=\"3264,2448\" data-comments-opened=\"0\" data-image-meta=\"{&quot;aperture&quot;:&quot;2.2&quot;,&quot;credit&quot;:&quot;&quot;,&quot;camera&quot;:&quot;iPhone 6&quot;,&quot;caption&quot;:&quot;&quot;,&quot;created_timestamp&quot;:&quot;1527330321&quot;,&quot;copyright&quot;:&quot;&quot;,&quot;focal_length&quot;:&quot;4.15&quot;,&quot;iso&quot;:&quot;125&quot;,&quot;shutter_speed&quot;:&quot;0.0333333333333&quot;,&quot;title&quot;:&quot;&quot;,&quot;orientation&quot;:&quot;1&quot;}\" data-image-title=\"ABB0391D-A0E9-4A73-AD7F-34F574E7FAD3\" data-image-description=\"\" data-image-caption=\"\" data-medium-file=\"https:\/\/i0.wp.com\/blogdalucianaoliveira.com.br\/blog\/wp-content\/uploads\/2018\/05\/ABB0391D-A0E9-4A73-AD7F-34F574E7FAD3.jpeg?fit=300%2C225\" data-large-file=\"https:\/\/i0.wp.com\/blogdalucianaoliveira.com.br\/blog\/wp-content\/uploads\/2018\/05\/ABB0391D-A0E9-4A73-AD7F-34F574E7FAD3.jpeg?fit=600%2C450\" src=\"https:\/\/i0.wp.com\/blogdalucianaoliveira.com.br\/blog\/wp-content\/uploads\/2018\/05\/ABB0391D-A0E9-4A73-AD7F-34F574E7FAD3.jpeg?resize=600%2C450\" alt=\"ABB0391D-A0E9-4A73-AD7F-34F574E7FAD3\" width=\"600\" height=\"450\" class=\"alignnone size-full wp-image-18182\" srcset=\"https:\/\/i0.wp.com\/blogdalucianaoliveira.com.br\/blog\/wp-content\/uploads\/2018\/05\/ABB0391D-A0E9-4A73-AD7F-34F574E7FAD3.jpeg?w=3264 3264w, https:\/\/i0.wp.com\/blogdalucianaoliveira.com.br\/blog\/wp-content\/uploads\/2018\/05\/ABB0391D-A0E9-4A73-AD7F-34F574E7FAD3.jpeg?resize=300%2C225 300w, https:\/\/i0.wp.com\/blogdalucianaoliveira.com.br\/blog\/wp-content\/uploads\/2018\/05\/ABB0391D-A0E9-4A73-AD7F-34F574E7FAD3.jpeg?resize=768%2C576 768w, https:\/\/i0.wp.com\/blogdalucianaoliveira.com.br\/blog\/wp-content\/uploads\/2018\/05\/ABB0391D-A0E9-4A73-AD7F-34F574E7FAD3.jpeg?resize=1024%2C768 1024w, https:\/\/i0.wp.com\/blogdalucianaoliveira.com.br\/blog\/wp-content\/uploads\/2018\/05\/ABB0391D-A0E9-4A73-AD7F-34F574E7FAD3.jpeg?resize=400%2C300 400w, https:\/\/i0.wp.com\/blogdalucianaoliveira.com.br\/blog\/wp-content\/uploads\/2018\/05\/ABB0391D-A0E9-4A73-AD7F-34F574E7FAD3.jpeg?w=1200 1200w, https:\/\/i0.wp.com\/blogdalucianaoliveira.com.br\/blog\/wp-content\/uploads\/2018\/05\/ABB0391D-A0E9-4A73-AD7F-34F574E7FAD3.jpeg?w=1800 1800w\" sizes=\"auto, (max-width: 600px) 100vw, 600px\" \/><\/p>\n<p>Maria Jos\u00e9 Braga, presidente da Federa\u00e7\u00e3o Nacional dos Jornalistas FENAJ, participou do 6 Encontro Nacional de Blogueiros e Ativistas Digitais em S\u00e3o Paulo. <\/p>\n<div class=\"fb-post\" data-href=\"https:\/\/www.facebook.com\/luciana.oliveira.75457\/posts\/1826076900801538\" data-width=\"552\"><\/div>\n<p>#6Blogprog<\/p>\n","protected":false},"excerpt":{"rendered":"<p>Maria Jos\u00e9 Braga, presidente da Federa\u00e7\u00e3o Nacional dos Jornalistas FENAJ, participou do 6 Encontro Nacional de Blogueiros e Ativistas Digitais em S\u00e3o Paulo. #6Blogprog<\/p>\n","protected":false},"author":1,"featured_media":0,"comment_status":"closed","ping_status":"open","sticky":false,"template":"","format":"standard","meta":{"_exactmetrics_skip_tracking":false,"_exactmetrics_sitenote_active":false,"_exactmetrics_sitenote_note":"","_exactmetrics_sitenote_category":0,"jetpack_post_was_ever_published":false,"_jetpack_newsletter_access":"","_jetpack_dont_email_post_to_subs":false,"_jetpack_newsletter_tier_id":0,"_jetpack_memberships_contains_paywalled_content":false,"_jetpack_memberships_contains_paid_content":false,"footnotes":"","jetpack_publicize_message":"","jetpack_publicize_feature_enabled":true,"jetpack_social_post_already_shared":true,"jetpack_social_options":{"image_generator_settings":{"template":"highway","enabled":false},"version":2}},"categories":[1],"tags":[],"class_list":["post-18181","post","type-post","status-publish","format-standard","hentry","category-notas"],"jetpack_publicize_connections":[],"jetpack_sharing_enabled":true,"jetpack_featured_media_url":"","jetpack_shortlink":"https:\/\/wp.me\/p7wKYW-4Jf","jetpack-related-posts":[],"_links":{"self":[{"href":"http:\/\/blogdalucianaoliveira.com.br\/blog\/wp-json\/wp\/v2\/posts\/18181","targetHints":{"allow":["GET"]}}],"collection":[{"href":"http:\/\/blogdalucianaoliveira.com.br\/blog\/wp-json\/wp\/v2\/posts"}],"about":[{"href":"http:\/\/blogdalucianaoliveira.com.br\/blog\/wp-json\/wp\/v2\/types\/post"}],"author":[{"embeddable":true,"href":"http:\/\/blogdalucianaoliveira.com.br\/blog\/wp-json\/wp\/v2\/users\/1"}],"replies":[{"embeddable":true,"href":"http:\/\/blogdalucianaoliveira.com.br\/blog\/wp-json\/wp\/v2\/comments?post=18181"}],"version-history":[{"count":1,"href":"http:\/\/blogdalucianaoliveira.com.br\/blog\/wp-json\/wp\/v2\/posts\/18181\/revisions"}],"predecessor-version":[{"id":18183,"href":"http:\/\/blogdalucianaoliveira.com.br\/blog\/wp-json\/wp\/v2\/posts\/18181\/revisions\/18183"}],"wp:attachment":[{"href":"http:\/\/blogdalucianaoliveira.com.br\/blog\/wp-json\/wp\/v2\/media?parent=18181"}],"wp:term":[{"taxonomy":"category","embeddable":true,"href":"http:\/\/blogdalucianaoliveira.com.br\/blog\/wp-json\/wp\/v2\/categories?post=18181"},{"taxonomy":"post_tag","embeddable":true,"href":"http:\/\/blogdalucianaoliveira.com.br\/blog\/wp-json\/wp\/v2\/tags?post=18181"}],"curies":[{"name":"wp","href":"https:\/\/api.w.org\/{rel}","templated":true}]}}