{"id":18184,"date":"2018-05-26T10:36:05","date_gmt":"2018-05-26T14:36:05","guid":{"rendered":"http:\/\/blogdalucianaoliveira.com.br\/blog\/?p=18184"},"modified":"2018-05-26T10:38:43","modified_gmt":"2018-05-26T14:38:43","slug":"editorial-crise-do-combustivel-tira-o-foco-dos-escandalos-politicos-envolvendo-trupe-de-confucio-cassol-e-ex-diretor-do-derro","status":"publish","type":"post","link":"http:\/\/blogdalucianaoliveira.com.br\/blog\/2018\/05\/26\/editorial-crise-do-combustivel-tira-o-foco-dos-escandalos-politicos-envolvendo-trupe-de-confucio-cassol-e-ex-diretor-do-derro\/","title":{"rendered":"Crise do combust\u00edvel tira o foco dos esc\u00e2ndalos pol\u00edticos envolvendo trupe de Conf\u00facio, Cassol e ex-diretor do DER\/RO"},"content":{"rendered":"<p><img data-recalc-dims=\"1\" loading=\"lazy\" decoding=\"async\" data-attachment-id=\"18185\" data-permalink=\"http:\/\/blogdalucianaoliveira.com.br\/blog\/2018\/05\/26\/editorial-crise-do-combustivel-tira-o-foco-dos-escandalos-politicos-envolvendo-trupe-de-confucio-cassol-e-ex-diretor-do-derro\/trio-2\/\" data-orig-file=\"https:\/\/i0.wp.com\/blogdalucianaoliveira.com.br\/blog\/wp-content\/uploads\/2018\/05\/trio.jpg?fit=960%2C640\" data-orig-size=\"960,640\" data-comments-opened=\"0\" data-image-meta=\"{&quot;aperture&quot;:&quot;0&quot;,&quot;credit&quot;:&quot;&quot;,&quot;camera&quot;:&quot;&quot;,&quot;caption&quot;:&quot;&quot;,&quot;created_timestamp&quot;:&quot;0&quot;,&quot;copyright&quot;:&quot;&quot;,&quot;focal_length&quot;:&quot;0&quot;,&quot;iso&quot;:&quot;0&quot;,&quot;shutter_speed&quot;:&quot;0&quot;,&quot;title&quot;:&quot;&quot;,&quot;orientation&quot;:&quot;1&quot;}\" data-image-title=\"trio\" data-image-description=\"\" data-image-caption=\"\" data-medium-file=\"https:\/\/i0.wp.com\/blogdalucianaoliveira.com.br\/blog\/wp-content\/uploads\/2018\/05\/trio.jpg?fit=300%2C200\" data-large-file=\"https:\/\/i0.wp.com\/blogdalucianaoliveira.com.br\/blog\/wp-content\/uploads\/2018\/05\/trio.jpg?fit=600%2C400\" class=\"alignnone size-full wp-image-18185\" src=\"https:\/\/i0.wp.com\/blogdalucianaoliveira.com.br\/blog\/wp-content\/uploads\/2018\/05\/trio.jpg?resize=600%2C400\" alt=\"trio\" width=\"600\" height=\"400\" srcset=\"https:\/\/i0.wp.com\/blogdalucianaoliveira.com.br\/blog\/wp-content\/uploads\/2018\/05\/trio.jpg?w=960 960w, https:\/\/i0.wp.com\/blogdalucianaoliveira.com.br\/blog\/wp-content\/uploads\/2018\/05\/trio.jpg?resize=300%2C200 300w, https:\/\/i0.wp.com\/blogdalucianaoliveira.com.br\/blog\/wp-content\/uploads\/2018\/05\/trio.jpg?resize=768%2C512 768w, https:\/\/i0.wp.com\/blogdalucianaoliveira.com.br\/blog\/wp-content\/uploads\/2018\/05\/trio.jpg?resize=450%2C300 450w\" sizes=\"auto, (max-width: 600px) 100vw, 600px\" \/><\/p>\n<p><em>Condena\u00e7\u00e3o na famigerada \u2018Opera\u00e7\u00e3o Term\u00f3pilas\u2019 foi ignorada e processo de ex-governador na Lava Jato em Rond\u00f4nia passou batido<\/em><!--more--><\/p>\n<p><strong>EDITORIAL ROND\u00d4NIA DIN\u00c2MICA<\/strong><\/p>\n<p>Porto Velho, RO \u2013 Com o abastecimento de combust\u00edvel praticamente zerado \u2013 e o de insumos b\u00e1sicos correndo risco de chegar tamb\u00e9m \u00e0 escassez, o Estado de Rond\u00f4nia e seus cidad\u00e3os, a exemplo do que ocorre no pa\u00eds inteiro, sufocam com a crise estabelecida pelo movimento paredista deflagrado pelos caminhoneiros.<\/p>\n<p><span style=\"font-size: 18px;\"><span style=\"font-family: Georgia,serif;\">Ali\u00e1s, sobre isso, h\u00e1 outro conceito estabelecido que destoa \u00e0 compreens\u00e3o \u00a0grevista. Pela primeira vez em muito tempo, direita e esquerda parecem concordar quando opinam acerca do assunto; nesse panorama de denominador comum, a paralisa\u00e7\u00e3o nas rodovias seria a pr\u00e1tica deliberada denominada como locaute \u2013 movimento coordenado e incentivado por empres\u00e1rios do setor de transporte.<\/span><\/span><\/p>\n<p><span style=\"font-size: 18px;\"><span style=\"font-family: Georgia,serif;\"><img data-recalc-dims=\"1\" decoding=\"async\" class=\"entry-thumb\" src=\"https:\/\/i0.wp.com\/www.rondoniadinamica.com\/uploads\/yespo.jpg?w=600\" alt=\"\" \/><\/span><\/span><\/p>\n<p><span style=\"font-size: 18px;\"><span style=\"font-family: Georgia,serif;\">O ministro da Seguran\u00e7a P\u00fablica do governo Michel Temer (MDB), Raul Jungmann, chegou a informar que as transportadoras querem a redu\u00e7\u00e3o do pre\u00e7o do \u00f3leo diesel para aumentar suas margens de lucro. A pr\u00e1tica \u00e9, como j\u00e1 pontuado, conhecida como locaute, proibida por lei no Brasil.<\/span><\/span><\/p>\n<p><span style=\"font-size: 18px;\"><span style=\"font-family: Georgia,serif;\">Regionalmente, o desespero das pessoas e os reflexos tanto rasos quanto mais profundos de todo o caos vigente s\u00e3o extremamente ben\u00e9ficos para pol\u00edticos envolvidos direta ou indiretamente em esc\u00e2ndalos de corrup\u00e7\u00e3o.<\/span><\/span><\/p>\n<p><span style=\"font-size: 18px;\"><span style=\"font-family: Georgia,serif;\">S\u00f3 nesta semana, por exemplo, o ministro Edson Fachin, do Supremo Tribunal Federal (STF), declinou da compet\u00eancia da Suprema Corte para julgar o senador e ex-governador Ivo Cassol (PP) em processo relacionado \u00e0 \u2018Opera\u00e7\u00e3o Lava Jato\u2019.<\/span><\/span><\/p>\n<p><img data-recalc-dims=\"1\" decoding=\"async\" class=\"entry-thumb\" src=\"https:\/\/i0.wp.com\/www.rondoniadinamica.com\/uploads\/1txqau5os0tx6hw.jpg?w=600\" alt=\"Resultado de imagem para ivo cassol\" \/><\/p>\n<p><span style=\"font-size: 18px;\"><span style=\"font-family: Georgia,serif;\">Cassol e o ex-secret\u00e1rio de Planejamento Jo\u00e3o Carlos Gon\u00e7alves Ribeiro, delatados pelo colaborador Henrique Sarrano do Prado Valladares, s\u00e3o apontados, respectivamente, como \u201cMa\u00e7aranduba\u201d e \u201cDallas\u201d na lista de propina distribu\u00edda pelo Setor de Opera\u00e7\u00f5es Estruturadas do Grupo Odebrecht, conforme noticiou o <strong>Rond\u00f4nia Din\u00e2mica<\/strong>.<\/span><\/span><\/p>\n<p><strong><span style=\"font-size: 18px;\"><span style=\"font-family: Georgia,serif;\">LEIA<\/span><\/span><\/strong><br \/>\n<a href=\"http:\/\/www.rondoniadinamica.com\/arquivo\/exclusivo-processo-onde-cassol-e-acusado-de-receber-propina-de-r-2-milhoes-para-favorecer-santo-antonio-sera-julgado-em-rondonia,25352.shtml\" target=\"_blank\"><span style=\"color: #0000cd;\"><u><strong><span style=\"font-size: 18px;\"><span style=\"font-family: Georgia,serif;\">Exclusivo \u2013 Processo onde Cassol \u00e9 acusado de receber propina de R$ 2 milh\u00f5es para favorecer Santo Ant\u00f4nio ser\u00e1 julgado em Rond\u00f4nia<\/span><\/span><\/strong><\/u><\/span><\/a><\/p>\n<p><span style=\"font-family: Georgia,serif; font-size: 18px;\">Ambos teriam recebido R$ 3 milh\u00f5es (Cassol, R$ 2 mi; Ribeiro, R$ 1 mi) como contrapartida ao favorecimento em certames administrativos atinentes \u00e0 execu\u00e7\u00e3o das obras da Usina Hidrel\u00e9trica de Santo Ant\u00f4nio, integrante do Projeto Madeira.<\/span><\/p>\n<p><span style=\"font-size: 18px;\"><span style=\"font-family: Georgia,serif;\">Um m\u00eas atr\u00e1s, o progressista fora sentenciado por improbidade administrativa; segundo a Justi\u00e7a, ele teria bancado evento privado com dinheiro p\u00fablico. O congressista j\u00e1 recorreu da conden\u00e7\u00e3o e aguarda o julgamento do recurso.<\/span><\/span><\/p>\n<p><strong><span style=\"font-size: 18px;\"><span style=\"font-family: Georgia,serif;\">E AINDA<br \/>\n<a href=\"http:\/\/www.rondoniadinamica.com\/arquivo\/condenado-por-bancar-evento-social-privado-com-dinheiro-publico-ivo-cassol-apela-ao-tribunal-de-justica-de-rondonia,25287.shtml\" target=\"_blank\"><span style=\"color: #0000cd;\"><u>Condenado por bancar evento social privado com dinheiro p\u00fablico, Ivo Cassol apela ao Tribunal de Justi\u00e7a de Rond\u00f4nia<\/u><\/span><\/a><\/span><\/span><\/strong><\/p>\n<p><span style=\"font-size: 18px;\"><span style=\"font-family: Georgia,serif;\"><strong>Term\u00f3pilas<\/strong><\/span><\/span><\/p>\n<p><span style=\"font-size: 18px;\"><span style=\"font-family: Georgia,serif;\">Passou batido, ainda, condena\u00e7\u00e3o proferida no \u00e2mbito da famigerada \u2013 e j\u00e1 esquecida \u2013 \u2018Opera\u00e7\u00e3o Term\u00f3pilas\u2019.<\/span><\/span><\/p>\n<p><span style=\"font-size: 18px;\"><span style=\"font-family: Georgia,serif;\">Foram sentenciados pela ju\u00edza de Direito In\u00eas Moreira da Costa: Andressa Samara Masiero Zamberlan, ex- coordenadora de Administra\u00e7\u00e3o e Finan\u00e7as da Secretaria de Estado da Justi\u00e7a (Sejus\/RO);\u00a0 R\u00f4mulo da Silva Lopes \u2013 afilhado do ex-governador Conf\u00facio Moura (MDB) e ex-assessor especial do mesmo \u00f3rg\u00e3o; M\u00edrian Spre\u00e1fico, ex-secret\u00e1ria titular da pasta; Rafael Santos da Costa, considerado \u201cbra\u00e7o direito\u201d do ex-presidente da Assembleia Legislativa Valter Ara\u00fajo; e os empres\u00e1rios J\u00falio C\u00e9sar Fernandes Martins Bonache e Jos\u00e9 Miguel Saud Morheb.<\/span><\/span><\/p>\n<p><span style=\"font-size: 18px;\"><span style=\"font-family: Georgia,serif;\"><strong>EXCLUSIVO<br \/>\n<a href=\"http:\/\/www.rondoniadinamica.com\/arquivo\/termopilas-afilhado-de-confucio-moura-braco-direito-de-valter-araujo-empresarios-e-ex-secretaria-da-sejus-ro-sao-condenados,25481.shtml\" target=\"_blank\"><span style=\"color: #0000cd;\"><u>Term\u00f3pilas \u2013 Afilhado de Conf\u00facio Moura, \u2018bra\u00e7o direito\u2019 de Valter Ara\u00fajo, empres\u00e1rios e ex-secret\u00e1ria da Sejus\/RO s\u00e3o condenados<\/u><\/span><\/a><\/strong><\/span><\/span><\/p>\n<p><span style=\"font-size: 18px;\"><span style=\"font-family: Georgia,serif;\">Morheb, relembrando, \u00e9 o autor da c\u00e9lebre frase: \u201cPropina n\u00e3o \u00e9 desperd\u00edcio, \u00e9 investimento\u201d. Concidentemente ou n\u00e3o, ele e outros empres\u00e1rios prosperavam no governo Conf\u00facio, principalmente no primeiro mandato, enquanto \u201cmolhavam as m\u00e3os\u201d de servidores (incluindo uma ex-secret\u00e1ria de Estado) nas pastas estaduais de Justi\u00e7a e Sa\u00fade.<\/span><\/span><\/p>\n<p><span style=\"font-size: 18px;\"><span style=\"font-family: Georgia,serif;\"><img data-recalc-dims=\"1\" decoding=\"async\" class=\"entry-thumb\" src=\"https:\/\/i0.wp.com\/www.rondoniadinamica.com\/uploads\/m-c.jpg?w=600\" alt=\"\" \/><\/span><\/span><\/p>\n<p><span style=\"font-size: 18px;\"><span style=\"font-family: Georgia,serif;\">M\u00edrian Spre\u00e1fico, ex-titular da Sejus\/RO, tamb\u00e9m praticou conduta \u00edmproba, pois n\u00e3o s\u00f3 foi conivente com a atua\u00e7\u00e3o dos servidores que recebiam dinheiro para beneficiar interesses do empresariado, como tamb\u00e9m recebia repasses financeiros de Bonache e Morheb.<\/span><\/span><\/p>\n<p><span style=\"font-size: 18px;\"><span style=\"font-family: Georgia,serif;\">De acordo com as provas, R\u00f4mulo da Silva Lopes, o tal afilhado do emedebista pr\u00e9-candidato ao Senado, possu\u00eda tr\u00e2nsito livre dentro da Sejus\/RO e em outros \u00f3rg\u00e3os do Governo do Estado \u201cem raz\u00e3o de proximidade com o ent\u00e3o governador Conf\u00facio Moura\u201d.<\/span><\/span><\/p>\n<p><span style=\"font-size: 18px;\"><span style=\"font-family: Georgia,serif;\"><strong>Esc\u00e2ndalo da ponte de Ji-Paran\u00e1<\/strong><\/span><\/span><\/p>\n<p><span style=\"font-size: 18px;\"><span style=\"font-family: Georgia,serif;\">Outro esquema j\u00e1 esquecido pela popula\u00e7\u00e3o \u00e9 o esc\u00e2ndalo da ponte de Ji-Paran\u00e1, onde o ex-diretor-geral do Departamento de Estradas de Rodagem (DER\/RO) Ezequiel Neiva, pr\u00e9-candidato a deputado estadual pelo MDB, \u00e9 acusado pelo promotor de Justi\u00e7a Geraldo Henrique Ramos de participar de \u201ctrama ardilosa para roubar dinheiro p\u00fablico\u201d.<\/span><\/span><\/p>\n<p><img data-recalc-dims=\"1\" decoding=\"async\" class=\"entry-thumb\" style=\"border-style: solid; border-width: 4px;\" src=\"https:\/\/i0.wp.com\/www.rondoniadinamica.com.br\/uploads\/GERALDO.jpg?w=600\" \/><br \/>\n<span style=\"font-size: 16px;\"><span style=\"font-family: Georgia,serif;\"><em>Trecho emblem\u00e1tico da den\u00fancia do MP\/RO<\/em><\/span><\/span><\/p>\n<p><span style=\"font-size: 18px;\"><span style=\"font-family: Georgia,serif;\">Al\u00e9m de Neiva, diversas pessoas s\u00e3o acusadas de agir em conluio para desviar R$ 30 milh\u00f5es dos cofres p\u00fablicos do Estado de Rond\u00f4nia. Os bens de todos os envolvidos foram bloqueados pelo Poder Judici\u00e1rio.<\/span><\/span><\/p>\n<p><span style=\"font-size: 18px;\"><span style=\"font-family: Georgia,serif;\">Na \u00faltima ter\u00e7a-feira (22), <a href=\"http:\/\/www.rondoniadinamica.com\/arquivo\/escandalo-da-ponte-justica-mantem-bloqueio-em-conta-de-pre-candidato-e-ex-diretor-do-der-ro-ezequiel-neiva,25544.shtml\" target=\"_blank\"><span style=\"color: #0000cd;\"><u><strong>a Justi\u00e7a indeferiu pedido<\/strong><\/u><\/span><\/a> do ex-diretor do DER\/RO.<\/span><\/span><\/p>\n<p><span style=\"font-size: 18px;\"><span style=\"font-family: Georgia,serif;\"><img data-recalc-dims=\"1\" decoding=\"async\" class=\"entry-thumb\" src=\"https:\/\/i0.wp.com\/www.rondoniadinamica.com\/uploads\/neivaneiva.jpg?w=600\" alt=\"\" \/><\/span><\/span><\/p>\n<p><span style=\"font-size: 18px;\"><span style=\"font-family: Georgia,serif;\">Ele solicitou \u00e0 Justi\u00e7a de Rond\u00f4nia que fosse exclu\u00edda ordem de penhora em conta banc\u00e1ria \u201csob fundamento de que apenas lhe \u00e9 depositado valores a t\u00edtulo de verbas salariais, o que \u00e9 impenhor\u00e1vel\u201d.<\/span><\/span><\/p>\n<p><span style=\"font-size: 18px;\"><span style=\"font-family: Georgia,serif;\">A magistrada respons\u00e1vel pela an\u00e1lise, no entanto, negou o pleito.<\/span><\/span><\/p>\n<p><span style=\"font-size: 18px;\"><span style=\"font-family: Georgia,serif;\">\u201cOcorre que a parte apesar de alegar que recebe apenas verbas de natureza salarial em sua conta, deixou de apresentar extrato banc\u00e1rio para comprovar suas alega\u00e7\u00f5es\u201d, pontuou.<\/span><\/span><\/p>\n<p><span style=\"font-size: 18px;\"><span style=\"font-family: Georgia,serif;\">Fato \u00e9 que o pandem\u00f4nio estabelecido abriu alas a agentes e ex-agentes p\u00fablicos para que desfilem inoc\u00eancia e desfa\u00e7atez ao maior estilo \u201cn\u00e3o \u00e9 comigo\u201d, principalmente agora em ano de elei\u00e7\u00e3o. O povo, embora sofra desnorteado por ora, n\u00e3o pode esquecer as causas de seu sofrimento.<\/span><\/span><\/p>\n","protected":false},"excerpt":{"rendered":"<p>Condena\u00e7\u00e3o na famigerada \u2018Opera\u00e7\u00e3o Term\u00f3pilas\u2019 foi ignorada e processo de ex-governador na Lava Jato em Rond\u00f4nia passou batido<\/p>\n","protected":false},"author":1,"featured_media":0,"comment_status":"closed","ping_status":"open","sticky":false,"template":"","format":"standard","meta":{"_exactmetrics_skip_tracking":false,"_exactmetrics_sitenote_active":false,"_exactmetrics_sitenote_note":"","_exactmetrics_sitenote_category":0,"jetpack_post_was_ever_published":false,"_jetpack_newsletter_access":"","_jetpack_dont_email_post_to_subs":false,"_jetpack_newsletter_tier_id":0,"_jetpack_memberships_contains_paywalled_content":false,"_jetpack_memberships_contains_paid_content":false,"footnotes":"","jetpack_publicize_message":"","jetpack_publicize_feature_enabled":true,"jetpack_social_post_already_shared":true,"jetpack_social_options":{"image_generator_settings":{"template":"highway","enabled":false},"version":2}},"categories":[1],"tags":[],"class_list":["post-18184","post","type-post","status-publish","format-standard","hentry","category-notas"],"jetpack_publicize_connections":[],"jetpack_sharing_enabled":true,"jetpack_featured_media_url":"","jetpack_shortlink":"https:\/\/wp.me\/p7wKYW-4Ji","jetpack-related-posts":[],"_links":{"self":[{"href":"http:\/\/blogdalucianaoliveira.com.br\/blog\/wp-json\/wp\/v2\/posts\/18184","targetHints":{"allow":["GET"]}}],"collection":[{"href":"http:\/\/blogdalucianaoliveira.com.br\/blog\/wp-json\/wp\/v2\/posts"}],"about":[{"href":"http:\/\/blogdalucianaoliveira.com.br\/blog\/wp-json\/wp\/v2\/types\/post"}],"author":[{"embeddable":true,"href":"http:\/\/blogdalucianaoliveira.com.br\/blog\/wp-json\/wp\/v2\/users\/1"}],"replies":[{"embeddable":true,"href":"http:\/\/blogdalucianaoliveira.com.br\/blog\/wp-json\/wp\/v2\/comments?post=18184"}],"version-history":[{"count":3,"href":"http:\/\/blogdalucianaoliveira.com.br\/blog\/wp-json\/wp\/v2\/posts\/18184\/revisions"}],"predecessor-version":[{"id":18189,"href":"http:\/\/blogdalucianaoliveira.com.br\/blog\/wp-json\/wp\/v2\/posts\/18184\/revisions\/18189"}],"wp:attachment":[{"href":"http:\/\/blogdalucianaoliveira.com.br\/blog\/wp-json\/wp\/v2\/media?parent=18184"}],"wp:term":[{"taxonomy":"category","embeddable":true,"href":"http:\/\/blogdalucianaoliveira.com.br\/blog\/wp-json\/wp\/v2\/categories?post=18184"},{"taxonomy":"post_tag","embeddable":true,"href":"http:\/\/blogdalucianaoliveira.com.br\/blog\/wp-json\/wp\/v2\/tags?post=18184"}],"curies":[{"name":"wp","href":"https:\/\/api.w.org\/{rel}","templated":true}]}}