{"id":18197,"date":"2018-05-28T10:10:51","date_gmt":"2018-05-28T14:10:51","guid":{"rendered":"http:\/\/blogdalucianaoliveira.com.br\/blog\/?p=18197"},"modified":"2018-05-28T10:10:51","modified_gmt":"2018-05-28T14:10:51","slug":"petrobras-desaba-quase-7-e-sobe-pressao-sobre-parente","status":"publish","type":"post","link":"http:\/\/blogdalucianaoliveira.com.br\/blog\/2018\/05\/28\/petrobras-desaba-quase-7-e-sobe-pressao-sobre-parente\/","title":{"rendered":"PETROBRAS DESABA QUASE 7% E SOBE PRESS\u00c3O SOBRE PARENTE"},"content":{"rendered":"<p><img data-recalc-dims=\"1\" loading=\"lazy\" decoding=\"async\" data-attachment-id=\"18198\" data-permalink=\"http:\/\/blogdalucianaoliveira.com.br\/blog\/2018\/05\/28\/petrobras-desaba-quase-7-e-sobe-pressao-sobre-parente\/pat\/\" data-orig-file=\"https:\/\/i0.wp.com\/blogdalucianaoliveira.com.br\/blog\/wp-content\/uploads\/2018\/05\/pat.jpg?fit=1000%2C357\" data-orig-size=\"1000,357\" data-comments-opened=\"0\" data-image-meta=\"{&quot;aperture&quot;:&quot;0&quot;,&quot;credit&quot;:&quot;&quot;,&quot;camera&quot;:&quot;&quot;,&quot;caption&quot;:&quot;&quot;,&quot;created_timestamp&quot;:&quot;0&quot;,&quot;copyright&quot;:&quot;&quot;,&quot;focal_length&quot;:&quot;0&quot;,&quot;iso&quot;:&quot;0&quot;,&quot;shutter_speed&quot;:&quot;0&quot;,&quot;title&quot;:&quot;&quot;,&quot;orientation&quot;:&quot;0&quot;}\" data-image-title=\"pat\" data-image-description=\"\" data-image-caption=\"\" data-medium-file=\"https:\/\/i0.wp.com\/blogdalucianaoliveira.com.br\/blog\/wp-content\/uploads\/2018\/05\/pat.jpg?fit=300%2C107\" data-large-file=\"https:\/\/i0.wp.com\/blogdalucianaoliveira.com.br\/blog\/wp-content\/uploads\/2018\/05\/pat.jpg?fit=600%2C214\" src=\"https:\/\/i0.wp.com\/blogdalucianaoliveira.com.br\/blog\/wp-content\/uploads\/2018\/05\/pat.jpg?resize=600%2C214\" alt=\"pat\" width=\"600\" height=\"214\" class=\"alignnone size-full wp-image-18198\" srcset=\"https:\/\/i0.wp.com\/blogdalucianaoliveira.com.br\/blog\/wp-content\/uploads\/2018\/05\/pat.jpg?w=1000 1000w, https:\/\/i0.wp.com\/blogdalucianaoliveira.com.br\/blog\/wp-content\/uploads\/2018\/05\/pat.jpg?resize=300%2C107 300w, https:\/\/i0.wp.com\/blogdalucianaoliveira.com.br\/blog\/wp-content\/uploads\/2018\/05\/pat.jpg?resize=768%2C274 768w, https:\/\/i0.wp.com\/blogdalucianaoliveira.com.br\/blog\/wp-content\/uploads\/2018\/05\/pat.jpg?resize=800%2C286 800w\" sizes=\"auto, (max-width: 600px) 100vw, 600px\" \/><\/p>\n<p>247 com Reuters &#8211; O principal \u00edndice de a\u00e7\u00f5es da bolsa brasileira (B3) operava em forte queda na manh\u00e3 desta segunda-feira (28), em meio \u00e0 cautela com os efeitos das medidas anunciadas na v\u00e9spera pelo governo para encerrar a greve dos caminhoneiros nas contas p\u00fablicas e na Petrobras. As a\u00e7\u00f5es da estatal ca\u00edam ao redor de 7%.<!--more--><\/p>\n<p>\u00c0s 10h37, o Ibovespa ca\u00eda 2,74%, a 76.738 pontos. <\/p>\n<p>A Petrobras informou que manter\u00e1 por 60 dias uma redu\u00e7\u00e3o nos pre\u00e7os do \u00f3leo diesel rodovi\u00e1rio anunciada no domingo pelo governo federal e que, ap\u00f3s esse prazo, os reajustes do combust\u00edvel passar\u00e3o a ser mensais, e n\u00e3o at\u00e9 di\u00e1rios como ditava antes a pol\u00edtica da companhia.<\/p>\n<p>Em comunicado, a petroleira ressaltou que &#8220;n\u00e3o subsidiar\u00e1 o pre\u00e7o do diesel e n\u00e3o incorrer\u00e1 em preju\u00edzo, uma vez que ser\u00e1 ressarcida pela Uni\u00e3o, em modalidade ainda a ser definida&#8221;.<\/p>\n<p>A redu\u00e7\u00e3o nos pre\u00e7os j\u00e1 anunciada ser\u00e1 de 46 centavos por livro, alcan\u00e7ada por meio de redu\u00e7\u00e3o da carga tribut\u00e1ria e da subven\u00e7\u00e3o a ser paga pela Uni\u00e3o, segundo a companhia.<\/p>\n","protected":false},"excerpt":{"rendered":"<p>247 com Reuters &#8211; O principal \u00edndice de a\u00e7\u00f5es da bolsa brasileira (B3) operava em forte queda na manh\u00e3 desta segunda-feira (28), em meio \u00e0 cautela com os efeitos das medidas anunciadas na v\u00e9spera pelo governo para encerrar a greve dos caminhoneiros nas contas p\u00fablicas e na Petrobras. As a\u00e7\u00f5es da estatal ca\u00edam ao redor&#8230;<a class=\"more-link\" href=\"http:\/\/blogdalucianaoliveira.com.br\/blog\/2018\/05\/28\/petrobras-desaba-quase-7-e-sobe-pressao-sobre-parente\/\">Continue a leitura <span class=\"meta-nav\">&raquo;<\/span><\/a><\/p>\n","protected":false},"author":1,"featured_media":0,"comment_status":"closed","ping_status":"open","sticky":false,"template":"","format":"standard","meta":{"_exactmetrics_skip_tracking":false,"_exactmetrics_sitenote_active":false,"_exactmetrics_sitenote_note":"","_exactmetrics_sitenote_category":0,"jetpack_post_was_ever_published":false,"_jetpack_newsletter_access":"","_jetpack_dont_email_post_to_subs":false,"_jetpack_newsletter_tier_id":0,"_jetpack_memberships_contains_paywalled_content":false,"_jetpack_memberships_contains_paid_content":false,"footnotes":"","jetpack_publicize_message":"","jetpack_publicize_feature_enabled":true,"jetpack_social_post_already_shared":true,"jetpack_social_options":{"image_generator_settings":{"template":"highway","enabled":false},"version":2}},"categories":[1],"tags":[],"class_list":["post-18197","post","type-post","status-publish","format-standard","hentry","category-notas"],"jetpack_publicize_connections":[],"jetpack_sharing_enabled":true,"jetpack_featured_media_url":"","jetpack_shortlink":"https:\/\/wp.me\/p7wKYW-4Jv","jetpack-related-posts":[],"_links":{"self":[{"href":"http:\/\/blogdalucianaoliveira.com.br\/blog\/wp-json\/wp\/v2\/posts\/18197","targetHints":{"allow":["GET"]}}],"collection":[{"href":"http:\/\/blogdalucianaoliveira.com.br\/blog\/wp-json\/wp\/v2\/posts"}],"about":[{"href":"http:\/\/blogdalucianaoliveira.com.br\/blog\/wp-json\/wp\/v2\/types\/post"}],"author":[{"embeddable":true,"href":"http:\/\/blogdalucianaoliveira.com.br\/blog\/wp-json\/wp\/v2\/users\/1"}],"replies":[{"embeddable":true,"href":"http:\/\/blogdalucianaoliveira.com.br\/blog\/wp-json\/wp\/v2\/comments?post=18197"}],"version-history":[{"count":1,"href":"http:\/\/blogdalucianaoliveira.com.br\/blog\/wp-json\/wp\/v2\/posts\/18197\/revisions"}],"predecessor-version":[{"id":18199,"href":"http:\/\/blogdalucianaoliveira.com.br\/blog\/wp-json\/wp\/v2\/posts\/18197\/revisions\/18199"}],"wp:attachment":[{"href":"http:\/\/blogdalucianaoliveira.com.br\/blog\/wp-json\/wp\/v2\/media?parent=18197"}],"wp:term":[{"taxonomy":"category","embeddable":true,"href":"http:\/\/blogdalucianaoliveira.com.br\/blog\/wp-json\/wp\/v2\/categories?post=18197"},{"taxonomy":"post_tag","embeddable":true,"href":"http:\/\/blogdalucianaoliveira.com.br\/blog\/wp-json\/wp\/v2\/tags?post=18197"}],"curies":[{"name":"wp","href":"https:\/\/api.w.org\/{rel}","templated":true}]}}