{"id":18200,"date":"2018-05-28T10:56:47","date_gmt":"2018-05-28T14:56:47","guid":{"rendered":"http:\/\/blogdalucianaoliveira.com.br\/blog\/?p=18200"},"modified":"2018-05-28T15:00:57","modified_gmt":"2018-05-28T19:00:57","slug":"rondonia-mantem-representacao-na-comissao-nacional-de-blogueiros-e-ativistas-digitais","status":"publish","type":"post","link":"http:\/\/blogdalucianaoliveira.com.br\/blog\/2018\/05\/28\/rondonia-mantem-representacao-na-comissao-nacional-de-blogueiros-e-ativistas-digitais\/","title":{"rendered":"Rond\u00f4nia mant\u00e9m representa\u00e7\u00e3o na Comiss\u00e3o Nacional de Blogueiros e Ativistas Digitais"},"content":{"rendered":"<p><img data-recalc-dims=\"1\" loading=\"lazy\" decoding=\"async\" data-attachment-id=\"18201\" data-permalink=\"http:\/\/blogdalucianaoliveira.com.br\/blog\/2018\/05\/28\/rondonia-mantem-representacao-na-comissao-nacional-de-blogueiros-e-ativistas-digitais\/vou\/\" data-orig-file=\"https:\/\/i0.wp.com\/blogdalucianaoliveira.com.br\/blog\/wp-content\/uploads\/2018\/05\/vou.jpg?fit=775%2C774\" data-orig-size=\"775,774\" data-comments-opened=\"0\" data-image-meta=\"{&quot;aperture&quot;:&quot;0&quot;,&quot;credit&quot;:&quot;&quot;,&quot;camera&quot;:&quot;&quot;,&quot;caption&quot;:&quot;&quot;,&quot;created_timestamp&quot;:&quot;0&quot;,&quot;copyright&quot;:&quot;&quot;,&quot;focal_length&quot;:&quot;0&quot;,&quot;iso&quot;:&quot;0&quot;,&quot;shutter_speed&quot;:&quot;0&quot;,&quot;title&quot;:&quot;&quot;,&quot;orientation&quot;:&quot;0&quot;}\" data-image-title=\"vou\" data-image-description=\"\" data-image-caption=\"\" data-medium-file=\"https:\/\/i0.wp.com\/blogdalucianaoliveira.com.br\/blog\/wp-content\/uploads\/2018\/05\/vou.jpg?fit=300%2C300\" data-large-file=\"https:\/\/i0.wp.com\/blogdalucianaoliveira.com.br\/blog\/wp-content\/uploads\/2018\/05\/vou.jpg?fit=600%2C599\" src=\"https:\/\/i0.wp.com\/blogdalucianaoliveira.com.br\/blog\/wp-content\/uploads\/2018\/05\/vou.jpg?resize=600%2C599\" alt=\"vou\" width=\"600\" height=\"599\" class=\"alignnone size-full wp-image-18201\" srcset=\"https:\/\/i0.wp.com\/blogdalucianaoliveira.com.br\/blog\/wp-content\/uploads\/2018\/05\/vou.jpg?w=775 775w, https:\/\/i0.wp.com\/blogdalucianaoliveira.com.br\/blog\/wp-content\/uploads\/2018\/05\/vou.jpg?resize=150%2C150 150w, https:\/\/i0.wp.com\/blogdalucianaoliveira.com.br\/blog\/wp-content\/uploads\/2018\/05\/vou.jpg?resize=300%2C300 300w, https:\/\/i0.wp.com\/blogdalucianaoliveira.com.br\/blog\/wp-content\/uploads\/2018\/05\/vou.jpg?resize=768%2C767 768w\" sizes=\"auto, (max-width: 600px) 100vw, 600px\" \/><\/p>\n<p>At\u00e9 junho de 2019, permanece inalterada a Comiss\u00e3o Nacional eleita em 2016, em encontro realizado em Belo Horizonte.<\/p>\n<p>Foi o que ficou decidido em S\u00e3o Paulo por blogueiros e ativistas digitais que se reuniram para firmar compromisso em defesa da democracia e contra os retrocessos promovidos pelo governo Temer.<!--more--><\/p>\n<p>O blog da Luciana Oliveira segue como representante de Rond\u00f4nia na comiss\u00e3o nacional.<\/p>\n<p><iframe loading=\"lazy\" src=\"https:\/\/www.facebook.com\/plugins\/video.php?href=https%3A%2F%2Fwww.facebook.com%2Fluciana.oliveira.75457%2Fvideos%2F1826116287464266%2F&#038;show_text=0&#038;width=560\" width=\"560\" height=\"316\" style=\"border:none;overflow:hidden\" scrolling=\"no\" frameborder=\"0\" allowTransparency=\"true\" allowFullScreen=\"true\"><\/iframe><\/p>\n<p>Realizado pelo Centro de Estudos da M\u00eddia Alternativa Bar\u00e3o de Itarar\u00e9, o encontro serviu para uma an\u00e1lise da situa\u00e7\u00e3o do pa\u00eds e para tra\u00e7ar os desafios de comunicadores e ativistas, com a batalha de ideias e de informa\u00e7\u00e3o em contraponto \u00e0 imprensa comercial, no dram\u00e1tico cen\u00e1rio pol\u00edtico.<\/p>\n<p>Houve debates e rodas de conversa, onde blogueiros e ativistas discutiram experi\u00eancias de alcance local e nacional, m\u00e9todos e projetos de produ\u00e7\u00e3o de informa\u00e7\u00e3o em meio aos retrocessos democr\u00e1ticos sofridos pelo pa\u00eds desde o golpe de 2016. <\/p>\n<p>Entre os que se revezaram na mesa de debates, a coordenadora-geral do F\u00f3rum Nacional pela Democratiza\u00e7\u00e3o da Comunica\u00e7\u00e3o (FNDC), Renata Mielli, a presidenta da Federa\u00e7\u00e3o Nacional dos Jornalistas (Fenaj), Maria Jos\u00e9 Braga, o deputado federal Jean Wyllys (Psol-RJ), o economista M\u00e1rcio Pochmann  e a lideran\u00e7a ind\u00edgena S\u00f4nia Guajajara, pr\u00e9-candidata a vice de Guilhereme Boulos na disputa pela presid\u00eancia.<\/p>\n<p>&#8220;N\u00e3o tem coisa pior que achar que a luta est\u00e1 perdida e a luta n\u00e3o est\u00e1 perdida. A luta est\u00e1 transcorrendo e enquanto tiver hist\u00f3ria, haver\u00e1 luta\u201d, disse a presidente da FENAJ.<\/p>\n<p><iframe loading=\"lazy\" src=\"https:\/\/www.facebook.com\/plugins\/video.php?href=https%3A%2F%2Fwww.facebook.com%2Fluciana.oliveira.75457%2Fvideos%2F1826075417468353%2F&#038;show_text=0&#038;width=560\" width=\"560\" height=\"315\" style=\"border:none;overflow:hidden\" scrolling=\"no\" frameborder=\"0\" allowTransparency=\"true\" allowFullScreen=\"true\"><\/iframe><\/p>\n<p><iframe loading=\"lazy\" src=\"https:\/\/www.facebook.com\/plugins\/video.php?href=https%3A%2F%2Fwww.facebook.com%2Fluciana.oliveira.75457%2Fvideos%2F1825470100862218%2F&#038;show_text=0&#038;width=560\" width=\"560\" height=\"315\" style=\"border:none;overflow:hidden\" scrolling=\"no\" frameborder=\"0\" allowTransparency=\"true\" allowFullScreen=\"true\"><\/iframe><\/p>\n<p>O caos instalado no pais em fun\u00e7\u00e3o da greve dos caminhoneiros tamb\u00e9m acalorou os debates, sobretudo, porque o alerta contra a pol\u00edtica de privatiza\u00e7\u00f5es, que est\u00e1 por tr\u00e1s da paraliza\u00e7\u00e3o, foi dado t\u00e3o logo Michel Temer tomou o poder.<\/p>\n<p>Alexandre Castilho, diretor do sindicato dos petroleiros em S\u00e3o Paulo, falou sobre isso:<\/p>\n<p><iframe loading=\"lazy\" src=\"https:\/\/www.facebook.com\/plugins\/video.php?href=https%3A%2F%2Fwww.facebook.com%2Fluciana.oliveira.75457%2Fvideos%2F1826447940764434%2F&#038;show_text=0&#038;width=560\" width=\"560\" height=\"315\" style=\"border:none;overflow:hidden\" scrolling=\"no\" frameborder=\"0\" allowTransparency=\"true\" allowFullScreen=\"true\"><\/iframe><\/p>\n<p>O jornalista Rodrigo Vianna, tamb\u00e9m ponderou sobre o apoio \u00e0 greve:<\/p>\n<p><iframe loading=\"lazy\" src=\"https:\/\/www.facebook.com\/plugins\/video.php?href=https%3A%2F%2Fwww.facebook.com%2Fluciana.oliveira.75457%2Fvideos%2F1826411820768046%2F&#038;show_text=0&#038;width=560\" width=\"560\" height=\"316\" style=\"border:none;overflow:hidden\" scrolling=\"no\" frameborder=\"0\" allowTransparency=\"true\" allowFullScreen=\"true\"><\/iframe><\/p>\n<p>Na ocasi\u00e3o, o deputado Jean Wyllys falou a este blog sobre as amea\u00e7as que vem sofrendo o Conselho Estadual LGBTT, aprovado na Assembleia Legislativa e devolvido \u00e0 promulga\u00e7\u00e3o sem san\u00e7\u00e3o expressa do governador de Rond\u00f4nia, Daniel Pereira.<\/p>\n<p><iframe loading=\"lazy\" src=\"https:\/\/www.facebook.com\/plugins\/video.php?href=https%3A%2F%2Fwww.facebook.com%2Fluciana.oliveira.75457%2Fvideos%2F1826029940806234%2F&#038;show_text=0&#038;width=560\" width=\"560\" height=\"315\" style=\"border:none;overflow:hidden\" scrolling=\"no\" frameborder=\"0\" allowTransparency=\"true\" allowFullScreen=\"true\"><\/iframe><\/p>\n<p>Ap\u00f3s dois dias debates, foi definida a Carta de S\u00e3o Paulo que ser\u00e1 apresentada nos pr\u00f3ximos dias, documento em que blogueiros e ativistas digitais reafirmam compromisso como m\u00eddia alternativa para lutar contra retrocessos.<\/p>\n<p>Comiss\u00e3o Nacional<\/p>\n<p>SUL<br \/>\n1- Rio Grande do Sul \u2013 Tatiane Pires<br \/>\n2- Santa Catarina \u2013 Z\u00e9 Carlos<br \/>\n3- Paran\u00e1 \u2013 Meg Cavalcante<\/p>\n<p>SUDESTE<br \/>\n4- S\u00e3o Paulo \u2013 Larissa Gould<br \/>\n5- Minas Gerais \u2013 Lidyane Ponciano<br \/>\n6- Rio de Janeiro \u2013 The\u00f3filo Rodrigues<br \/>\n7- Espirito Santo Cl\u00e1udio Machado<\/p>\n<p>CENTRO-OESTE<br \/>\n8- Goi\u00e1s \u2013 Narelly Batista<br \/>\n9- Distrito Federal \u2013 D\u00e9bora Cruz<\/p>\n<p>NORDESTE<br \/>\n10- Bahia \u2013 Julieta Palmeira<br \/>\n11- Para\u00edba \u2013 Cei\u00e7a Chaves<br \/>\n12- Pernambuco \u2013 Lissandro Nascimento<br \/>\n13- Sergipe \u2013 Dimas Roque<br \/>\n14- Piau\u00ed \u2013 Ronaldo Alves<br \/>\n15- Maranh\u00e3o \u2013 Pedro Jorge<br \/>\n16- Rio Grande do Norte \u2013 Daniel Dantas Lemos<br \/>\n17- Cear\u00e1 \u2013 Daniel Bezerra<\/p>\n<p>NORTE<br \/>\n18- Rond\u00f4nia \u2013 Luciana Oliveira<br \/>\n19- Amap\u00e1 \u2013 Mars\u00f3lio Lima<br \/>\n20- Par\u00e1 \u2013 Di\u00f3genes Brand\u00e3o<br \/>\n21- Amazonas \u2013 Andr\u00e9 Marc\u00edlio<\/p>\n<p>* Concei\u00e7\u00e3o Lemes \u2013 Blog Viomundo\u2028* Concei\u00e7\u00e3o Oliveira \u2013 Blog Maria Fr\u00f4\u2028* Eduardo Guimar\u00e3es \u2013 Blog da Cidadania\u2028* Paulo Henrique Amorim \u2013 Conversa Afiada\u2028* Rodrigo Vianna \u2013 Blog Escrevinhador\u2028* Renato Rovai \u2013 Revista F\u00f3rum\u2028* Altamiro Borges \u2013 Bar\u00e3o de Itarar\u00e9<\/p>\n","protected":false},"excerpt":{"rendered":"<p>At\u00e9 junho de 2019, permanece inalterada a Comiss\u00e3o Nacional eleita em 2016, em encontro realizado em Belo Horizonte. Foi o que ficou decidido em S\u00e3o Paulo por blogueiros e ativistas digitais que se reuniram para firmar compromisso em defesa da democracia e contra os retrocessos promovidos pelo governo Temer.<\/p>\n","protected":false},"author":1,"featured_media":0,"comment_status":"closed","ping_status":"open","sticky":false,"template":"","format":"standard","meta":{"_exactmetrics_skip_tracking":false,"_exactmetrics_sitenote_active":false,"_exactmetrics_sitenote_note":"","_exactmetrics_sitenote_category":0,"jetpack_post_was_ever_published":false,"_jetpack_newsletter_access":"","_jetpack_dont_email_post_to_subs":false,"_jetpack_newsletter_tier_id":0,"_jetpack_memberships_contains_paywalled_content":false,"_jetpack_memberships_contains_paid_content":false,"footnotes":"","jetpack_publicize_message":"","jetpack_publicize_feature_enabled":true,"jetpack_social_post_already_shared":true,"jetpack_social_options":{"image_generator_settings":{"template":"highway","enabled":false},"version":2}},"categories":[1],"tags":[],"class_list":["post-18200","post","type-post","status-publish","format-standard","hentry","category-notas"],"jetpack_publicize_connections":[],"jetpack_sharing_enabled":true,"jetpack_featured_media_url":"","jetpack_shortlink":"https:\/\/wp.me\/p7wKYW-4Jy","jetpack-related-posts":[],"_links":{"self":[{"href":"http:\/\/blogdalucianaoliveira.com.br\/blog\/wp-json\/wp\/v2\/posts\/18200","targetHints":{"allow":["GET"]}}],"collection":[{"href":"http:\/\/blogdalucianaoliveira.com.br\/blog\/wp-json\/wp\/v2\/posts"}],"about":[{"href":"http:\/\/blogdalucianaoliveira.com.br\/blog\/wp-json\/wp\/v2\/types\/post"}],"author":[{"embeddable":true,"href":"http:\/\/blogdalucianaoliveira.com.br\/blog\/wp-json\/wp\/v2\/users\/1"}],"replies":[{"embeddable":true,"href":"http:\/\/blogdalucianaoliveira.com.br\/blog\/wp-json\/wp\/v2\/comments?post=18200"}],"version-history":[{"count":4,"href":"http:\/\/blogdalucianaoliveira.com.br\/blog\/wp-json\/wp\/v2\/posts\/18200\/revisions"}],"predecessor-version":[{"id":18215,"href":"http:\/\/blogdalucianaoliveira.com.br\/blog\/wp-json\/wp\/v2\/posts\/18200\/revisions\/18215"}],"wp:attachment":[{"href":"http:\/\/blogdalucianaoliveira.com.br\/blog\/wp-json\/wp\/v2\/media?parent=18200"}],"wp:term":[{"taxonomy":"category","embeddable":true,"href":"http:\/\/blogdalucianaoliveira.com.br\/blog\/wp-json\/wp\/v2\/categories?post=18200"},{"taxonomy":"post_tag","embeddable":true,"href":"http:\/\/blogdalucianaoliveira.com.br\/blog\/wp-json\/wp\/v2\/tags?post=18200"}],"curies":[{"name":"wp","href":"https:\/\/api.w.org\/{rel}","templated":true}]}}