{"id":18209,"date":"2018-05-28T11:51:52","date_gmt":"2018-05-28T15:51:52","guid":{"rendered":"http:\/\/blogdalucianaoliveira.com.br\/blog\/?p=18209"},"modified":"2018-05-28T12:09:48","modified_gmt":"2018-05-28T16:09:48","slug":"politicas-urbanas-e-suas-incongruencias-na-cidade","status":"publish","type":"post","link":"http:\/\/blogdalucianaoliveira.com.br\/blog\/2018\/05\/28\/politicas-urbanas-e-suas-incongruencias-na-cidade\/","title":{"rendered":"POL\u00cdTICAS URBANAS E SUAS (IN)CONGRU\u00caNCIAS NA CIDADE"},"content":{"rendered":"<p><img data-recalc-dims=\"1\" loading=\"lazy\" decoding=\"async\" data-attachment-id=\"18213\" data-permalink=\"http:\/\/blogdalucianaoliveira.com.br\/blog\/2018\/05\/28\/politicas-urbanas-e-suas-incongruencias-na-cidade\/foto-artigo\/\" data-orig-file=\"https:\/\/i0.wp.com\/blogdalucianaoliveira.com.br\/blog\/wp-content\/uploads\/2018\/05\/Foto-artigo.jpg?fit=3264%2C2448\" data-orig-size=\"3264,2448\" data-comments-opened=\"0\" data-image-meta=\"{&quot;aperture&quot;:&quot;2.4&quot;,&quot;credit&quot;:&quot;&quot;,&quot;camera&quot;:&quot;iPhone 4S&quot;,&quot;caption&quot;:&quot;&quot;,&quot;created_timestamp&quot;:&quot;1526471924&quot;,&quot;copyright&quot;:&quot;&quot;,&quot;focal_length&quot;:&quot;4.28&quot;,&quot;iso&quot;:&quot;50&quot;,&quot;shutter_speed&quot;:&quot;0.000941619585687&quot;,&quot;title&quot;:&quot;&quot;,&quot;orientation&quot;:&quot;1&quot;}\" data-image-title=\"Foto artigo\" data-image-description=\"\" data-image-caption=\"\" data-medium-file=\"https:\/\/i0.wp.com\/blogdalucianaoliveira.com.br\/blog\/wp-content\/uploads\/2018\/05\/Foto-artigo.jpg?fit=300%2C225\" data-large-file=\"https:\/\/i0.wp.com\/blogdalucianaoliveira.com.br\/blog\/wp-content\/uploads\/2018\/05\/Foto-artigo.jpg?fit=600%2C450\" src=\"https:\/\/i0.wp.com\/blogdalucianaoliveira.com.br\/blog\/wp-content\/uploads\/2018\/05\/Foto-artigo.jpg?resize=600%2C450\" alt=\"Foto artigo\" width=\"600\" height=\"450\" class=\"alignnone size-full wp-image-18213\" srcset=\"https:\/\/i0.wp.com\/blogdalucianaoliveira.com.br\/blog\/wp-content\/uploads\/2018\/05\/Foto-artigo.jpg?w=3264 3264w, https:\/\/i0.wp.com\/blogdalucianaoliveira.com.br\/blog\/wp-content\/uploads\/2018\/05\/Foto-artigo.jpg?resize=300%2C225 300w, https:\/\/i0.wp.com\/blogdalucianaoliveira.com.br\/blog\/wp-content\/uploads\/2018\/05\/Foto-artigo.jpg?resize=768%2C576 768w, https:\/\/i0.wp.com\/blogdalucianaoliveira.com.br\/blog\/wp-content\/uploads\/2018\/05\/Foto-artigo.jpg?resize=1024%2C768 1024w, https:\/\/i0.wp.com\/blogdalucianaoliveira.com.br\/blog\/wp-content\/uploads\/2018\/05\/Foto-artigo.jpg?resize=400%2C300 400w, https:\/\/i0.wp.com\/blogdalucianaoliveira.com.br\/blog\/wp-content\/uploads\/2018\/05\/Foto-artigo.jpg?w=1200 1200w, https:\/\/i0.wp.com\/blogdalucianaoliveira.com.br\/blog\/wp-content\/uploads\/2018\/05\/Foto-artigo.jpg?w=1800 1800w\" sizes=\"auto, (max-width: 600px) 100vw, 600px\" \/><\/p>\n<p>Por Roberto Carlos Oliveira de Andrade<!--more--><\/p>\n<p>A cidade \u00e9 um aut\u00eantico palco de conflitos sociais, pol\u00edticos e ideol\u00f3gicos.<br \/>\nCom o passar dos anos, vemos esses conflitos implicarem aglomera\u00e7\u00f5es urbanas cada vez mais arruinada espacialmente. As pol\u00edticas urbanas que deveriam combater essas mazelas na cidade, s\u00e3o colocadas de lado. Isto \u00e9, ao inv\u00e9s do poder p\u00fablico, entidades civis e a sociedade organizada juntos, minimizarem este arruinamento, presenciamos o poder p\u00fablico ausente, entidades omissas e uma sociedade cada vez mais ego\u00edsta.<\/p>\n<p>Pol\u00edticas urbanas \u00e9 oriunda Lei n\u00ba 10.257 de 10 de junho de 2001 \u2013 que trata o Estatuto da Cidade -, e o Estatuto da Cidade por sua vez, nasce a partir da Constitui\u00e7\u00e3o Federal. Em ambas, h\u00e1 tratamentos para os Instrumentos de Pol\u00edticas Urbanas. Neste artigo, falarei sobre este tema porque s\u00e3o recursos que t\u00eam objetivo de minimizar os conflitos da conjuntura urbana. Contudo, o que \u00e9, qual seu objetivo e como s\u00e3o aplicados os Instrumentos de Pol\u00edticas Urbanas?<\/p>\n<p>Antes, vale ressaltar que o Estatuto da Cidade surgi a partir dos Artigos 182 e 183 da Constitui\u00e7\u00e3o Federal. Esses artigos referem-se: i) pol\u00edtica de desenvolvimento urbano, executada pelo Poder P\u00fablico municipal [&#8230;] e, ii) o detentor de \u00e1rea urbana de at\u00e9 duzentos e cinquenta metros quadrados [&#8230;] utilizando-a para sua moradia ou de sua fam\u00edlia, ter\u00e1 o dom\u00ednio, desde que n\u00e3o tenha outro im\u00f3vel urbano ou rural registrado [1].<\/p>\n<p>Al\u00e9m de estar incumbida de promover o bem-estar social de seus habitantes, a Pol\u00edtica Urbana \u00e9 uma norma de ordem p\u00fablica e interesse social que regulam o uso da propriedade urbana em prol do bem coletivo, da seguran\u00e7a e do bem-estar dos cidad\u00e3os, bem como do equil\u00edbrio ambiental. Tem por objetivo ordenar o desenvolvimento das fun\u00e7\u00f5es sociais da cidade e da propriedade urbana, atrav\u00e9s do direito \u00e0 moradia, \u00e0 infraestrutura urbana, [&#8230;] ao lazer, para as presentes e futuras gera\u00e7\u00f5es [2]. <\/p>\n<p>Os Instrumentos da Pol\u00edtica Urbana s\u00e3o divididos em: i) os planos nacionais, regionais e estaduais; ii) planejamento das regi\u00f5es metropolitanas; iii) planejamento municipal; iv) institutos tribut\u00e1rios e financeiros; v) institutos jur\u00eddicos e pol\u00edticos e; vi) estudo pr\u00e9vio de impacto ambiental e estudo pr\u00e9vio de impacto de vizinhan\u00e7a [2]. Esses 6 instrumentos tem a fun\u00e7\u00e3o de promover pol\u00edticas p\u00fablicas a fim de, ordenar, planejar e conciliar os intermitentes conflitos que ainda imperam na cidade desde o per\u00edodo colonial.<\/p>\n<p>Fazendo uma co-rela\u00e7\u00e3o entre o Artigo 182\u00ba da Constitui\u00e7\u00e3o Federal e o Estatuto da Cidade, percebemos estes Instrumentos assemelham-se com o termo \u2018Welfare State\u2019 ou o estado de bem-estar social. Todavia, \u00e9 preciso esclarecer, que os servi\u00e7os de Welfare State s\u00e3o de car\u00e1ter p\u00fablico e reconhecidos como direitos sociais [3]. Isto \u00e9, o Estado assistencial que garante padr\u00f5es m\u00ednimos de educa\u00e7\u00e3o, sa\u00fade, habita\u00e7\u00e3o, renda e seguridade social a todos os cidad\u00e3os tal como estabelecido nas Leis, anteriormente citadas.<\/p>\n<p>Contudo, quando analiso essas pol\u00edticas urbanas e remeto \u00e0 cidade de Porto Velho (RO), \u00e9 not\u00f3rio que o executivo municipal, al\u00e9m de n\u00e3o primar pela aplica\u00e7\u00e3o dos Instrumentos de Pol\u00edticas Urbanas, v\u00eam dando atendimento drasticamente d\u00edspares, principalmente quanto \u00e0 infraestrutura urbana. V\u00eam priorizando regi\u00f5es centrais ante a regi\u00f5es perif\u00e9ricas. Enquanto temos uma rua sendo reasfaltada na regi\u00e3o central \u2013 beneficiando uma pequena parte da cidade de uso predominantemente comercial \u2013 outras, com menos extens\u00e3o, poderiam estar recebendo essa mesma benfeitoria. Todavia, a vantagem \u00e9 que, se tratando de uma regi\u00e3o perif\u00e9rica que n\u00e3o tenha obtido o asfaltamento por exemplo, al\u00e9m da melhoria na circula\u00e7\u00e3o de pedestre ou veicular, essa regi\u00e3o perif\u00e9rica certamente sofreria menos com ruas alagadas e empoeiradas, nos per\u00edodos chuvosos e secos, respectivamente, o que favoreceria um maior n\u00famero de pessoas que na regi\u00e3o central.<\/p>\n<p>Em outra grave aus\u00eancia do munic\u00edpio nas pol\u00edticas urbanas, est\u00e3o as beiras de c\u00f3rregos, rios e \u00e1reas alag\u00e1veis \u2013 por terem legisla\u00e7\u00e3o espec\u00edfica -, al\u00e9m de estarem em condi\u00e7\u00f5es vulner\u00e1reis, s\u00e3o \u00e1reas que tendem a acumular mais moradias. Esse contexto, pode ser presenciado em Porto Velho (RO) nos igarap\u00e9s Grande (bairro Nova Floresta ao Tucumanzal), Gurgel (bairro Cohab), Santa B\u00e1rbara (no Mocambo) e canal Tancredo Neves (bairro Lagoinha). As consequ\u00eancias dessas prec\u00e1rias habita\u00e7\u00f5es s\u00e3o: contamina\u00e7\u00e3o do len\u00e7ol fre\u00e1tico, polui\u00e7\u00e3o dos recursos h\u00eddricos e dos mananciais, mortes por desmoronamento, epidemias etc.<\/p>\n<p>Diante dessa realidade, vimos que, os Instrumentos de Pol\u00edticas Urbanas para esta cidade s\u00e3o propostas com poucas obras de inclus\u00e3o social, seguido de interesses do capital imobili\u00e1rio. Uma heran\u00e7a desde sua urbaniza\u00e7\u00e3o do estilo coronelismo de ser, que governa para minoria e exclui a maioria numa verdadeira rela\u00e7\u00e3o de pol\u00edtica do favor, implicando numa situa\u00e7\u00e3o an\u00e1rquica e subversiva para o crescimento sustent\u00e1vel da cidade [4].<\/p>\n<p>Em s\u00edntese, sabendo que o Estatuto da Cidade tem objetivo de promover o bem-estar social para seus mun\u00edcipes, contudo, vimos seus Instrumentos de Pol\u00edticas Urbanas, completamente enferrujados e ou sem tocar uma can\u00e7\u00e3o qualquer. E quando esses instrumentos tocam, os acordes soam desafinados aos ouvidos mais agu\u00e7ados da periferia. Por fim, deixo uma pergunta para reflex\u00e3o: o que podemos contribuir para que nossos Instrumentos de Pol\u00edticas Urbanas venham se concretizar numa orquestra sinf\u00f4nica aud\u00edvel? <\/p>\n<p>Refer\u00eancias:<br \/>\n[1] BRASIL. Constitui\u00e7\u00e3o (1988). Constitui\u00e7\u00e3o da Rep\u00fablica Federativa do Brasil. Bras\u00edlia, DF: Senado Federal: Centro Gr\u00e1fico, 1988. Arts. 182 e 183.<br \/>\n[2] _________. (2001) Lei 10.257 de 10 de julho de 2001: Regulamenta os artigos 182 e 183 da Constitui\u00e7\u00e3o Federal, estabelece diretrizes gerais da pol\u00edtica urbana e d\u00e1 outras provid\u00eancias. Bras\u00edlia: Congresso Nacional, p. 10 e 11.<br \/>\n[3] https:\/\/educacao.uol.com.br\/disciplinas\/sociologia\/estado-do-bem-estar-social-historia-e-crise-do-welfare-state.htm (acessado em 21\/04\/2018 as 10h).<br \/>\n[4] MARICATO, Herm\u00ednia. Para entender a crise urbana. S\u00e3o Paulo\/SP, 2015, p. 87 e 16.<\/p>\n<p>* Arquiteto, urbanista e professor universit\u00e1rio. Contato: robertoandradebr@gmail.com<\/p>\n","protected":false},"excerpt":{"rendered":"<p>Por Roberto Carlos Oliveira de Andrade<\/p>\n","protected":false},"author":1,"featured_media":0,"comment_status":"closed","ping_status":"open","sticky":false,"template":"","format":"standard","meta":{"_exactmetrics_skip_tracking":false,"_exactmetrics_sitenote_active":false,"_exactmetrics_sitenote_note":"","_exactmetrics_sitenote_category":0,"jetpack_post_was_ever_published":false,"_jetpack_newsletter_access":"","_jetpack_dont_email_post_to_subs":false,"_jetpack_newsletter_tier_id":0,"_jetpack_memberships_contains_paywalled_content":false,"_jetpack_memberships_contains_paid_content":false,"footnotes":"","jetpack_publicize_message":"","jetpack_publicize_feature_enabled":true,"jetpack_social_post_already_shared":true,"jetpack_social_options":{"image_generator_settings":{"template":"highway","enabled":false},"version":2}},"categories":[1],"tags":[],"class_list":["post-18209","post","type-post","status-publish","format-standard","hentry","category-notas"],"jetpack_publicize_connections":[],"jetpack_sharing_enabled":true,"jetpack_featured_media_url":"","jetpack_shortlink":"https:\/\/wp.me\/p7wKYW-4JH","jetpack-related-posts":[],"_links":{"self":[{"href":"http:\/\/blogdalucianaoliveira.com.br\/blog\/wp-json\/wp\/v2\/posts\/18209","targetHints":{"allow":["GET"]}}],"collection":[{"href":"http:\/\/blogdalucianaoliveira.com.br\/blog\/wp-json\/wp\/v2\/posts"}],"about":[{"href":"http:\/\/blogdalucianaoliveira.com.br\/blog\/wp-json\/wp\/v2\/types\/post"}],"author":[{"embeddable":true,"href":"http:\/\/blogdalucianaoliveira.com.br\/blog\/wp-json\/wp\/v2\/users\/1"}],"replies":[{"embeddable":true,"href":"http:\/\/blogdalucianaoliveira.com.br\/blog\/wp-json\/wp\/v2\/comments?post=18209"}],"version-history":[{"count":3,"href":"http:\/\/blogdalucianaoliveira.com.br\/blog\/wp-json\/wp\/v2\/posts\/18209\/revisions"}],"predecessor-version":[{"id":18214,"href":"http:\/\/blogdalucianaoliveira.com.br\/blog\/wp-json\/wp\/v2\/posts\/18209\/revisions\/18214"}],"wp:attachment":[{"href":"http:\/\/blogdalucianaoliveira.com.br\/blog\/wp-json\/wp\/v2\/media?parent=18209"}],"wp:term":[{"taxonomy":"category","embeddable":true,"href":"http:\/\/blogdalucianaoliveira.com.br\/blog\/wp-json\/wp\/v2\/categories?post=18209"},{"taxonomy":"post_tag","embeddable":true,"href":"http:\/\/blogdalucianaoliveira.com.br\/blog\/wp-json\/wp\/v2\/tags?post=18209"}],"curies":[{"name":"wp","href":"https:\/\/api.w.org\/{rel}","templated":true}]}}