{"id":18220,"date":"2018-05-29T09:32:54","date_gmt":"2018-05-29T13:32:54","guid":{"rendered":"http:\/\/blogdalucianaoliveira.com.br\/blog\/?p=18220"},"modified":"2018-05-29T09:32:54","modified_gmt":"2018-05-29T13:32:54","slug":"brasil-entra-em-colapso-e-elites-cogitam-queda-de-temer","status":"publish","type":"post","link":"http:\/\/blogdalucianaoliveira.com.br\/blog\/2018\/05\/29\/brasil-entra-em-colapso-e-elites-cogitam-queda-de-temer\/","title":{"rendered":"BRASIL ENTRA EM COLAPSO E ELITES COGITAM QUEDA DE TEMER"},"content":{"rendered":"<p><img data-recalc-dims=\"1\" loading=\"lazy\" decoding=\"async\" data-attachment-id=\"18221\" data-permalink=\"http:\/\/blogdalucianaoliveira.com.br\/blog\/2018\/05\/29\/brasil-entra-em-colapso-e-elites-cogitam-queda-de-temer\/vai-2\/\" data-orig-file=\"https:\/\/i0.wp.com\/blogdalucianaoliveira.com.br\/blog\/wp-content\/uploads\/2018\/05\/vai.jpg?fit=1000%2C357\" data-orig-size=\"1000,357\" data-comments-opened=\"0\" data-image-meta=\"{&quot;aperture&quot;:&quot;0&quot;,&quot;credit&quot;:&quot;&quot;,&quot;camera&quot;:&quot;&quot;,&quot;caption&quot;:&quot;&quot;,&quot;created_timestamp&quot;:&quot;0&quot;,&quot;copyright&quot;:&quot;&quot;,&quot;focal_length&quot;:&quot;0&quot;,&quot;iso&quot;:&quot;0&quot;,&quot;shutter_speed&quot;:&quot;0&quot;,&quot;title&quot;:&quot;&quot;,&quot;orientation&quot;:&quot;0&quot;}\" data-image-title=\"vai\" data-image-description=\"\" data-image-caption=\"\" data-medium-file=\"https:\/\/i0.wp.com\/blogdalucianaoliveira.com.br\/blog\/wp-content\/uploads\/2018\/05\/vai.jpg?fit=300%2C107\" data-large-file=\"https:\/\/i0.wp.com\/blogdalucianaoliveira.com.br\/blog\/wp-content\/uploads\/2018\/05\/vai.jpg?fit=600%2C214\" src=\"https:\/\/i0.wp.com\/blogdalucianaoliveira.com.br\/blog\/wp-content\/uploads\/2018\/05\/vai.jpg?resize=600%2C214\" alt=\"vai\" width=\"600\" height=\"214\" class=\"alignnone size-full wp-image-18221\" srcset=\"https:\/\/i0.wp.com\/blogdalucianaoliveira.com.br\/blog\/wp-content\/uploads\/2018\/05\/vai.jpg?w=1000 1000w, https:\/\/i0.wp.com\/blogdalucianaoliveira.com.br\/blog\/wp-content\/uploads\/2018\/05\/vai.jpg?resize=300%2C107 300w, https:\/\/i0.wp.com\/blogdalucianaoliveira.com.br\/blog\/wp-content\/uploads\/2018\/05\/vai.jpg?resize=768%2C274 768w, https:\/\/i0.wp.com\/blogdalucianaoliveira.com.br\/blog\/wp-content\/uploads\/2018\/05\/vai.jpg?resize=800%2C286 800w\" sizes=\"auto, (max-width: 600px) 100vw, 600px\" \/><\/p>\n<p>247 &#8211; A crise se aprofunda sem cessar com o pa\u00eds em colapso e as elites, que patrocinaram o golpe contra a presidenta eleita Dilma Roussef em 2016, agora cogitam tirar Michel Temer. Os preju\u00edzos do golpe ao Brasil s\u00e3o incomensur\u00e1veis, chegam \u00e0 casa das centenas de bilh\u00f5es de reais e analistas projetam um cen\u00e1rio de desastre em larga escala em 2018. Num evento do jornal Valor Econ\u00f4mico que reuniu dezenas de empres\u00e1rios e alto executivos na noite desta segunda (28) o clima era de desalento. Jornal conservador d\u00e1 Temer como liquidado.  <!--more--><\/p>\n<p>Walter Schalka, presidente da Suzano Papel e Celulose, chegou a prever que o caos dos \u00faltimos dias patrocinado pelo governo pode reduzir o crescimento do PIB dramaticamente: &#8220;Essa paralisa\u00e7\u00e3o vai afetar o PIB do ano em um ponto percentual. Porque a economia parou&#8221;, disse. &#8220;H\u00e1 m\u00faltiplas empresas com as opera\u00e7\u00f5es paradas.&#8221; A bem da verdade, a paralisia da economia j\u00e1 estava se desenhando antes da greve dos caminhoneiros. Nos \u00faltimos tr\u00eas meses do ano passado, o PIB estava estacionado, com um aumento simb\u00f3lico de 0,1%. O cen\u00e1rio se repetiu no primeiro trimestre deste anos bem antes da greve. Segundo o Valor Data, a estimativa m\u00e9dia de 24 institui\u00e7\u00f5es financeiras e consultorias \u00e9 de que PIB continua estacionado, com outra alta irris\u00f3ria de apenas 0,3% -os n\u00fameros oficiais devem sair hoje. Enquanto isso, analistas come\u00e7am a projetar para 2018 um PIB negativo, o d\u00f3lar batendo nos 5 reais e uma queda brutal nas reservas do pa\u00eds.<\/p>\n<p>No encontro de ontem \u00e0 noite,  Luiza Trajano, presidente do conselho do Magazine Luiza disse que &#8220;o Brasil n\u00e3o ser\u00e1 o mesmo depois dessa greve&#8221;. Para Hamilton Amadeo, presidente da holding de saneamento Aegea, o governo est\u00e1 no ch\u00e3o: &#8220;Essas movimenta\u00e7\u00f5es, crises e impactos sempre existir\u00e3o. O que pode fazer a diferen\u00e7a \u00e9 ter um governo com capacidade mobilizadora suficiente para direcionar a sociedade e as empresas no melhor caminho&#8221;.<\/p>\n<p>Para Tito Martins, presidente da mineradora Nexa Resources (ex-Votorantim Metais) a greve dos caminhoneiros tem potencial, inclusive, para influenciar o resultado das elei\u00e7\u00f5es de outubro. &#8220;A maneira com a qual a negocia\u00e7\u00e3o foi levada mostra que o governo est\u00e1 enfraquecido&#8221;, disse. &#8220;Nas elei\u00e7\u00f5es, o ambiente criado acaba favorecendo os candidatos mais radicais. Arriscaria que a inten\u00e7\u00e3o de voto de alguns desses candidatos mais extremos vai subir nas pr\u00f3ximas pesquisas.&#8221;<\/p>\n<p>O jornal O Estado de S.Paulo, porta-voz do segmento mais conservador das elites, publicou nesta ter\u00e7a um editorial com o t\u00edtulo &#8220;Fraqueza perigosa&#8221; no qual indica que o governo golpista naufragou: &#8220;O governo do presidente Michel Temer mostrou-se fr\u00e1gil ao lidar com o protesto dos caminhoneiros que parou o Pa\u00eds. Essa fragilidade ficou particularmente evidente com a quase total ina\u00e7\u00e3o das For\u00e7as Armadas, malgrado o fato de que as medidas decretadas por Temer para desobstruir as estradas e garantir o abastecimento das cidades inclu\u00edam a autoriza\u00e7\u00e3o expressa para que os militares agissem contra os grevistas. Est\u00e1 claro que ao governo faltou pulso para administrar uma crise dessa dimens\u00e3o, restando \u00e0 sociedade a sensa\u00e7\u00e3o de que o que est\u00e1 sendo feito \u00e9 insuficiente e que os caminhoneiros \u2013 e todos os oportunistas que pegaram carona no movimento \u2013 est\u00e3o a ditar os rumos da crise. O Pa\u00eds se aproxima perigosamente da anomia \u2013 quando aqueles que deveriam exercer a autoridade pol\u00edtica e institucional s\u00e3o desmoralizados, prevalecendo a lei do grito&#8221;.<\/p>\n<p>O humor e mesmo desespero das elites econ\u00f4micas d\u00e1 asas a sa\u00eddas n\u00e3o democr\u00e1ticas para a crise, como insinua o editorial do jornal de S\u00e7ao Paulo. A presidente do Supremo Tribunal Federal (STF), ministra C\u00e1rmen L\u00facia, agendou para os pr\u00f3ximos dias uma a\u00e7\u00e3o que questiona se \u00e9 poss\u00edvel migrar do sistema presidencialista para o parlamentarismo por meio de emenda \u00e0 Constitui\u00e7\u00e3o. Seria uma reedi\u00e7\u00e3o da sa\u00edda de 1961, quando as elites, para evitar a posse de Jo\u00e3o Goulart na Presid\u00eancia, depois da ren\u00fancia de J\u00e2nio Quadros, tiraram da cartola o parlamentarismo para evitar um presidente progressista. O sistema durou 17 meses, sendo derrotado num plebiscito em 1963 e acabou sendo um ensaio para o golpe militar de 1964.    <\/p>\n<p>A articula\u00e7\u00e3o de L\u00facia vai ao encontro dos movimentos do presidente da C\u00e2mara, C\u00e9sar Maia. Pr\u00e9-candidato do DEM \u00e0 Presid\u00eancia, com irris\u00f3rio 1% nas pesquisas, Maia tenta viabilizar-se no poder como primeiro-ministro. Ele continua atirando contra Temer. Numa entrevista \u00e0 Rede TV que foi ao ar somente na madrugada desta ter\u00e7a-feira ele voltou a insistir na inviabilidade pol\u00edtica de Temer: &#8220;Governo existe para arbitrar solu\u00e7\u00f5es, e n\u00e3o para ficar tratando de n\u00fameros e fazer ajustes econ\u00f4micos. A renda das pessoas est\u00e1 caindo, o or\u00e7amento familiar est\u00e1 pesado por causa do g\u00e1s de cozinha e dos combust\u00edveis e n\u00e3o houve sensibilidade para enxergar isso antes que o movimento dos caminhoneiros ocorresse&#8221;. <\/p>\n<p>Cen\u00e1rio das empresas<\/p>\n<p>O encontro do Valor Econ\u00f4mico serviu para dar um cen\u00e1rio da atividade empresarial no pa\u00eds.<\/p>\n<p>&#8220;A Suzano parou, hoje, porque eu preciso colocar madeira, qu\u00edmicos e outros insumos para a f\u00e1brica &#8216;rodar&#8217;, e n\u00e3o recebemos nada disso&#8221;, afirmou Schalka. O executivo relatou que, mesmo com as medidas anunciadas pelo governo, a companhia n\u00e3o sentiu qualquer melhora no fluxo dos caminh\u00f5es que transportam mat\u00e9ria-prima. &#8220;Temos um gabinete de crise monitorando tudo, hora a hora, e n\u00e3o conseguimos evoluir nada.&#8221;<\/p>\n<p>A greve paralisou cerca de 90% das opera\u00e7\u00f5es da Heineken no Brasil, informou Didier Debrosse, presidente da cervejaria no pa\u00eds. A previs\u00e3o \u00e9 que as opera\u00e7\u00f5es v\u00e3o levar de quatro a seis dias para voltar ao normal a partir do momento em que a greve, de fato, terminar.<\/p>\n<p>No grupo Botic\u00e1rio, houve uma queda ao redor de 20% no movimento das lojas, disse Artur Grynbaum, presidente da empresa. &#8220;Temos at\u00e9 estoque nas lojas, mas n\u00e3o temos movimento&#8221;, afirmou. A previs\u00e3o \u00e9 que o setor levar\u00e1 de 8 a 14 dias para voltar ao normal.<\/p>\n<p>A Kroton suspendeu 50% das aulas presenciais nas suas unidades de ensino superior, ontem, e planeja estender esse percentual para 70%, hoje. O motivo \u00e9 a dificuldade de professores e alunos chegarem \u00e0s unidades, disse Rodrigo Galindo, presidente da empresa.<\/p>\n<p>Na Dell EMC, o estoque de componentes s\u00f3 vai durar 24 horas se o desabastecimento se mantiver, disse Luiz Gon\u00e7alves, presidente da fabricante de computadores no Brasil. &#8220;Temos estoque curto, de alguns dias, e abastecimento cont\u00ednuo. Oito caminh\u00f5es est\u00e3o parados em Santos&#8221;, afirmou. &#8220;Estamos fazendo reuni\u00e3o de crise duas vezes por dia&#8221;. Metade dos funcion\u00e1rios passou a trabalhar em casa.<\/p>\n<p>O polo petroqu\u00edmico do Grande ABC est\u00e1 parado desde ontem (28) por tempo indeterminado, informou o Comit\u00ea de Fomento Industrial do Polo do Grande ABC (Cofip ABC), em nota. O polo petroqu\u00edmico \u00e9 formado por 14 empresas de primeira e segunda gera\u00e7\u00e3o da \u00e9 formado por 14 empresas de primeira e segunda gera\u00e7\u00e3o da Ind\u00fastria, como Braskem, AkzoNobel, Liquig\u00e1s, Ultragaz, entre outras. <\/p>\n","protected":false},"excerpt":{"rendered":"<p>247 &#8211; A crise se aprofunda sem cessar com o pa\u00eds em colapso e as elites, que patrocinaram o golpe contra a presidenta eleita Dilma Roussef em 2016, agora cogitam tirar Michel Temer. Os preju\u00edzos do golpe ao Brasil s\u00e3o incomensur\u00e1veis, chegam \u00e0 casa das centenas de bilh\u00f5es de reais e analistas projetam um cen\u00e1rio&#8230;<a class=\"more-link\" href=\"http:\/\/blogdalucianaoliveira.com.br\/blog\/2018\/05\/29\/brasil-entra-em-colapso-e-elites-cogitam-queda-de-temer\/\">Continue a leitura <span class=\"meta-nav\">&raquo;<\/span><\/a><\/p>\n","protected":false},"author":1,"featured_media":0,"comment_status":"closed","ping_status":"open","sticky":false,"template":"","format":"standard","meta":{"_exactmetrics_skip_tracking":false,"_exactmetrics_sitenote_active":false,"_exactmetrics_sitenote_note":"","_exactmetrics_sitenote_category":0,"jetpack_post_was_ever_published":false,"_jetpack_newsletter_access":"","_jetpack_dont_email_post_to_subs":false,"_jetpack_newsletter_tier_id":0,"_jetpack_memberships_contains_paywalled_content":false,"_jetpack_memberships_contains_paid_content":false,"footnotes":"","jetpack_publicize_message":"","jetpack_publicize_feature_enabled":true,"jetpack_social_post_already_shared":true,"jetpack_social_options":{"image_generator_settings":{"template":"highway","enabled":false},"version":2}},"categories":[1],"tags":[],"class_list":["post-18220","post","type-post","status-publish","format-standard","hentry","category-notas"],"jetpack_publicize_connections":[],"jetpack_sharing_enabled":true,"jetpack_featured_media_url":"","jetpack_shortlink":"https:\/\/wp.me\/p7wKYW-4JS","jetpack-related-posts":[],"_links":{"self":[{"href":"http:\/\/blogdalucianaoliveira.com.br\/blog\/wp-json\/wp\/v2\/posts\/18220","targetHints":{"allow":["GET"]}}],"collection":[{"href":"http:\/\/blogdalucianaoliveira.com.br\/blog\/wp-json\/wp\/v2\/posts"}],"about":[{"href":"http:\/\/blogdalucianaoliveira.com.br\/blog\/wp-json\/wp\/v2\/types\/post"}],"author":[{"embeddable":true,"href":"http:\/\/blogdalucianaoliveira.com.br\/blog\/wp-json\/wp\/v2\/users\/1"}],"replies":[{"embeddable":true,"href":"http:\/\/blogdalucianaoliveira.com.br\/blog\/wp-json\/wp\/v2\/comments?post=18220"}],"version-history":[{"count":1,"href":"http:\/\/blogdalucianaoliveira.com.br\/blog\/wp-json\/wp\/v2\/posts\/18220\/revisions"}],"predecessor-version":[{"id":18222,"href":"http:\/\/blogdalucianaoliveira.com.br\/blog\/wp-json\/wp\/v2\/posts\/18220\/revisions\/18222"}],"wp:attachment":[{"href":"http:\/\/blogdalucianaoliveira.com.br\/blog\/wp-json\/wp\/v2\/media?parent=18220"}],"wp:term":[{"taxonomy":"category","embeddable":true,"href":"http:\/\/blogdalucianaoliveira.com.br\/blog\/wp-json\/wp\/v2\/categories?post=18220"},{"taxonomy":"post_tag","embeddable":true,"href":"http:\/\/blogdalucianaoliveira.com.br\/blog\/wp-json\/wp\/v2\/tags?post=18220"}],"curies":[{"name":"wp","href":"https:\/\/api.w.org\/{rel}","templated":true}]}}