{"id":18226,"date":"2018-05-29T09:43:40","date_gmt":"2018-05-29T13:43:40","guid":{"rendered":"http:\/\/blogdalucianaoliveira.com.br\/blog\/?p=18226"},"modified":"2018-05-29T09:49:03","modified_gmt":"2018-05-29T13:49:03","slug":"o-dedo-do-stf-e-do-judiciario-no-caos-institucional-causado-pela-greve-dos-caminhoneiros","status":"publish","type":"post","link":"http:\/\/blogdalucianaoliveira.com.br\/blog\/2018\/05\/29\/o-dedo-do-stf-e-do-judiciario-no-caos-institucional-causado-pela-greve-dos-caminhoneiros\/","title":{"rendered":"O dedo do STF e do Judici\u00e1rio no caos institucional causado pela greve dos caminhoneiros"},"content":{"rendered":"<p><img data-recalc-dims=\"1\" loading=\"lazy\" decoding=\"async\" data-attachment-id=\"18227\" data-permalink=\"http:\/\/blogdalucianaoliveira.com.br\/blog\/2018\/05\/29\/o-dedo-do-stf-e-do-judiciario-no-caos-institucional-causado-pela-greve-dos-caminhoneiros\/caos-2\/\" data-orig-file=\"https:\/\/i0.wp.com\/blogdalucianaoliveira.com.br\/blog\/wp-content\/uploads\/2018\/05\/caos-1.jpg?fit=600%2C254\" data-orig-size=\"600,254\" data-comments-opened=\"0\" data-image-meta=\"{&quot;aperture&quot;:&quot;0&quot;,&quot;credit&quot;:&quot;&quot;,&quot;camera&quot;:&quot;&quot;,&quot;caption&quot;:&quot;&quot;,&quot;created_timestamp&quot;:&quot;0&quot;,&quot;copyright&quot;:&quot;&quot;,&quot;focal_length&quot;:&quot;0&quot;,&quot;iso&quot;:&quot;0&quot;,&quot;shutter_speed&quot;:&quot;0&quot;,&quot;title&quot;:&quot;&quot;,&quot;orientation&quot;:&quot;0&quot;}\" data-image-title=\"caos\" data-image-description=\"\" data-image-caption=\"\" data-medium-file=\"https:\/\/i0.wp.com\/blogdalucianaoliveira.com.br\/blog\/wp-content\/uploads\/2018\/05\/caos-1.jpg?fit=300%2C127\" data-large-file=\"https:\/\/i0.wp.com\/blogdalucianaoliveira.com.br\/blog\/wp-content\/uploads\/2018\/05\/caos-1.jpg?fit=600%2C254\" src=\"https:\/\/i0.wp.com\/blogdalucianaoliveira.com.br\/blog\/wp-content\/uploads\/2018\/05\/caos-1.jpg?resize=600%2C254\" alt=\"caos\" width=\"600\" height=\"254\" class=\"alignnone size-full wp-image-18227\" srcset=\"https:\/\/i0.wp.com\/blogdalucianaoliveira.com.br\/blog\/wp-content\/uploads\/2018\/05\/caos-1.jpg?w=600 600w, https:\/\/i0.wp.com\/blogdalucianaoliveira.com.br\/blog\/wp-content\/uploads\/2018\/05\/caos-1.jpg?resize=300%2C127 300w\" sizes=\"auto, (max-width: 600px) 100vw, 600px\" \/><\/p>\n<p>Carmen L\u00facia n\u00e3o cumpriu sua miss\u00e3o constitucional, fosse ela qual fosse, nem tampouco trouxe a prometida \u201cpacifica\u00e7\u00e3o\u201d das institui\u00e7\u00f5es, como admitiu candidamente.<!--more--><\/p>\n<p>No DCM, por Kiko Nogueira<\/p>\n<p>Sem o protagonismo exacerbado do Judici\u00e1rio, o show di\u00e1rio de ministros boquirrotos do STF, o v\u00f4o solo de Sergio Moro, o presente pandem\u00f4nio que vivemos n\u00e3o seria poss\u00edvel.<\/p>\n<p>A greve dos caminhoneiros tem o dedo do Supremo. No entanto, seus membros agem como se n\u00e3o tivessem nada com isso.<\/p>\n<p>Luiz Fux participou, na manh\u00e3 desta segunda-feira, dia 28\/, de um evento sobre os 30 anos da Constitui\u00e7\u00e3o no Rio de Janeiro.<\/p>\n<p>Um dos patrocinadores era o jornal O Globo, como de h\u00e1bito.<\/p>\n<p>Segundo Fux, a paralisa\u00e7\u00e3o \u201cacendeu um sinal quanto \u00e0 pr\u00f3pria realiza\u00e7\u00e3o das elei\u00e7\u00f5es\u201d.<\/p>\n<p>Se um movimento semelhante ocorrer em outubro, a distribui\u00e7\u00e3o de urnas eletr\u00f4nicas e a locomo\u00e7\u00e3o de pessoas at\u00e9 os locais de vota\u00e7\u00e3o pode ser afetada, acredita.<\/p>\n<p>Como \u201ccidad\u00e3o\u201d \u2014 sempre a mesma lenga lenga, como se fosse poss\u00edvel dividir o sujeito entre duas entidades, bastando-lhe usar um chap\u00e9u diferente \u2014, considera a greve \u201cabsolutamente irrespons\u00e1vel\u201d.<\/p>\n<p>A seletividade da Justi\u00e7a, a demoniza\u00e7\u00e3o dos pol\u00edticos por parte de Lu\u00eds Roberto Barroso, o populismo mequetrefe \u2014 tudo isso ia dar no qu\u00ea?<\/p>\n<p>O desastre institucional passa pelo impedimento de Lula assumir a Casa Civil; a orquestra\u00e7\u00e3o do impeachment de Dilma liderado por Eduardo Cunha; a n\u00e3o vota\u00e7\u00e3o das ADCs sobre a pris\u00e3o em segunda inst\u00e2ncia.<\/p>\n<p>Em fevereiro, C\u00e1rmen participou de um jantar com representantes de petroleiras estrangeiras. Reuniu-se com Temer em sua casa para tomar um ch\u00e1.<\/p>\n<p>Sob as barbas do Supremo, a Lava Jato contribuiu para o desmonte das empresas nacionais. Houve um esfacelamento das empreiteiras e de produtores agropecu\u00e1rios como o grupo J&#038;F.<\/p>\n<p>A sombra que cresce agora \u00e9 a da queda de Michel Temer.<\/p>\n<p>\u00c9 um salto no escuro.<\/p>\n<p>Para quem assumir? Rodrigo Maia? C\u00e1rminha? Quem acredita que teremos elei\u00e7\u00f5es diretas?<\/p>\n<p>Quem acredita na Constitui\u00e7\u00e3o?<\/p>\n<p>O cen\u00e1rio menos pior \u00e9 Temer ficar at\u00e9 o final do mandato para que n\u00e3o corramos o risco de n\u00e3o termos nem sequer elei\u00e7\u00f5es. <\/p>\n<p>Eis o papel da turma de C\u00e1rmen: a destrui\u00e7\u00e3o do Brasil. Perto deles, os caminhoneiros s\u00e3o ursos pandas.<\/p>\n","protected":false},"excerpt":{"rendered":"<p>Carmen L\u00facia n\u00e3o cumpriu sua miss\u00e3o constitucional, fosse ela qual fosse, nem tampouco trouxe a prometida \u201cpacifica\u00e7\u00e3o\u201d das institui\u00e7\u00f5es, como admitiu candidamente.<\/p>\n","protected":false},"author":1,"featured_media":0,"comment_status":"closed","ping_status":"open","sticky":false,"template":"","format":"standard","meta":{"_exactmetrics_skip_tracking":false,"_exactmetrics_sitenote_active":false,"_exactmetrics_sitenote_note":"","_exactmetrics_sitenote_category":0,"jetpack_post_was_ever_published":false,"_jetpack_newsletter_access":"","_jetpack_dont_email_post_to_subs":false,"_jetpack_newsletter_tier_id":0,"_jetpack_memberships_contains_paywalled_content":false,"_jetpack_memberships_contains_paid_content":false,"footnotes":"","jetpack_publicize_message":"","jetpack_publicize_feature_enabled":true,"jetpack_social_post_already_shared":true,"jetpack_social_options":{"image_generator_settings":{"template":"highway","enabled":false},"version":2}},"categories":[1],"tags":[],"class_list":["post-18226","post","type-post","status-publish","format-standard","hentry","category-notas"],"jetpack_publicize_connections":[],"jetpack_sharing_enabled":true,"jetpack_featured_media_url":"","jetpack_shortlink":"https:\/\/wp.me\/p7wKYW-4JY","jetpack-related-posts":[],"_links":{"self":[{"href":"http:\/\/blogdalucianaoliveira.com.br\/blog\/wp-json\/wp\/v2\/posts\/18226","targetHints":{"allow":["GET"]}}],"collection":[{"href":"http:\/\/blogdalucianaoliveira.com.br\/blog\/wp-json\/wp\/v2\/posts"}],"about":[{"href":"http:\/\/blogdalucianaoliveira.com.br\/blog\/wp-json\/wp\/v2\/types\/post"}],"author":[{"embeddable":true,"href":"http:\/\/blogdalucianaoliveira.com.br\/blog\/wp-json\/wp\/v2\/users\/1"}],"replies":[{"embeddable":true,"href":"http:\/\/blogdalucianaoliveira.com.br\/blog\/wp-json\/wp\/v2\/comments?post=18226"}],"version-history":[{"count":3,"href":"http:\/\/blogdalucianaoliveira.com.br\/blog\/wp-json\/wp\/v2\/posts\/18226\/revisions"}],"predecessor-version":[{"id":18230,"href":"http:\/\/blogdalucianaoliveira.com.br\/blog\/wp-json\/wp\/v2\/posts\/18226\/revisions\/18230"}],"wp:attachment":[{"href":"http:\/\/blogdalucianaoliveira.com.br\/blog\/wp-json\/wp\/v2\/media?parent=18226"}],"wp:term":[{"taxonomy":"category","embeddable":true,"href":"http:\/\/blogdalucianaoliveira.com.br\/blog\/wp-json\/wp\/v2\/categories?post=18226"},{"taxonomy":"post_tag","embeddable":true,"href":"http:\/\/blogdalucianaoliveira.com.br\/blog\/wp-json\/wp\/v2\/tags?post=18226"}],"curies":[{"name":"wp","href":"https:\/\/api.w.org\/{rel}","templated":true}]}}