{"id":1823,"date":"2016-06-21T16:20:29","date_gmt":"2016-06-21T20:20:29","guid":{"rendered":"http:\/\/blogdalucianaoliveira.com.br\/blog\/?p=1823"},"modified":"2016-06-21T16:58:27","modified_gmt":"2016-06-21T20:58:27","slug":"por-isso-nao-provoque-bolsonaroreuporquemerece","status":"publish","type":"post","link":"http:\/\/blogdalucianaoliveira.com.br\/blog\/2016\/06\/21\/por-isso-nao-provoque-bolsonaroreuporquemerece\/","title":{"rendered":"Por isso n\u00e3o provoque: #BolsonaroR\u00e9uPorqueMerece"},"content":{"rendered":"<p><img data-recalc-dims=\"1\" loading=\"lazy\" decoding=\"async\" data-attachment-id=\"1824\" data-permalink=\"http:\/\/blogdalucianaoliveira.com.br\/blog\/2016\/06\/21\/por-isso-nao-provoque-bolsonaroreuporquemerece\/frida\/\" data-orig-file=\"https:\/\/i0.wp.com\/blogdalucianaoliveira.com.br\/blog\/wp-content\/uploads\/2016\/06\/frida.jpg?fit=600%2C600\" data-orig-size=\"600,600\" data-comments-opened=\"0\" data-image-meta=\"{&quot;aperture&quot;:&quot;0&quot;,&quot;credit&quot;:&quot;&quot;,&quot;camera&quot;:&quot;&quot;,&quot;caption&quot;:&quot;&quot;,&quot;created_timestamp&quot;:&quot;0&quot;,&quot;copyright&quot;:&quot;&quot;,&quot;focal_length&quot;:&quot;0&quot;,&quot;iso&quot;:&quot;0&quot;,&quot;shutter_speed&quot;:&quot;0&quot;,&quot;title&quot;:&quot;&quot;,&quot;orientation&quot;:&quot;0&quot;}\" data-image-title=\"frida\" data-image-description=\"\" data-image-caption=\"\" data-medium-file=\"https:\/\/i0.wp.com\/blogdalucianaoliveira.com.br\/blog\/wp-content\/uploads\/2016\/06\/frida.jpg?fit=300%2C300\" data-large-file=\"https:\/\/i0.wp.com\/blogdalucianaoliveira.com.br\/blog\/wp-content\/uploads\/2016\/06\/frida.jpg?fit=600%2C600\" src=\"https:\/\/i0.wp.com\/blogdalucianaoliveira.com.br\/blog\/wp-content\/uploads\/2016\/06\/frida.jpg?resize=600%2C600\" alt=\"frida\" width=\"600\" height=\"600\" class=\"alignnone size-full wp-image-1824\" srcset=\"https:\/\/i0.wp.com\/blogdalucianaoliveira.com.br\/blog\/wp-content\/uploads\/2016\/06\/frida.jpg?w=600 600w, https:\/\/i0.wp.com\/blogdalucianaoliveira.com.br\/blog\/wp-content\/uploads\/2016\/06\/frida.jpg?resize=150%2C150 150w, https:\/\/i0.wp.com\/blogdalucianaoliveira.com.br\/blog\/wp-content\/uploads\/2016\/06\/frida.jpg?resize=300%2C300 300w\" sizes=\"auto, (max-width: 600px) 100vw, 600px\" \/><\/p>\n<p>Essa \u00e9 pra glorificar de p\u00e9! O deputado federal Jair Bolsonaro (PSC-RJ) tornou-se r\u00e9u em duas a\u00e7\u00f5es penais no STF nesta ter\u00e7a-feira (21). Ele vai responder por incita\u00e7\u00e3o ao crime de estupro e a uma queixa-crime por inj\u00faria por ofender a deputada federal Maria do Ros\u00e1rio (PT-RJ) em uma discuss\u00e3o sobre o estupro.<!--more--><\/p>\n<p>A den\u00fancia foi aceita  por 4 votos contra  1, na a 1\u00aa turma do Supremo.<\/p>\n<p>&#8220;N\u00e3o saia, n\u00e3o, Maria do Ros\u00e1rio, fique a\u00ed. Fique a\u00ed, Maria do Ros\u00e1rio. H\u00e1 poucos dias [na verdade a discuss\u00e3o havia ocorrido h\u00e1 alguns anos] voc\u00ea me chamou de estuprador no Sal\u00e3o Verde e eu falei que eu n\u00e3o estuprava voc\u00ea porque voc\u00ea n\u00e3o merece. Fique aqui para ouvir&#8221;, disse Bolsonaro no auge da discuss\u00e3o, no plen\u00e1rio da C\u00e2mara, em 9 de dezembro de 2014.<\/p>\n<p>A defesa do deputado, pasme, argumentou que ele teria o direito de manifestar sua opini\u00e3o livremente e o que disse n\u00e3o incita o crime.<\/p>\n<p>O ministro Luiz Fux, destacou que &#8220;A viol\u00eancia sexual \u00e9 um processo consciente de intimida\u00e7\u00e3o pelo qual as mulheres s\u00e3o mantidas em estado de medo&#8221; e disse que pesou a seu voto favor\u00e1vel a forma como o deputado banalizou o crime de estupro, repetindo em entrevistas aos \u00f3rg\u00e3os de imprensa o que havia dito \u00e0 deputada.<\/p>\n<p>A den\u00fancia contra Bolsonaro \u00e9 mais um s\u00edmbolo da conquista feminina, pois h\u00e1 \u00e9poca das declara\u00e7\u00f5es o movimento #N\u00e3o Mere\u00e7oSerEstuprada, iniciado por Nana Queiroz, 28 anos, viralizou nas redes sociais, atraiu mais de 44 mil pessoas e repercutiu em v\u00e1rios pa\u00edses.<\/p>\n<p><img data-recalc-dims=\"1\" loading=\"lazy\" decoding=\"async\" data-attachment-id=\"1825\" data-permalink=\"http:\/\/blogdalucianaoliveira.com.br\/blog\/2016\/06\/21\/por-isso-nao-provoque-bolsonaroreuporquemerece\/nana\/\" data-orig-file=\"https:\/\/i0.wp.com\/blogdalucianaoliveira.com.br\/blog\/wp-content\/uploads\/2016\/06\/nana.jpg?fit=300%2C300\" data-orig-size=\"300,300\" data-comments-opened=\"0\" data-image-meta=\"{&quot;aperture&quot;:&quot;0&quot;,&quot;credit&quot;:&quot;&quot;,&quot;camera&quot;:&quot;&quot;,&quot;caption&quot;:&quot;&quot;,&quot;created_timestamp&quot;:&quot;0&quot;,&quot;copyright&quot;:&quot;&quot;,&quot;focal_length&quot;:&quot;0&quot;,&quot;iso&quot;:&quot;0&quot;,&quot;shutter_speed&quot;:&quot;0&quot;,&quot;title&quot;:&quot;&quot;,&quot;orientation&quot;:&quot;0&quot;}\" data-image-title=\"nana\" data-image-description=\"\" data-image-caption=\"\" data-medium-file=\"https:\/\/i0.wp.com\/blogdalucianaoliveira.com.br\/blog\/wp-content\/uploads\/2016\/06\/nana.jpg?fit=300%2C300\" data-large-file=\"https:\/\/i0.wp.com\/blogdalucianaoliveira.com.br\/blog\/wp-content\/uploads\/2016\/06\/nana.jpg?fit=300%2C300\" src=\"https:\/\/i0.wp.com\/blogdalucianaoliveira.com.br\/blog\/wp-content\/uploads\/2016\/06\/nana.jpg?resize=300%2C300\" alt=\"nana\" width=\"300\" height=\"300\" class=\"alignnone size-full wp-image-1825\" srcset=\"https:\/\/i0.wp.com\/blogdalucianaoliveira.com.br\/blog\/wp-content\/uploads\/2016\/06\/nana.jpg?w=300 300w, https:\/\/i0.wp.com\/blogdalucianaoliveira.com.br\/blog\/wp-content\/uploads\/2016\/06\/nana.jpg?resize=150%2C150 150w\" sizes=\"auto, (max-width: 300px) 100vw, 300px\" \/><\/p>\n<p>Agora, #BolsonaroR\u00e9uPorqueMerece <\/p>\n","protected":false},"excerpt":{"rendered":"<p>Essa \u00e9 pra glorificar de p\u00e9! O deputado federal Jair Bolsonaro (PSC-RJ) tornou-se r\u00e9u em duas a\u00e7\u00f5es penais no STF nesta ter\u00e7a-feira (21). Ele vai responder por incita\u00e7\u00e3o ao crime de estupro e a uma queixa-crime por inj\u00faria por ofender a deputada federal Maria do Ros\u00e1rio (PT-RJ) em uma discuss\u00e3o sobre o estupro.<\/p>\n","protected":false},"author":1,"featured_media":0,"comment_status":"closed","ping_status":"open","sticky":false,"template":"","format":"standard","meta":{"_exactmetrics_skip_tracking":false,"_exactmetrics_sitenote_active":false,"_exactmetrics_sitenote_note":"","_exactmetrics_sitenote_category":0,"jetpack_post_was_ever_published":false,"_jetpack_newsletter_access":"","_jetpack_dont_email_post_to_subs":false,"_jetpack_newsletter_tier_id":0,"_jetpack_memberships_contains_paywalled_content":false,"_jetpack_memberships_contains_paid_content":false,"footnotes":"","jetpack_publicize_message":"","jetpack_publicize_feature_enabled":true,"jetpack_social_post_already_shared":true,"jetpack_social_options":{"image_generator_settings":{"template":"highway","enabled":false},"version":2}},"categories":[1],"tags":[53,87,30],"class_list":["post-1823","post","type-post","status-publish","format-standard","hentry","category-notas","tag-bolsonaro","tag-estupro","tag-stf"],"jetpack_publicize_connections":[],"jetpack_sharing_enabled":true,"jetpack_featured_media_url":"","jetpack_shortlink":"https:\/\/wp.me\/p7wKYW-tp","jetpack-related-posts":[],"_links":{"self":[{"href":"http:\/\/blogdalucianaoliveira.com.br\/blog\/wp-json\/wp\/v2\/posts\/1823","targetHints":{"allow":["GET"]}}],"collection":[{"href":"http:\/\/blogdalucianaoliveira.com.br\/blog\/wp-json\/wp\/v2\/posts"}],"about":[{"href":"http:\/\/blogdalucianaoliveira.com.br\/blog\/wp-json\/wp\/v2\/types\/post"}],"author":[{"embeddable":true,"href":"http:\/\/blogdalucianaoliveira.com.br\/blog\/wp-json\/wp\/v2\/users\/1"}],"replies":[{"embeddable":true,"href":"http:\/\/blogdalucianaoliveira.com.br\/blog\/wp-json\/wp\/v2\/comments?post=1823"}],"version-history":[{"count":6,"href":"http:\/\/blogdalucianaoliveira.com.br\/blog\/wp-json\/wp\/v2\/posts\/1823\/revisions"}],"predecessor-version":[{"id":1831,"href":"http:\/\/blogdalucianaoliveira.com.br\/blog\/wp-json\/wp\/v2\/posts\/1823\/revisions\/1831"}],"wp:attachment":[{"href":"http:\/\/blogdalucianaoliveira.com.br\/blog\/wp-json\/wp\/v2\/media?parent=1823"}],"wp:term":[{"taxonomy":"category","embeddable":true,"href":"http:\/\/blogdalucianaoliveira.com.br\/blog\/wp-json\/wp\/v2\/categories?post=1823"},{"taxonomy":"post_tag","embeddable":true,"href":"http:\/\/blogdalucianaoliveira.com.br\/blog\/wp-json\/wp\/v2\/tags?post=1823"}],"curies":[{"name":"wp","href":"https:\/\/api.w.org\/{rel}","templated":true}]}}