{"id":18231,"date":"2018-05-29T10:47:59","date_gmt":"2018-05-29T14:47:59","guid":{"rendered":"http:\/\/blogdalucianaoliveira.com.br\/blog\/?p=18231"},"modified":"2018-05-29T10:47:59","modified_gmt":"2018-05-29T14:47:59","slug":"forte-crise-de-representatividade-explica-persistencia-da-greve-diz-especialista","status":"publish","type":"post","link":"http:\/\/blogdalucianaoliveira.com.br\/blog\/2018\/05\/29\/forte-crise-de-representatividade-explica-persistencia-da-greve-diz-especialista\/","title":{"rendered":"\u201cForte crise de representatividade explica persist\u00eancia da greve\u201d, diz especialista"},"content":{"rendered":"<p><img data-recalc-dims=\"1\" loading=\"lazy\" decoding=\"async\" data-attachment-id=\"18232\" data-permalink=\"http:\/\/blogdalucianaoliveira.com.br\/blog\/2018\/05\/29\/forte-crise-de-representatividade-explica-persistencia-da-greve-diz-especialista\/band\/\" data-orig-file=\"https:\/\/i0.wp.com\/blogdalucianaoliveira.com.br\/blog\/wp-content\/uploads\/2018\/05\/band.jpg?fit=640%2C427\" data-orig-size=\"640,427\" data-comments-opened=\"0\" data-image-meta=\"{&quot;aperture&quot;:&quot;0&quot;,&quot;credit&quot;:&quot;&quot;,&quot;camera&quot;:&quot;&quot;,&quot;caption&quot;:&quot;&quot;,&quot;created_timestamp&quot;:&quot;0&quot;,&quot;copyright&quot;:&quot;&quot;,&quot;focal_length&quot;:&quot;0&quot;,&quot;iso&quot;:&quot;0&quot;,&quot;shutter_speed&quot;:&quot;0&quot;,&quot;title&quot;:&quot;&quot;,&quot;orientation&quot;:&quot;0&quot;}\" data-image-title=\"band\" data-image-description=\"\" data-image-caption=\"\" data-medium-file=\"https:\/\/i0.wp.com\/blogdalucianaoliveira.com.br\/blog\/wp-content\/uploads\/2018\/05\/band.jpg?fit=300%2C200\" data-large-file=\"https:\/\/i0.wp.com\/blogdalucianaoliveira.com.br\/blog\/wp-content\/uploads\/2018\/05\/band.jpg?fit=600%2C400\" class=\"alignnone size-full wp-image-18232\" src=\"https:\/\/i0.wp.com\/blogdalucianaoliveira.com.br\/blog\/wp-content\/uploads\/2018\/05\/band.jpg?resize=600%2C400\" alt=\"band\" width=\"600\" height=\"400\" srcset=\"https:\/\/i0.wp.com\/blogdalucianaoliveira.com.br\/blog\/wp-content\/uploads\/2018\/05\/band.jpg?w=640 640w, https:\/\/i0.wp.com\/blogdalucianaoliveira.com.br\/blog\/wp-content\/uploads\/2018\/05\/band.jpg?resize=300%2C200 300w, https:\/\/i0.wp.com\/blogdalucianaoliveira.com.br\/blog\/wp-content\/uploads\/2018\/05\/band.jpg?resize=450%2C300 450w\" sizes=\"auto, (max-width: 600px) 100vw, 600px\" \/><\/p>\n<p>Historiadora que acompanha assuntos relacionados aos caminhoneiros analisa a greve que j\u00e1 dura uma semana<!--more--><\/p>\n<p>Leonardo Fernandes<br \/>\nBrasil de Fato | S\u00e3o Paulo (SP)<\/p>\n<p>&nbsp;<\/p>\n<p>A paralisa\u00e7\u00e3o dos caminhoneiros chegou ao seu nono\u00a0dia\u00a0ignorando as\u00a0<a href=\"https:\/\/www.brasildefato.com.br\/2018\/05\/28\/sem-moral-governo-nao-consegue-desmobilizar-greve\/\">propostas<\/a>\u00a0feitas pelo Governo Federal para atender \u00e0s reivindica\u00e7\u00f5es da categoria. O descumprimento do acordo revela uma forte aus\u00eancia de representatividade das entidades de classe.<\/p>\n<p>Larissa Jacheta Riberti \u00e9 doutora em hist\u00f3ria pela Universidade Federal do Rio de Janeiro e colabora h\u00e1 seis anos com o portal Chico da Boleia, que discute assuntos relacionados aos caminhoneiros e caminhoneiras do pa\u00eds.<\/p>\n<p>Em entrevista ao\u00a0<strong>Brasil de Fato<\/strong>, ela fala sobre a complexidade da categoria, as acusa\u00e7\u00f5es de loucaute (quando a empresa promove a greve por interesses pr\u00f3prios, no caso, as transportadoras)\u00a0e a pol\u00edtica de<a href=\"https:\/\/www.brasildefato.com.br\/2018\/05\/28\/greve-dos-caminhoneiros-medidas-do-governo-sao-puxadinho-diz-eugenio-aragao\/\">\u00a0pre\u00e7os<\/a>\u00a0da Petrobras, principal respons\u00e1vel pela atual crise, segundo a historiadora.<\/p>\n<p>Leia a entrevista na \u00edntegra:<\/p>\n<p><strong>Brasil de Fato: Como voc\u00ea analisa essa greve dos caminhoneiros que j\u00e1 dura uma semana?<\/strong><\/p>\n<p><strong>Larissa Jacheta:<\/strong>\u00a0Essa paralisa\u00e7\u00e3o \u00a0tem v\u00e1rios aspectos. O primeiro deles \u00e9 a negocia\u00e7\u00e3o que a CNTA estava fazendo com o governo para a redu\u00e7\u00e3o do pre\u00e7o do combust\u00edvel. No dia 15 de maio, foi divulgada uma nota que havia sido encaminhada ao governo federal pedindo o atendimento de duas demandas urgentes: uma delas era em rela\u00e7\u00e3o ao pre\u00e7o dos combust\u00edveis, e a outra tinha a ver com a cobran\u00e7a de ped\u00e1gios de eixos suspensos nas rodovias. Essa \u00e9 uma reivindica\u00e7\u00e3o dos caminhoneiros h\u00e1 anos, pois nas rodovias estaduais ainda \u00e9 cobrado o ped\u00e1gio sobre o eixo suspenso. Uma medida que j\u00e1 havia sido adotada nas rodovias federais, mas que nas rodovias estaduais ainda est\u00e1 sendo praticado.<\/p>\n<p>Existia uma insatisfa\u00e7\u00e3o generalizada com rela\u00e7\u00e3o ao pre\u00e7o dos combust\u00edveis e isso era notado nas queixas que os caminhoneiros apresentavam no portal onde eu trabalho. E no dia 15, quando a CNTA encaminhou o of\u00edcio ao governo federal, ela disse que, caso n\u00e3o fossem atendidas as exig\u00eancias, uma paralisa\u00e7\u00e3o de caminhoneiros seria realizada no dia 21. Foi feita a paralisa\u00e7\u00e3o de fato, mas para al\u00e9m da convoca\u00e7\u00e3o da CNTA, a mobiliza\u00e7\u00e3o aconteceu de maneira espont\u00e2nea, atrav\u00e9s do whatsapp, atrav\u00e9s do r\u00e1dio, atrav\u00e9s das redes sociais.<\/p>\n<p>E j\u00e1 no dia 21, antes da paralisa\u00e7\u00e3o determinada pela CNTA, muitos focos de bloqueio j\u00e1 estavam acontecendo no pa\u00eds. Ent\u00e3o o que sabemos agora \u00e9 que, formalmente, a CNTA convocou a paralisa\u00e7\u00e3o, mas n\u00e3o necessariamente os caminhoneiros que se mobilizaram estavam respondendo \u00e0 convoca\u00e7\u00e3o da CNTA.<\/p>\n<p><strong>Muita gente n\u00e3o entende como funciona a categoria dos caminhoneiros. Como funcionam essas representa\u00e7\u00f5es?\u00a0<\/strong><\/p>\n<p>\u00c9 um universo muito complicado. Primeiro que os sindicatos de caminhoneiros aut\u00f4nomos, os pequenos sindicatos, est\u00e3o distribu\u00eddos de maneira geogr\u00e1fica. Ent\u00e3o os caminhoneiros s\u00e3o atendidos pelo sindicato da sua regi\u00e3o geogr\u00e1fica. O caminhoneiro vive viajando, mas o registro nacional do trasportador rodovi\u00e1rio de cargas dele diz que o endere\u00e7o dele \u00e9 em tal cidade. Ent\u00e3o o sindicato que representa esse trabalhador \u00e9 o sindicato daquela regi\u00e3o onde est\u00e1 localizada a cidade.<\/p>\n<p>Existe ent\u00e3o uma s\u00e9rie de sindicatos de caminhoneiros aut\u00f4nomos e tem tamb\u00e9m os outros sindicatos, que s\u00e3o patronais, sindicatos muito fortes, que contam com poder econ\u00f4mico maior, influ\u00eancias pol\u00edticas e com poder de barganha muito maior com o governo. Esses sindicatos de caminhoneiros aut\u00f4nomos est\u00e3o envolvidos na greve, como a pr\u00f3pria CNTA, como a Abcam, a Unicam.<\/p>\n<p><strong>Mas pelo visto os caminhoneiros n\u00e3o se submetem \u00e0s decis\u00f5es das entidades, verdade?<\/strong><\/p>\n<p>Ent\u00e3o h\u00e1 um grande problema de representatividade, e que nos mostra a fragilidade da pr\u00f3pria organiza\u00e7\u00e3o da categoria enquanto classe. Ent\u00e3o voc\u00ea tem uma categoria de caminhoneiros aut\u00f4nomos que \u00e9 de quase um milh\u00e3o de trabalhadores, que n\u00e3o responde a um sindicato \u00fanico, que n\u00e3o reconhece determinadas lideran\u00e7as, mas que tampouco tem contado com lideran\u00e7as alternativas, com sindicatos que possam de fato representar esses interesses numa mesa de negocia\u00e7\u00e3o com o governo federal.<\/p>\n<p>Essa negocia\u00e7\u00e3o vai precisar ser feita em algum momento. A n\u00e3o ser que seja feita com base no di\u00e1logo p\u00fablico. Ent\u00e3o, n\u00e3o existe uma representa\u00e7\u00e3o \u00fanica, n\u00e3o existe uma pauta homog\u00eanea, n\u00e3o existem reivindica\u00e7\u00f5es que estejam sendo formalizadas pelos caminhoneiros.<\/p>\n<p>Claro, est\u00e3o pedindo uma redu\u00e7\u00e3o no pre\u00e7o do diesel, a n\u00e3o cobran\u00e7a de ped\u00e1gio do eixo suspenso, dentre outras quest\u00f5es como tabela de frente, melhoria das condi\u00e7\u00f5es de trabalho, e sobretudo um acordo que gere compromissos do governo, mas eles n\u00e3o t\u00eam uma representa\u00e7\u00e3o de fato. Os sindicatos est\u00e3o em Bras\u00edlia negociando, mas da\u00ed aos caminhoneiros reconhecerem esse tipo de negocia\u00e7\u00e3o, j\u00e1 \u00e9 outra hist\u00f3ria.<\/p>\n<p><strong>E sobre as acusa\u00e7\u00f5es de locaute, o que voc\u00ea tem a dizer?<\/strong><\/p>\n<p>Hoje eu conversei com alguns caminhoneiros que est\u00e3o no Paran\u00e1, em S\u00e3o Paulo. Eles ficam inclusive muito indignados com a leitura de que h\u00e1 um interesse patronal na mobiliza\u00e7\u00e3o deles, e de que a greve deles \u00e9 um locaute. Claro, existe um interesse das transportadoras de redu\u00e7\u00e3o do pre\u00e7o dos combust\u00edveis porque \u00a0isso incide diretamente no custo de produ\u00e7\u00e3o deles. E \u00e9 por isso que eles colocaram os seus sindicatos para negociar com o governo federal.<\/p>\n<p>Mas a grande resposta do movimento, que tem um car\u00e1ter aut\u00f4nomo, de rejei\u00e7\u00e3o a essas lideran\u00e7as tradicionais, foi exatamente o n\u00e3o cumprimento do acordo. Eles estavam sendo taxados de estarem participando de um locaute, mas depois da realiza\u00e7\u00e3o do acordo na quinta-feira [24\/5], os sindicatos aceitaram, mas os caminhoneiros n\u00e3o desocuparam as rodovias, n\u00e3o desmobilizaram.<\/p>\n<p><strong>Mas essa \u00e9 uma pauta de interesse dos patr\u00f5es?<\/strong><\/p>\n<p>\u00c9 claro que a pauta deles pode ser apropriada porque todos querem a redu\u00e7\u00e3o do combust\u00edvel, n\u00e3o s\u00f3 o caminhoneiro aut\u00f4nomo. A empresa quer, o cidad\u00e3o quer, a pessoa que tem um carro quer. Ent\u00e3o, \u00e9 claro que h\u00e1 converg\u00eancia de pautas, mas da\u00ed a ser caracterizado com o um locaute pura e simplesmente, eu acho muito complicado.<\/p>\n<p>Essa \u00e9 uma categoria muito complexa, que vem sendo esquecida inclusive pelos setores de esquerda nos \u00faltimos anos e isso reflete no isolamento da categoria nesse momento, n\u00e3o \u00e9 uma categoria que conta com um sindicato que leve adiante suas demandas. Ent\u00e3o eu tenho tentado avaliar levando em conta toda essa complexidade.<\/p>\n<p><strong>Na sua opini\u00e3o, qual \u00e9 a origem dos problemas apontados pelos caminhoneiros?<\/strong><\/p>\n<p>A Petrobras est\u00e1 sendo acusada h\u00e1 algum tempo, n\u00e3o necessariamente pelos caminhoneiros, mas o Sindipetro, a Associa\u00e7\u00e3o de Engenheiros da Petrobras e pelos trabalhadores de maneira geral, inclusive por alguns economistas, de ser a respons\u00e1vel direta pelo aumento dos pre\u00e7os dos combust\u00edveis.<\/p>\n<p>Em resposta, a Petrobras divulgou recentemente uma descri\u00e7\u00e3o da composi\u00e7\u00e3o do pre\u00e7o dos combust\u00edveis. E nessa lista, ela deixa evidente que o grande problema do pre\u00e7o dos combust\u00edveis n\u00e3o \u00e9 o barril de petr\u00f3leo, n\u00e3o \u00e9 a produ\u00e7\u00e3o, e sim a tributa\u00e7\u00e3o que incide sobre esses produtos. Dessa maneira, a Petrobras enquanto empresa principal de produ\u00e7\u00e3o dos derivados do petr\u00f3leo, procura se defender, dizendo que existem outros fatores que favorecem a subida dos pre\u00e7os dos combust\u00edveis.<\/p>\n<p>No entanto, a gente tem conversado com economistas, com o pessoal da Associa\u00e7\u00e3o dos Engenheiros da Petrobras, com os membros do Sindipetro, e h\u00e1 uma percep\u00e7\u00e3o geral de que o grande problema do pre\u00e7o dos combust\u00edveis no pa\u00eds \u00e9 a nova pol\u00edtica de pre\u00e7os praticada pela Petrobras.<\/p>\n<p>Ent\u00e3o desde o ano passado, o Pedro Parente, atual presidente da Petrobras optou por uma nova pol\u00edtica de pre\u00e7os que atrela os pre\u00e7os dos combust\u00edveis no Brasil ao mercado internacional. Essa nova pol\u00edtica, obviamente, contou com o aval do presidente Michel Temer, e a partir desse momento, o governo brasileiro n\u00e3o tema mais garantido o controle dos pre\u00e7os dos combust\u00edveis no Brasil.<\/p>\n<p><strong>Muitos defendem o fim de impostos como mecanismo de redu\u00e7\u00e3o dos pre\u00e7os. Mas n\u00e3o se trata disso?\u00a0<\/strong><\/p>\n<p>Em grande medida, o brasileiro m\u00e9dio, os empres\u00e1rios, a grande imprensa, tem aplicado uma percep\u00e7\u00e3o de que os impostos s\u00e3o o grande problema do pa\u00eds. E que o que vai colocar o pa\u00eds outra vez nos trilhos \u00e9 o estado m\u00ednimo. Ora, se o estado m\u00ednimo fosse colocar o Brasil nos trilhos, os pre\u00e7os n\u00e3o teriam chegado onde chegaram. Porque s\u00f3 chegaram [neste patamar]\u00a0porque o estado n\u00e3o tem mais o controle sobre os pre\u00e7os [o que \u00e9 a l\u00f3gica do livre mercado defendida no conceito de estado m\u00ednimo].<\/p>\n<p><a href=\"https:\/\/i0.wp.com\/farm2.staticflickr.com\/1750\/27561732397_2131c5a0f1_o.jpg?ssl=1\"><img data-recalc-dims=\"1\" decoding=\"async\" src=\"https:\/\/i0.wp.com\/farm2.staticflickr.com\/1750\/27561732397_2131c5a0f1_o.jpg?w=600&#038;ssl=1\" alt=\"\" \/><\/a><\/p>\n<p>Larissa Jacheta \u00e9 colaboradora no site Chico da Boleia<\/p>\n<p>&nbsp;<\/p>\n<p class=\"editor\">Edi\u00e7\u00e3o: Juca Guimar\u00e3es<\/p>\n<div class=\"content-footer\"><\/div>\n","protected":false},"excerpt":{"rendered":"<p>Historiadora que acompanha assuntos relacionados aos caminhoneiros analisa a greve que j\u00e1 dura uma semana<\/p>\n","protected":false},"author":1,"featured_media":0,"comment_status":"closed","ping_status":"open","sticky":false,"template":"","format":"standard","meta":{"_exactmetrics_skip_tracking":false,"_exactmetrics_sitenote_active":false,"_exactmetrics_sitenote_note":"","_exactmetrics_sitenote_category":0,"jetpack_post_was_ever_published":false,"_jetpack_newsletter_access":"","_jetpack_dont_email_post_to_subs":false,"_jetpack_newsletter_tier_id":0,"_jetpack_memberships_contains_paywalled_content":false,"_jetpack_memberships_contains_paid_content":false,"footnotes":"","jetpack_publicize_message":"","jetpack_publicize_feature_enabled":true,"jetpack_social_post_already_shared":true,"jetpack_social_options":{"image_generator_settings":{"template":"highway","enabled":false},"version":2}},"categories":[1],"tags":[],"class_list":["post-18231","post","type-post","status-publish","format-standard","hentry","category-notas"],"jetpack_publicize_connections":[],"jetpack_sharing_enabled":true,"jetpack_featured_media_url":"","jetpack_shortlink":"https:\/\/wp.me\/p7wKYW-4K3","jetpack-related-posts":[],"_links":{"self":[{"href":"http:\/\/blogdalucianaoliveira.com.br\/blog\/wp-json\/wp\/v2\/posts\/18231","targetHints":{"allow":["GET"]}}],"collection":[{"href":"http:\/\/blogdalucianaoliveira.com.br\/blog\/wp-json\/wp\/v2\/posts"}],"about":[{"href":"http:\/\/blogdalucianaoliveira.com.br\/blog\/wp-json\/wp\/v2\/types\/post"}],"author":[{"embeddable":true,"href":"http:\/\/blogdalucianaoliveira.com.br\/blog\/wp-json\/wp\/v2\/users\/1"}],"replies":[{"embeddable":true,"href":"http:\/\/blogdalucianaoliveira.com.br\/blog\/wp-json\/wp\/v2\/comments?post=18231"}],"version-history":[{"count":1,"href":"http:\/\/blogdalucianaoliveira.com.br\/blog\/wp-json\/wp\/v2\/posts\/18231\/revisions"}],"predecessor-version":[{"id":18233,"href":"http:\/\/blogdalucianaoliveira.com.br\/blog\/wp-json\/wp\/v2\/posts\/18231\/revisions\/18233"}],"wp:attachment":[{"href":"http:\/\/blogdalucianaoliveira.com.br\/blog\/wp-json\/wp\/v2\/media?parent=18231"}],"wp:term":[{"taxonomy":"category","embeddable":true,"href":"http:\/\/blogdalucianaoliveira.com.br\/blog\/wp-json\/wp\/v2\/categories?post=18231"},{"taxonomy":"post_tag","embeddable":true,"href":"http:\/\/blogdalucianaoliveira.com.br\/blog\/wp-json\/wp\/v2\/tags?post=18231"}],"curies":[{"name":"wp","href":"https:\/\/api.w.org\/{rel}","templated":true}]}}