{"id":18234,"date":"2018-05-29T11:03:20","date_gmt":"2018-05-29T15:03:20","guid":{"rendered":"http:\/\/blogdalucianaoliveira.com.br\/blog\/?p=18234"},"modified":"2018-05-29T11:03:20","modified_gmt":"2018-05-29T15:03:20","slug":"golpe-temer-e-lava-jato-fazem-brasil-perder-em-tres-meses-mais-600-mil-empregos-formais","status":"publish","type":"post","link":"http:\/\/blogdalucianaoliveira.com.br\/blog\/2018\/05\/29\/golpe-temer-e-lava-jato-fazem-brasil-perder-em-tres-meses-mais-600-mil-empregos-formais\/","title":{"rendered":"GOLPE, TEMER E LAVA JATO FAZEM BRASIL PERDER, EM TR\u00caS MESES, MAIS 600 MIL EMPREGOS FORMAIS"},"content":{"rendered":"<p><img data-recalc-dims=\"1\" loading=\"lazy\" decoding=\"async\" data-attachment-id=\"18235\" data-permalink=\"http:\/\/blogdalucianaoliveira.com.br\/blog\/2018\/05\/29\/golpe-temer-e-lava-jato-fazem-brasil-perder-em-tres-meses-mais-600-mil-empregos-formais\/indi-4\/\" data-orig-file=\"https:\/\/i0.wp.com\/blogdalucianaoliveira.com.br\/blog\/wp-content\/uploads\/2018\/05\/indi-1.jpg?fit=1187%2C658\" data-orig-size=\"1187,658\" data-comments-opened=\"0\" data-image-meta=\"{&quot;aperture&quot;:&quot;0&quot;,&quot;credit&quot;:&quot;&quot;,&quot;camera&quot;:&quot;&quot;,&quot;caption&quot;:&quot;&quot;,&quot;created_timestamp&quot;:&quot;0&quot;,&quot;copyright&quot;:&quot;&quot;,&quot;focal_length&quot;:&quot;0&quot;,&quot;iso&quot;:&quot;0&quot;,&quot;shutter_speed&quot;:&quot;0&quot;,&quot;title&quot;:&quot;&quot;,&quot;orientation&quot;:&quot;1&quot;}\" data-image-title=\"indi\" data-image-description=\"\" data-image-caption=\"\" data-medium-file=\"https:\/\/i0.wp.com\/blogdalucianaoliveira.com.br\/blog\/wp-content\/uploads\/2018\/05\/indi-1.jpg?fit=300%2C166\" data-large-file=\"https:\/\/i0.wp.com\/blogdalucianaoliveira.com.br\/blog\/wp-content\/uploads\/2018\/05\/indi-1.jpg?fit=600%2C333\" class=\"alignnone size-full wp-image-18235\" src=\"https:\/\/i0.wp.com\/blogdalucianaoliveira.com.br\/blog\/wp-content\/uploads\/2018\/05\/indi-1.jpg?resize=600%2C333\" alt=\"indi\" width=\"600\" height=\"333\" srcset=\"https:\/\/i0.wp.com\/blogdalucianaoliveira.com.br\/blog\/wp-content\/uploads\/2018\/05\/indi-1.jpg?w=1187 1187w, https:\/\/i0.wp.com\/blogdalucianaoliveira.com.br\/blog\/wp-content\/uploads\/2018\/05\/indi-1.jpg?resize=300%2C166 300w, https:\/\/i0.wp.com\/blogdalucianaoliveira.com.br\/blog\/wp-content\/uploads\/2018\/05\/indi-1.jpg?resize=768%2C426 768w, https:\/\/i0.wp.com\/blogdalucianaoliveira.com.br\/blog\/wp-content\/uploads\/2018\/05\/indi-1.jpg?resize=1024%2C568 1024w, https:\/\/i0.wp.com\/blogdalucianaoliveira.com.br\/blog\/wp-content\/uploads\/2018\/05\/indi-1.jpg?resize=541%2C300 541w\" sizes=\"auto, (max-width: 600px) 100vw, 600px\" \/><\/p>\n<p>O <a href=\"https:\/\/www.ocafezinho.com\/2018\/05\/29\/golpe-temer-e-lava-jato-fazem-brasil-perder-em-tres-meses-mais-600-mil-empregos-formais\/\">Cafezinho<\/a>, por Miguel do Ros\u00e1rio &#8211; As coisas est\u00e3o ficando cada dia mais feias. Antes mesmo dos efeitos tr\u00e1gicos da greve dos caminhoneiros, provocada pela pol\u00edtica de pre\u00e7os criminosa\u00a0 do governo Temer, o mercado de trabalho tinha voltado a sofrer os efeitos do aprofundamento do golpe. A pris\u00e3o ilegal de Lula, o avan\u00e7o inconsequente da Lava Jato sobre setores estrat\u00e9gicos, al\u00e9m dos efeitos delet\u00e9rios de uma reforma trabalhista completamente irrespons\u00e1vel, continuam impactando profundamente na economia brasileira.<!--more--><\/p>\n<p>Segundo n\u00fameros do IBGE divulgados hoje, o desemprego geral voltou a subir, atingindo 13,6%. O emprego formal, com carteira assinada, continua sendo o mais prejudicado: em tr\u00eas meses, 557 mil postos de trabalho com carteira foram destru\u00eddos. Na compara\u00e7\u00e3o com o ano anterior, a destrui\u00e7\u00e3o foi de 567 mil postos.<\/p>\n<div class=\"code-block code-block-1\">\n<p>O desemprego s\u00f3 n\u00e3o est\u00e1 mais alto porque houve um aumento de 747 mil pessoas, nos \u00faltimos tr\u00eas meses, que passaram a trabalhar por \u201cconta pr\u00f3pria\u201d, e mais 647 mil pessoas, no mesmo per\u00edodo, que entraram no mercado de trabalho informal. O setor p\u00fablico tamb\u00e9m ajudou, criando 360 mil empregos no \u00faltimo trimestre.<\/p>\n<p>Repare que os empregos destru\u00eddos (com carteira assinada) s\u00e3o aqueles com renda m\u00e9dia muito superior \u00e0s dos setores que vem criando vagas (informal, dom\u00e9stico, conta pr\u00f3pria).<\/p>\n<div class=\"code-block code-block-2\">\n<div class=\"code-block code-block-2\"><\/div>\n<p><img data-recalc-dims=\"1\" loading=\"lazy\" decoding=\"async\" class=\"alignnone size-full wp-image-86173\" src=\"https:\/\/i0.wp.com\/www.ocafezinho.com\/wp-content\/uploads\/2018\/05\/screenhunter-3287-may.-29-10.45.jpg?resize=600%2C150&#038;ssl=1\" sizes=\"auto, (max-width: 1181px) 100vw, 1181px\" srcset=\"https:\/\/www.ocafezinho.com\/wp-content\/uploads\/2018\/05\/screenhunter-3287-may.-29-10.45.jpg 1181w, https:\/\/www.ocafezinho.com\/wp-content\/uploads\/2018\/05\/screenhunter-3287-may.-29-10.45-400x100.jpg 400w, https:\/\/www.ocafezinho.com\/wp-content\/uploads\/2018\/05\/screenhunter-3287-may.-29-10.45-768x192.jpg 768w, https:\/\/www.ocafezinho.com\/wp-content\/uploads\/2018\/05\/screenhunter-3287-may.-29-10.45-1024x256.jpg 1024w\" alt=\"\" width=\"600\" height=\"150\" \/><\/p>\n<p>No\u00a0<a href=\"https:\/\/agenciadenoticias.ibge.gov.br\/agencia-sala-de-imprensa\/2013-agencia-de-noticias\/releases\/21293-pnad-continua-taxa-de-desocupacao-e-de-12-9-no-trimestre-encerrado-em-abril.html\">site do IBGE<\/a><\/p>\n<p><strong>PNAD Cont\u00ednua: taxa de desocupa\u00e7\u00e3o \u00e9 de 12,9% no trimestre encerrado em abril<\/strong><\/p>\n<p>A taxa de desocupa\u00e7\u00e3o (12,9%) no trimestre m\u00f3vel de fevereiro a abril de 2018 cresceu 0,7 ponto percentual em rela\u00e7\u00e3o ao trimestre de novembro de 2017 a janeiro de 2018 (12,2%).<\/p>\n<div class=\"code-block code-block-4\"><\/div>\n<p><img data-recalc-dims=\"1\" loading=\"lazy\" decoding=\"async\" class=\"alignnone size-full wp-image-86170\" src=\"https:\/\/i0.wp.com\/www.ocafezinho.com\/wp-content\/uploads\/2018\/05\/screenhunter-3285-may.-29-10.33.jpg?resize=600%2C83&#038;ssl=1\" sizes=\"auto, (max-width: 708px) 100vw, 708px\" srcset=\"https:\/\/www.ocafezinho.com\/wp-content\/uploads\/2018\/05\/screenhunter-3285-may.-29-10.33.jpg 708w, https:\/\/www.ocafezinho.com\/wp-content\/uploads\/2018\/05\/screenhunter-3285-may.-29-10.33-400x55.jpg 400w\" alt=\"\" width=\"600\" height=\"83\" \/><\/p>\n<p>Na compara\u00e7\u00e3o com o mesmo trimestre m\u00f3vel do ano anterior, fevereiro a abril de 2017 (13,6%), houve queda de 0,7 ponto percentual.<\/p>\n<div class=\"code-block code-block-5\">\n<div class=\"post\">\n<div class=\"box\">\n<div class=\"text\">\n<p>A popula\u00e7\u00e3o desocupada (13,4 milh\u00f5es) cresceu 5,7% em rela\u00e7\u00e3o ao trimestre anterior (12,7 milh\u00f5es). No confronto com igual trimestre do ano anterior, quando havia 14,0 milh\u00f5es de desocupados, houve queda de 4,5%.<\/p>\n<p>A popula\u00e7\u00e3o ocupada (90,7 milh\u00f5es) no trimestre de fevereiro a abril de 2018 caiu 1,1% em rela\u00e7\u00e3o ao trimestre de novembro de 2017 a janeiro de 2018. Em rela\u00e7\u00e3o ao mesmo trimestre do ano anterior (fevereiro a abril de 2017), quando havia 89,2 milh\u00f5es de pessoas ocupadas, houve crescimento de 1,7%.<\/p>\n<p>Assim, o n\u00edvel da ocupa\u00e7\u00e3o (53,6%) caiu 0,6 ponto percentual frente ao trimestre anterior (54,2%). Em rela\u00e7\u00e3o a igual trimestre de 2017, quando o n\u00edvel da ocupa\u00e7\u00e3o foi de 53,2%, houve acr\u00e9scimo de 0,4 p.p.<\/p>\n<p>O n\u00famero de empregados com carteira de trabalho assinada (32,7 milh\u00f5es) caiu 1,7% frente ao trimestre anterior (novembro de 2017 a janeiro de 2018), uma redu\u00e7\u00e3o de 567 mil pessoas. No confronto com o trimestre de fevereiro a abril de 2017, a queda foi de -1,7% (-557 mil pessoas).<\/p>\n<p>O n\u00famero de empregados sem carteira de trabalho assinada (10,9 milh\u00f5es de pessoas) apresentou estabilidade em rela\u00e7\u00e3o ao trimestre anterior. Em rela\u00e7\u00e3o ao mesmo trimestre de 2017, cresceu 6,3% (mais 647 mil pessoas).<\/p>\n<p>A categoria dos trabalhadores por conta pr\u00f3pria (23,0 milh\u00f5es de pessoas) ficou est\u00e1vel na compara\u00e7\u00e3o com o trimestre de novembro de 2017 a janeiro de 2018. Em rela\u00e7\u00e3o ao mesmo per\u00edodo do ano anterior, houve alta de 3,4% (mais 747 mil pessoas).<\/p>\n<p>O rendimento m\u00e9dio real habitual (R$ 2.182) no trimestre de fevereiro a abril de 2018 ficou est\u00e1vel tanto frente ao trimestre anterior (R$ 2.185), como em rela\u00e7\u00e3o ao mesmo trimestre do ano anterior (R$ 2.165).<\/p>\n<p>A massa de rendimento real habitual (R$ 193 bilh\u00f5es) ficou est\u00e1vel tanto quando comparada ao trimestre m\u00f3vel de novembro de 2017 a janeiro de 2018 como frente ao mesmo trimestre do ano anterior.<\/p>\n<p>A taxa de desocupa\u00e7\u00e3o foi estimada em 12,9% no trimestre m\u00f3vel de fevereiro a abril de 2018, com aumento de 0,7 ponto percentual em rela\u00e7\u00e3o ao trimestre m\u00f3vel anterior (12,2%). Na compara\u00e7\u00e3o com o trimestre m\u00f3vel de fevereiro a abril de 2017 (13,6%), o quadro foi de queda (-0,7 ponto percentual).<\/p>\n<p>No trimestre de fevereiro a abril de 2018, havia aproximadamente 13,4 milh\u00f5es de pessoas desocupadas no Brasil. Este contingente cresceu 5,7% (mais 723 mil pessoas) frente ao trimestre de novembro de 2017 a janeiro de 2018, quando a desocupa\u00e7\u00e3o foi estimada em 12,7 milh\u00f5es de pessoas. No confronto com igual trimestre do ano anterior (14,0 milh\u00f5es), esta estimativa caiu 4,5% (menos 635 mil pessoas desocupadas).<\/p>\n<p>O n\u00famero de pessoas ocupadas foi estimado em 90,7 milh\u00f5es no trimestre de fevereiro a abril de 2018. Esse contingente caiu 1,1% em rela\u00e7\u00e3o ao trimestre anterior (menos 969 mil pessoas). Em rela\u00e7\u00e3o ao mesmo trimestre de 2017, quando havia no Brasil 89,2 milh\u00f5es de pessoas ocupadas, este indicador cresceu 1,7% (mais 1,495 milh\u00e3o de pessoas).<\/p>\n<p>O n\u00edvel da ocupa\u00e7\u00e3o (percentual de pessoas ocupadas na popula\u00e7\u00e3o em idade de trabalhar) foi estimado em 53,6% no trimestre de fevereiro a abril de 2018, caindo 0,6 ponto percentual frente ao trimestre de novembro de 2017 a janeiro de 2018 (54,2%). Em rela\u00e7\u00e3o a igual trimestre do ano anterior, quando o n\u00edvel da ocupa\u00e7\u00e3o no Brasil foi de 53,2%, este indicador cresceu 0,4 ponto percentual.<\/p>\n<p>A for\u00e7a de trabalho (pessoas ocupadas e desocupadas), no trimestre de fevereiro a abril de 2018, foi estimada em 104,1 milh\u00f5es de pessoas. Esta popula\u00e7\u00e3o permaneceu est\u00e1vel quando comparada com o trimestre de novembro de 2017 a janeiro de 2018. Frente ao mesmo trimestre do ano anterior, houve expans\u00e3o de 0,8% (mais 860 mil pessoas).<\/p>\n<p>O contingente fora da for\u00e7a de trabalho, no trimestre de fevereiro a abril de 2018, foi estimado em 65,2 milh\u00f5es de pessoas. Este contingente cresceu 0,7% quando comparado ao trimestre anterior (427 mil pessoas a mais). Frente ao mesmo trimestre do ano anterior houve, a expans\u00e3o foi de 1,2% (mais 756 mil pessoas).<\/p>\n<p>O contingente de empregados no setor privado com carteira de trabalho assinada (exclusive trabalhadores dom\u00e9sticos), estimado em 32,7 milh\u00f5es de pessoas, caiu 1,7% (menos 567 mil pessoas) frente ao trimestre anterior (novembro de 2017 a janeiro de 2018). Em rela\u00e7\u00e3o ao mesmo trimestre de 2017, tamb\u00e9m houve queda: -1,7% (-557 mil pessoas).<\/p>\n<p>De fevereiro a abril de 2018, o n\u00famero de empregados no setor privado sem carteira de trabalho assinada (10,9 milh\u00f5es de pessoas) apresentou estabilidade em rela\u00e7\u00e3o ao trimestre anterior. Em rela\u00e7\u00e3o ao mesmo trimestre do ano anterior, houve alta de 6,3% (mais 647 mil pessoas).<\/p>\n<p>O contingente de trabalhadores por conta pr\u00f3pria (23,0 milh\u00f5es), ficou est\u00e1vel na compara\u00e7\u00e3o com o trimestre anterior (novembro de 2017 a janeiro de 2018). Em rela\u00e7\u00e3o ao mesmo per\u00edodo do ano anterior, este n\u00famero cresceu 3,4% (mais 747 mil pessoas).<\/p>\n<p>O n\u00famero de empregadores (4,4 milh\u00f5es de pessoas) ficou est\u00e1vel em rela\u00e7\u00e3o ao trimestre anterior. Em rela\u00e7\u00e3o ao mesmo trimestre de 2017, cresceu 5,7% (mais 236 mil pessoas).<\/p>\n<p>A categoria dos trabalhadores dom\u00e9sticos (6,2 milh\u00f5es de pessoas) caiu 2,5% no confronto com o trimestre de novembro de 2017 a janeiro de 2018. Frente ao trimestre de fevereiro a abril de 2017, houve estabilidade.<\/p>\n<p>O grupo dos empregados no setor p\u00fablico (inclusive servidores estatut\u00e1rios e militares), estimado em 11,4 milh\u00f5es de pessoas, apresentou estabilidade frente ao trimestre anterior. Ao se comparar com o mesmo trimestre do ano anterior, cresceu 3,3% (mais 359 mil pessoas).<\/p>\n<p>A an\u00e1lise dos ocupados segundo os grupamentos de atividade, do trimestre m\u00f3vel de fevereiro a abril de 2018, em rela\u00e7\u00e3o ao trimestre de novembro de 2017 a janeiro de 2018, mostrou que n\u00e3o houve crescimento em qualquer categoria. Houve redu\u00e7\u00e3o nos seguintes grupamentos: Constru\u00e7\u00e3o (2,7%, ou menos 186 mil pessoas), Com\u00e9rcio, repara\u00e7\u00e3o de ve\u00edculos automotores e motocicletas (2,5%, ou menos 439 mil pessoas) e Servi\u00e7os dom\u00e9sticos (2,7%, ou menos 172 mil pessoas).<\/p>\n<p>Na compara\u00e7\u00e3o com o trimestre de fevereiro a abril de 2017 foi observado aumento nas categorias: Administra\u00e7\u00e3o p\u00fablica, defesa, seguridade social, educa\u00e7\u00e3o, sa\u00fade humana e servi\u00e7os sociais (3,8%, ou mais 569 mil pessoas) e Outros servi\u00e7os (9,1%, ou mais 389 mil pessoas). Houve redu\u00e7\u00e3o no grupamento de Agricultura, pecu\u00e1ria, produ\u00e7\u00e3o florestal, pesca e aquicultura (3,0%, ou menos 259 mil pessoas).<\/p>\n<p>O rendimento m\u00e9dio real habitualmente recebido em todos os trabalhos pelas pessoas ocupadas (R$ 2.182) no trimestre de fevereiro a abril de 2018 ficou est\u00e1vel tanto frente ao trimestre anterior (R$ 2.185), como em rela\u00e7\u00e3o ao mesmo trimestre do ano anterior (R$ 2.165).<\/p>\n<p>Segundo os grupamentos de atividade, do trimestre m\u00f3vel de fevereiro a abril de 2018, em rela\u00e7\u00e3o ao trimestre de novembro de 2017 a janeiro de 2018, apenas a categoria de Servi\u00e7os dom\u00e9sticos mostrou aumento (2,2%, ou mais R$ 19). Os demais grupamentos n\u00e3o apresentaram varia\u00e7\u00e3o significativa. Na compara\u00e7\u00e3o com o trimestre de fevereiro a abril de 2017, foi observado aumento na categoria de Administra\u00e7\u00e3o p\u00fablica, defesa, seguridade social, educa\u00e7\u00e3o, sa\u00fade humana e servi\u00e7os sociais (3,2%, ou mais R$ 100). Os demais grupamentos n\u00e3o apresentaram varia\u00e7\u00e3o significativa.<\/p>\n<p>A massa de rendimento real habitualmente recebido em todos os trabalhos pelas pessoas ocupadas foi estimada, para o trimestre m\u00f3vel de fevereiro a abril de 2018, em R$ 193 bilh\u00f5es de reais. Essa massa permaneceu est\u00e1vel em ambas as compara\u00e7\u00f5es.<\/p>\n<\/div>\n<\/div>\n<\/div>\n<div class=\"bio\">\n<div class=\"media\">\n<div class=\"media-left\"><a href=\"https:\/\/www.ocafezinho.com\/author\/james2017\/\"><img loading=\"lazy\" decoding=\"async\" class=\"avatar media-object avatar-80 photo\" src=\"https:\/\/secure.gravatar.com\/avatar\/4c29aa757db4251eaa1d1f3c660b3f56?s=80&amp;d=mm&amp;r=g\" srcset=\"https:\/\/secure.gravatar.com\/avatar\/4c29aa757db4251eaa1d1f3c660b3f56?s=160&amp;d=mm&amp;r=g 2x\" alt=\"\" width=\"80\" height=\"80\" \/><\/a><\/div>\n<div class=\"media-body\">\n<div class=\"media-content\">\n<h4 class=\"media-heading\"><a href=\"https:\/\/www.ocafezinho.com\/author\/james2017\/\">MIGUEL DO ROS\u00c1RIO<\/a><\/h4>\n<p>Miguel do Ros\u00e1rio \u00e9 jornalista e editor do blog O Cafezinho. Nasceu em 1975, no Rio de Janeiro, onde vive e trabalha at\u00e9 hoje.<\/p>\n<\/div>\n<\/div>\n<\/div>\n<\/div>\n<div class=\"crowdfunding clearfix\"><\/div>\n<\/div>\n<\/div>\n<\/div>\n","protected":false},"excerpt":{"rendered":"<p>O Cafezinho, por Miguel do Ros\u00e1rio &#8211; As coisas est\u00e3o ficando cada dia mais feias. Antes mesmo dos efeitos tr\u00e1gicos da greve dos caminhoneiros, provocada pela pol\u00edtica de pre\u00e7os criminosa\u00a0 do governo Temer, o mercado de trabalho tinha voltado a sofrer os efeitos do aprofundamento do golpe. A pris\u00e3o ilegal de Lula, o avan\u00e7o inconsequente&#8230;<a class=\"more-link\" href=\"http:\/\/blogdalucianaoliveira.com.br\/blog\/2018\/05\/29\/golpe-temer-e-lava-jato-fazem-brasil-perder-em-tres-meses-mais-600-mil-empregos-formais\/\">Continue a leitura <span class=\"meta-nav\">&raquo;<\/span><\/a><\/p>\n","protected":false},"author":1,"featured_media":0,"comment_status":"closed","ping_status":"open","sticky":false,"template":"","format":"standard","meta":{"_exactmetrics_skip_tracking":false,"_exactmetrics_sitenote_active":false,"_exactmetrics_sitenote_note":"","_exactmetrics_sitenote_category":0,"jetpack_post_was_ever_published":false,"_jetpack_newsletter_access":"","_jetpack_dont_email_post_to_subs":false,"_jetpack_newsletter_tier_id":0,"_jetpack_memberships_contains_paywalled_content":false,"_jetpack_memberships_contains_paid_content":false,"footnotes":"","jetpack_publicize_message":"","jetpack_publicize_feature_enabled":true,"jetpack_social_post_already_shared":true,"jetpack_social_options":{"image_generator_settings":{"template":"highway","enabled":false},"version":2}},"categories":[1],"tags":[],"class_list":["post-18234","post","type-post","status-publish","format-standard","hentry","category-notas"],"jetpack_publicize_connections":[],"jetpack_sharing_enabled":true,"jetpack_featured_media_url":"","jetpack_shortlink":"https:\/\/wp.me\/p7wKYW-4K6","jetpack-related-posts":[],"_links":{"self":[{"href":"http:\/\/blogdalucianaoliveira.com.br\/blog\/wp-json\/wp\/v2\/posts\/18234","targetHints":{"allow":["GET"]}}],"collection":[{"href":"http:\/\/blogdalucianaoliveira.com.br\/blog\/wp-json\/wp\/v2\/posts"}],"about":[{"href":"http:\/\/blogdalucianaoliveira.com.br\/blog\/wp-json\/wp\/v2\/types\/post"}],"author":[{"embeddable":true,"href":"http:\/\/blogdalucianaoliveira.com.br\/blog\/wp-json\/wp\/v2\/users\/1"}],"replies":[{"embeddable":true,"href":"http:\/\/blogdalucianaoliveira.com.br\/blog\/wp-json\/wp\/v2\/comments?post=18234"}],"version-history":[{"count":1,"href":"http:\/\/blogdalucianaoliveira.com.br\/blog\/wp-json\/wp\/v2\/posts\/18234\/revisions"}],"predecessor-version":[{"id":18236,"href":"http:\/\/blogdalucianaoliveira.com.br\/blog\/wp-json\/wp\/v2\/posts\/18234\/revisions\/18236"}],"wp:attachment":[{"href":"http:\/\/blogdalucianaoliveira.com.br\/blog\/wp-json\/wp\/v2\/media?parent=18234"}],"wp:term":[{"taxonomy":"category","embeddable":true,"href":"http:\/\/blogdalucianaoliveira.com.br\/blog\/wp-json\/wp\/v2\/categories?post=18234"},{"taxonomy":"post_tag","embeddable":true,"href":"http:\/\/blogdalucianaoliveira.com.br\/blog\/wp-json\/wp\/v2\/tags?post=18234"}],"curies":[{"name":"wp","href":"https:\/\/api.w.org\/{rel}","templated":true}]}}