{"id":18237,"date":"2018-05-29T11:48:51","date_gmt":"2018-05-29T15:48:51","guid":{"rendered":"http:\/\/blogdalucianaoliveira.com.br\/blog\/?p=18237"},"modified":"2018-05-29T11:59:20","modified_gmt":"2018-05-29T15:59:20","slug":"justica-de-rondonia-nega-indenizacao-a-professor-da-unir-exposto-por-jornalista-apos-disseminar-frase-muculmano-e-a-desgraca-da-humanidade-na-internet","status":"publish","type":"post","link":"http:\/\/blogdalucianaoliveira.com.br\/blog\/2018\/05\/29\/justica-de-rondonia-nega-indenizacao-a-professor-da-unir-exposto-por-jornalista-apos-disseminar-frase-muculmano-e-a-desgraca-da-humanidade-na-internet\/","title":{"rendered":"Justi\u00e7a de Rond\u00f4nia nega indeniza\u00e7\u00e3o a professor da UNIR exposto por jornalista ap\u00f3s disseminar frase \u2018Mu\u00e7ulmano \u00e9 a desgra\u00e7a da humanidade\u2019 na Internet"},"content":{"rendered":"<p><img data-recalc-dims=\"1\" decoding=\"async\" class=\"entry-thumb\" src=\"https:\/\/i0.wp.com\/www.rondoniadinamica.com\/uploads\/0pd7cvk66kf0be1.jpg?w=600\" alt=\"Resultado de imagem para Luciana Oliveira rondoniadinamica\" \/><br \/>\n<em>Luciana Oliveira, do Blog da Luciana, denunciou a atitude do professor universit\u00e1rio<\/em><\/p>\n<p><strong>No Rond\u00f4nia Din\u00e2mica\u00a0 \u2013<\/strong>\u00a0A Justi\u00e7a de Rond\u00f4nia proferiu na \u00faltima segunda-feira (21) decis\u00e3o completamente contr\u00e1ria \u00e0 censura e, consequentemente, assegurou o direito \u00e0s liberdades de express\u00e3o e imprensa.<\/p>\n<p>O professor universit\u00e1rio da UNIR Fabr\u00edcio Moraes de Almeida moveu a\u00e7\u00e3o de repara\u00e7\u00e3o por danos morais contra a jornalista e blogueira Luciana Oliveira; entretanto, a demanda n\u00e3o prosperou ap\u00f3s esbarrar nas m\u00e3os do juiz de Direito Dalmo Ant\u00f4nio de Castro Bezerra, da 5\u00aa Vara C\u00edvel de Porto Velho.<!--more--><\/p>\n<p>Cabe recurso.<\/p>\n<p>Fabr\u00edcio Moraes fora exposto por Luciana Oliveira ap\u00f3s publicar not\u00edcia em seu blog com o seguinte teor:\u00a0<a href=\"http:\/\/blogdalucianaoliveira.com.br\/blog\/2016\/12\/28\/avaliador-do-inepmec-em-rondonia-dissemina-odio-a-muculmanos-nas-redes-sociais\/\" target=\"_blank\"><u><strong>\u201cAvaliador do INEP\/MEC em Rond\u00f4nia dissemina \u00f3dio a mu\u00e7ulmanos nas redes sociais\u201d<\/strong><\/u><\/a>.<\/p>\n<p>O magistrado relembrou, em seguida, que o professor, no grupo de WhatsApp denominado \u201cRond\u00f4nia \u00e9 da gente!\u201d postou as seguintes afirma\u00e7\u00f5es:<\/p>\n<p>\u201cMu\u00e7ulmano \u00e9 a desgra\u00e7a que assola a humanidade\u2026 seus mandamentos s\u00e3o: matar infi\u00e9is, tomar suas esposas e tomar suas propriedades\u2026 ent\u00e3o se declaram guerra\u2026 merecem o perd\u00e3o divino no al\u00e9m\u2026 E bala na cara dos homens de boa f\u00e9&#8230;\u201d.<\/p>\n<p>Com isso, o Ju\u00edzo entendeu que: \u201cDe leitura da mat\u00e9ria jornalistica e do teor da mensagem feita pelo autor, verifico que n\u00e3o se ultrapassou os limites da narra\u00e7\u00e3o feitos pela jornalista em sua mat\u00e9ria. A requerida [Luciana Oliveira] em sua mat\u00e9ria inicia afirmando sobre o aumento de den\u00fancias contra os praticantes da Islamofobia, explicando que se trata da propaga\u00e7\u00e3o de repugn\u00e2ncia aos mu\u00e7ulmanos e \u00e0 doutrina Isl\u00e2mica\u201d.<\/p>\n<p>A ativista relatou ainda em sua mat\u00e9ria o aumento de fatos relacionados \u00e0 islamofobia que ocorre especialmente nas redes sociais . Fabr\u00edcio Moraes, pessoa com fun\u00e7\u00e3o p\u00fablica relevante, proferiu as mensagens acima mencionadas.<\/p>\n<p>\u201cOra! De uma simples leitura, percebe-se que a requerida em nenhum momento criou a not\u00edcia, aumentou ou inventou fatos. Narrou apenas aquilo que foi escrito pelo requerente. O fato da conversa ter ocorrido em grupo de whatsapp n\u00e3o pode servir como fator de responsabiliza\u00e7\u00e3o da requerida\u201d, pontou Dalmo Ant\u00f4nio de Castro.<\/p>\n<p>Para o juiz, a jornalista n\u00e3o violou qualquer direito \u00e0 privacidade ou intimidade do professor, \u201cisto porque, mesmo sendo o WhatsApp um grupo privado, quando a conversa \u00e9 divulgada para terceiros, no caso a jornalista, e diante da relev\u00e2ncia do assunto, faz surgir o interesse jornal\u00edstico\u201d.<\/p>\n<p>Luciana Oliveira, na profiss\u00e3o de jornalista, ainda segundo o Poder Judici\u00e1rio, \u00a0n\u00e3o necessitaria nem de divulgar a fonte, por\u00e9m, \u201cnestes autos divulgou que membros da comunidade mu\u00e7ulmana a procuraram, com o \u2018print\u2019 da mensagem do autor. Assim, seguindo a liberdade de imprensa que lhe inerente e amplamente reconhecida nos Tribunais p\u00e1trios, escreveu a mat\u00e9ria\u201d.<\/p>\n<p><strong>WhatsApp como meio de prova<\/strong><\/p>\n<p>Antes de sacramentar sua decis\u00e3o, a Justi\u00e7a ressltou que, inclusive, nos Tribunais j\u00e1 se permite o uso de conversas de WhatsApp como meio de prova, nos termos do que prev\u00ea a Constitui\u00e7\u00e3o Federal, no artigo 5, LVI e do artigo 369 do C\u00f3digo de Processo Civil, onde \u00e9 ampla a aceita\u00e7\u00e3o de \u201ctodos os meios de prova\u201d desde que eles n\u00e3o sejam obtidos atrav\u00e9s de caminhos il\u00edcitos.<\/p>\n<p><u><strong>Confira os termos da decis\u00e3o<\/strong><\/u><\/p>\n<blockquote><p>Ante o exposto,\u00a0<strong>JULGO IMPROCEDENTE<\/strong>\u00a0o pedido inicial formulado por Fabricio Moraes de Almeida contra Luciana de Oliveira e Silva, todos qualificados e, em consequ\u00eancia, determino o arquivamento dos presentes autos.<\/p>\n<p>CONDENO a requerente, ainda, a pagar as custas, despesas processuais e honor\u00e1rios advocat\u00edcios da parte contr\u00e1ria, estes arbitrados, em conformidade ao disposto no \u00a72\u00ba do art. 85, NCPC, em 15% (quinze por cento) sobre o valor total a\u00e7\u00e3o.<\/p>\n<p>Por conseguinte, declaro resolvido o M\u00c9RITO da presente a\u00e7\u00e3o, com fundamento no artigo 487, inciso I, do C\u00f3digo de Processo Civil.<\/p><\/blockquote>\n<p><strong>Autor \/ Fonte: Rondoniadinamica<\/strong><\/p>\n<p>&nbsp;<\/p>\n<p>Leia tamb\u00e9m:\u00a0<a href=\"http:\/\/blogdalucianaoliveira.com.br\/blog\/2017\/08\/24\/247-jornalista-processada-por-reproduzir-intolerancia-religiosa-de-professor-recebe-solidariedade\/\">http:\/\/blogdalucianaoliveira.com.br\/blog\/2017\/08\/24\/247-jornalista-processada-por-reproduzir-intolerancia-religiosa-de-professor-recebe-solidariedade\/<\/a><\/p>\n","protected":false},"excerpt":{"rendered":"<p>Luciana Oliveira, do Blog da Luciana, denunciou a atitude do professor universit\u00e1rio No Rond\u00f4nia Din\u00e2mica\u00a0 \u2013\u00a0A Justi\u00e7a de Rond\u00f4nia proferiu na \u00faltima segunda-feira (21) decis\u00e3o completamente contr\u00e1ria \u00e0 censura e, consequentemente, assegurou o direito \u00e0s liberdades de express\u00e3o e imprensa. O professor universit\u00e1rio da UNIR Fabr\u00edcio Moraes de Almeida moveu a\u00e7\u00e3o de repara\u00e7\u00e3o por danos&#8230;<a class=\"more-link\" href=\"http:\/\/blogdalucianaoliveira.com.br\/blog\/2018\/05\/29\/justica-de-rondonia-nega-indenizacao-a-professor-da-unir-exposto-por-jornalista-apos-disseminar-frase-muculmano-e-a-desgraca-da-humanidade-na-internet\/\">Continue a leitura <span class=\"meta-nav\">&raquo;<\/span><\/a><\/p>\n","protected":false},"author":1,"featured_media":0,"comment_status":"closed","ping_status":"open","sticky":false,"template":"","format":"standard","meta":{"_exactmetrics_skip_tracking":false,"_exactmetrics_sitenote_active":false,"_exactmetrics_sitenote_note":"","_exactmetrics_sitenote_category":0,"jetpack_post_was_ever_published":false,"_jetpack_newsletter_access":"","_jetpack_dont_email_post_to_subs":false,"_jetpack_newsletter_tier_id":0,"_jetpack_memberships_contains_paywalled_content":false,"_jetpack_memberships_contains_paid_content":false,"footnotes":"","jetpack_publicize_message":"","jetpack_publicize_feature_enabled":true,"jetpack_social_post_already_shared":true,"jetpack_social_options":{"image_generator_settings":{"template":"highway","enabled":false},"version":2}},"categories":[1],"tags":[],"class_list":["post-18237","post","type-post","status-publish","format-standard","hentry","category-notas"],"jetpack_publicize_connections":[],"jetpack_sharing_enabled":true,"jetpack_featured_media_url":"","jetpack_shortlink":"https:\/\/wp.me\/p7wKYW-4K9","jetpack-related-posts":[],"_links":{"self":[{"href":"http:\/\/blogdalucianaoliveira.com.br\/blog\/wp-json\/wp\/v2\/posts\/18237","targetHints":{"allow":["GET"]}}],"collection":[{"href":"http:\/\/blogdalucianaoliveira.com.br\/blog\/wp-json\/wp\/v2\/posts"}],"about":[{"href":"http:\/\/blogdalucianaoliveira.com.br\/blog\/wp-json\/wp\/v2\/types\/post"}],"author":[{"embeddable":true,"href":"http:\/\/blogdalucianaoliveira.com.br\/blog\/wp-json\/wp\/v2\/users\/1"}],"replies":[{"embeddable":true,"href":"http:\/\/blogdalucianaoliveira.com.br\/blog\/wp-json\/wp\/v2\/comments?post=18237"}],"version-history":[{"count":2,"href":"http:\/\/blogdalucianaoliveira.com.br\/blog\/wp-json\/wp\/v2\/posts\/18237\/revisions"}],"predecessor-version":[{"id":18239,"href":"http:\/\/blogdalucianaoliveira.com.br\/blog\/wp-json\/wp\/v2\/posts\/18237\/revisions\/18239"}],"wp:attachment":[{"href":"http:\/\/blogdalucianaoliveira.com.br\/blog\/wp-json\/wp\/v2\/media?parent=18237"}],"wp:term":[{"taxonomy":"category","embeddable":true,"href":"http:\/\/blogdalucianaoliveira.com.br\/blog\/wp-json\/wp\/v2\/categories?post=18237"},{"taxonomy":"post_tag","embeddable":true,"href":"http:\/\/blogdalucianaoliveira.com.br\/blog\/wp-json\/wp\/v2\/tags?post=18237"}],"curies":[{"name":"wp","href":"https:\/\/api.w.org\/{rel}","templated":true}]}}