{"id":18240,"date":"2018-05-29T18:19:18","date_gmt":"2018-05-29T22:19:18","guid":{"rendered":"http:\/\/blogdalucianaoliveira.com.br\/blog\/?p=18240"},"modified":"2018-05-29T18:55:57","modified_gmt":"2018-05-29T22:55:57","slug":"deputados-anulam-criacao-de-conselho-estadual-lgbttt-e-a-culpa-cai-no-colo-do-governador","status":"publish","type":"post","link":"http:\/\/blogdalucianaoliveira.com.br\/blog\/2018\/05\/29\/deputados-anulam-criacao-de-conselho-estadual-lgbttt-e-a-culpa-cai-no-colo-do-governador\/","title":{"rendered":"DEPUTADOS ANULAM CRIA\u00c7\u00c3O DE CONSELHO ESTADUAL LGBTTT E A CULPA CAI NO COLO DO GOVERNADOR"},"content":{"rendered":"<p><img data-recalc-dims=\"1\" loading=\"lazy\" decoding=\"async\" data-attachment-id=\"18242\" data-permalink=\"http:\/\/blogdalucianaoliveira.com.br\/blog\/2018\/05\/29\/deputados-anulam-criacao-de-conselho-estadual-lgbttt-e-a-culpa-cai-no-colo-do-governador\/puta-7\/\" data-orig-file=\"https:\/\/i0.wp.com\/blogdalucianaoliveira.com.br\/blog\/wp-content\/uploads\/2018\/05\/puta.jpg?fit=1280%2C960\" data-orig-size=\"1280,960\" data-comments-opened=\"0\" data-image-meta=\"{&quot;aperture&quot;:&quot;0&quot;,&quot;credit&quot;:&quot;&quot;,&quot;camera&quot;:&quot;&quot;,&quot;caption&quot;:&quot;&quot;,&quot;created_timestamp&quot;:&quot;0&quot;,&quot;copyright&quot;:&quot;&quot;,&quot;focal_length&quot;:&quot;0&quot;,&quot;iso&quot;:&quot;0&quot;,&quot;shutter_speed&quot;:&quot;0&quot;,&quot;title&quot;:&quot;&quot;,&quot;orientation&quot;:&quot;0&quot;}\" data-image-title=\"puta\" data-image-description=\"\" data-image-caption=\"\" data-medium-file=\"https:\/\/i0.wp.com\/blogdalucianaoliveira.com.br\/blog\/wp-content\/uploads\/2018\/05\/puta.jpg?fit=300%2C225\" data-large-file=\"https:\/\/i0.wp.com\/blogdalucianaoliveira.com.br\/blog\/wp-content\/uploads\/2018\/05\/puta.jpg?fit=600%2C450\" class=\"alignnone size-full wp-image-18242\" src=\"https:\/\/i0.wp.com\/blogdalucianaoliveira.com.br\/blog\/wp-content\/uploads\/2018\/05\/puta.jpg?resize=600%2C450\" alt=\"puta\" width=\"600\" height=\"450\" srcset=\"https:\/\/i0.wp.com\/blogdalucianaoliveira.com.br\/blog\/wp-content\/uploads\/2018\/05\/puta.jpg?w=1280 1280w, https:\/\/i0.wp.com\/blogdalucianaoliveira.com.br\/blog\/wp-content\/uploads\/2018\/05\/puta.jpg?resize=300%2C225 300w, https:\/\/i0.wp.com\/blogdalucianaoliveira.com.br\/blog\/wp-content\/uploads\/2018\/05\/puta.jpg?resize=768%2C576 768w, https:\/\/i0.wp.com\/blogdalucianaoliveira.com.br\/blog\/wp-content\/uploads\/2018\/05\/puta.jpg?resize=1024%2C768 1024w, https:\/\/i0.wp.com\/blogdalucianaoliveira.com.br\/blog\/wp-content\/uploads\/2018\/05\/puta.jpg?resize=400%2C300 400w, https:\/\/i0.wp.com\/blogdalucianaoliveira.com.br\/blog\/wp-content\/uploads\/2018\/05\/puta.jpg?w=1200 1200w\" sizes=\"auto, (max-width: 600px) 100vw, 600px\" \/><\/p>\n<p>&nbsp;<\/p>\n<p>S\u00f3 com uma manobra antidemocr\u00e1tica, vergonhosa e de forte apelo obscurantista-eleitoreiro, deputados inconformados conseguiram anular o Projeto de Lei 845\/2017, que criou o Conselho Estadual de Pol\u00edticas P\u00fablicas e Direitos Humanos para a popula\u00e7\u00e3o de LGBTT (L\u00e9sbicas, Gays, Bissexuais, Travestis, Transexuais e Transg\u00eaneros), de iniciativa do governo do estado e aprovado no dia 24.04.2018, na Assembleia Legislativa.<!--more--><\/p>\n<p>Um requerimento coletivo, sem aviso, com o plen\u00e1rio lotado de lideran\u00e7as evang\u00e9licas, foi inclu\u00eddo na ordem do dia e\u00a0resultou na anula\u00e7\u00e3o do projeto aprovado.<\/p>\n<p>Alegaram v\u00edcio regimental como desculpa esfarrapada para ceder \u00e0 press\u00e3o dos deputados evang\u00e9licos que em ano eleitoral n\u00e3o querem contrariar seus \u2018rebanhos\u2019.<\/p>\n<p>Usaram o Art. 177 do Regimento Interno que determina que os requerimentos a serem inclu\u00eddos na ordem do dia sejam feitos por escrito ao presidente.<\/p>\n<p>N\u00e3o \u00e9 dif\u00edcil provar que este motivo \u00e9 in\u00e9dito.<\/p>\n<p>N\u00e3o cola.<\/p>\n<p>Porque os deputados que votaram favor\u00e1veis, agora anunciam que v\u00e3o seguir o entendimento da maioria e n\u00e3o o que tinham antes.<\/p>\n<p>At\u00e9 os deputados L\u00e9o Moraes e Jesu\u00edno, Bouabaid, que emitiram pareceres favor\u00e1veis \u00e0 aprova\u00e7\u00e3o, agora, n\u00e3o reafirmaram seus entendimentos.<\/p>\n<p>Todos que anteriormente disseram sim \u00e0 cria\u00e7\u00e3o do conselho, negaram a regularidade da vota\u00e7\u00e3o. Deles, a pior conduta.<\/p>\n<p>No site da Assembleia, mat\u00e9ria destaca: &#8220;Os deputados entenderam que a vota\u00e7\u00e3o do referido projeto deveria ser anulada, pois n\u00e3o seguiu os tr\u00e2mites e preceitos legais da Casa, incorrendo em v\u00edcio regimental. Na sess\u00e3o desta ter\u00e7a, com o requerimento coletivo acatado, a vota\u00e7\u00e3o anterior foi anulada e uma nova vota\u00e7\u00e3o da mat\u00e9ria ocorreu, sendo definido o arquivamento do projeto, em definitivo, com 17 votos favor\u00e1veis&#8221;.<\/p>\n<p>S\u00f3 o deputado Lazinho da Fetagro, do PT, se op\u00f4s \u00e0 anula\u00e7\u00e3o.<\/p>\n<p>Desde a aprova\u00e7\u00e3o, deputados que estavam na casa e se ausentaram s\u00f3 durante a vota\u00e7\u00e3o do projeto, tentam reverter a decis\u00e3o do plen\u00e1rio.<\/p>\n<p>Restou a manobra burra e na contram\u00e3o do que decidem v\u00e1rios estados, para fazer valer a vontade de uma minoria que agora se revela maioria.<\/p>\n<p>O sil\u00eancio do governador Daniel Pereira ao negar a san\u00e7\u00e3o expressa ao projeto foi determinante \u00e0 ousadia dos deputados.<\/p>\n<p>Ele tinha\u00a0recomenda\u00e7\u00f5es\u00a0dos Minist\u00e9rios P\u00fablicos Estadual e Federal, OAB, Defensoria P\u00fablica e Associa\u00e7\u00e3o dos Defensores P\u00fablicos do Estado \u00e0 san\u00e7\u00e3o. N\u00e3o s\u00f3 isso, mas a Carta da Arquidiocese de Porto Velho em defesa do conselho.<\/p>\n<p>Ficou em cima do muro, com uma perna de um lado e outra de outro.<\/p>\n<p>O futuro dir\u00e1 se Daniel ser\u00e1 mais um a ter sua trajet\u00f3ria pol\u00edtica rasgada ao meio por ceder \u00e0 press\u00e3o com car\u00e1ter politiqueiro.<\/p>\n<p>Agora, o projeto volta ao seu estado original e ser\u00e1 novamente submetido \u00e0 vota\u00e7\u00e3o quando Maur\u00e3o de Carvalho quiser.<\/p>\n<p>E o deputado Jesu\u00edno jogou a culpa no governador ao dizer \u201cele silenciou. Ent\u00e3o, o que ele quis dizer \u00e9 que n\u00e3o comunga com a aprova\u00e7\u00e3o do Conselho, motivo pelo qual, eu n\u00e3o vou tomar as vias de governo.\u201d<\/p>\n<p>Nesse ponto e s\u00f3 nesse ponto, ele tem raz\u00e3o.<\/p>\n<p>Veja a sess\u00e3o aqui:\u00a0<a href=\"http:\/\/www.al.ro.leg.br\/\">http:\/\/www.al.ro.leg.br\/<\/a><\/p>\n<p>No Encontro Nacional de Blogueiros realizado em S\u00e3o Paulo, o deputado federal Jean Wyllys falou sobre\u00a0a postura dos parlamentares e do governo em contrariar diretrizes nacionais de prote\u00e7\u00e3o \u00e0 popula\u00e7\u00e3o de homossexuais e transg\u00eaneros. O pais lidera o ranking mundial de assassinatos dessa parcela e os conselhos s\u00e3o fundamentais \u00e0 implementa\u00e7\u00e3o de pol\u00edticas p\u00fablicas para tirar o Brasil dessa vergonhosa lideran\u00e7a.<\/p>\n<p><iframe loading=\"lazy\" src=\"https:\/\/www.facebook.com\/plugins\/video.php?href=https%3A%2F%2Fwww.facebook.com%2Fluciana.oliveira.75457%2Fvideos%2F1826029940806234%2F&#038;show_text=0&#038;width=560\" width=\"560\" height=\"315\" style=\"border:none;overflow:hidden\" scrolling=\"no\" frameborder=\"0\" allowTransparency=\"true\" allowFullScreen=\"true\"><\/iframe><\/p>\n","protected":false},"excerpt":{"rendered":"<p>&nbsp; S\u00f3 com uma manobra antidemocr\u00e1tica, vergonhosa e de forte apelo obscurantista-eleitoreiro, deputados inconformados conseguiram anular o Projeto de Lei 845\/2017, que criou o Conselho Estadual de Pol\u00edticas P\u00fablicas e Direitos Humanos para a popula\u00e7\u00e3o de LGBTT (L\u00e9sbicas, Gays, Bissexuais, Travestis, Transexuais e Transg\u00eaneros), de iniciativa do governo do estado e aprovado no dia 24.04.2018,&#8230;<a class=\"more-link\" href=\"http:\/\/blogdalucianaoliveira.com.br\/blog\/2018\/05\/29\/deputados-anulam-criacao-de-conselho-estadual-lgbttt-e-a-culpa-cai-no-colo-do-governador\/\">Continue a leitura <span class=\"meta-nav\">&raquo;<\/span><\/a><\/p>\n","protected":false},"author":1,"featured_media":0,"comment_status":"closed","ping_status":"open","sticky":false,"template":"","format":"standard","meta":{"_exactmetrics_skip_tracking":false,"_exactmetrics_sitenote_active":false,"_exactmetrics_sitenote_note":"","_exactmetrics_sitenote_category":0,"jetpack_post_was_ever_published":false,"_jetpack_newsletter_access":"","_jetpack_dont_email_post_to_subs":false,"_jetpack_newsletter_tier_id":0,"_jetpack_memberships_contains_paywalled_content":false,"_jetpack_memberships_contains_paid_content":false,"footnotes":"","jetpack_publicize_message":"","jetpack_publicize_feature_enabled":true,"jetpack_social_post_already_shared":true,"jetpack_social_options":{"image_generator_settings":{"template":"highway","enabled":false},"version":2}},"categories":[1],"tags":[],"class_list":["post-18240","post","type-post","status-publish","format-standard","hentry","category-notas"],"jetpack_publicize_connections":[],"jetpack_sharing_enabled":true,"jetpack_featured_media_url":"","jetpack_shortlink":"https:\/\/wp.me\/p7wKYW-4Kc","jetpack-related-posts":[],"_links":{"self":[{"href":"http:\/\/blogdalucianaoliveira.com.br\/blog\/wp-json\/wp\/v2\/posts\/18240","targetHints":{"allow":["GET"]}}],"collection":[{"href":"http:\/\/blogdalucianaoliveira.com.br\/blog\/wp-json\/wp\/v2\/posts"}],"about":[{"href":"http:\/\/blogdalucianaoliveira.com.br\/blog\/wp-json\/wp\/v2\/types\/post"}],"author":[{"embeddable":true,"href":"http:\/\/blogdalucianaoliveira.com.br\/blog\/wp-json\/wp\/v2\/users\/1"}],"replies":[{"embeddable":true,"href":"http:\/\/blogdalucianaoliveira.com.br\/blog\/wp-json\/wp\/v2\/comments?post=18240"}],"version-history":[{"count":8,"href":"http:\/\/blogdalucianaoliveira.com.br\/blog\/wp-json\/wp\/v2\/posts\/18240\/revisions"}],"predecessor-version":[{"id":18250,"href":"http:\/\/blogdalucianaoliveira.com.br\/blog\/wp-json\/wp\/v2\/posts\/18240\/revisions\/18250"}],"wp:attachment":[{"href":"http:\/\/blogdalucianaoliveira.com.br\/blog\/wp-json\/wp\/v2\/media?parent=18240"}],"wp:term":[{"taxonomy":"category","embeddable":true,"href":"http:\/\/blogdalucianaoliveira.com.br\/blog\/wp-json\/wp\/v2\/categories?post=18240"},{"taxonomy":"post_tag","embeddable":true,"href":"http:\/\/blogdalucianaoliveira.com.br\/blog\/wp-json\/wp\/v2\/tags?post=18240"}],"curies":[{"name":"wp","href":"https:\/\/api.w.org\/{rel}","templated":true}]}}