{"id":18254,"date":"2018-05-30T12:01:07","date_gmt":"2018-05-30T16:01:07","guid":{"rendered":"http:\/\/blogdalucianaoliveira.com.br\/blog\/?p=18254"},"modified":"2018-05-30T12:01:07","modified_gmt":"2018-05-30T16:01:07","slug":"petroleiros-paralisam-atividades-em-refinarias-terminais-e-plataformas","status":"publish","type":"post","link":"http:\/\/blogdalucianaoliveira.com.br\/blog\/2018\/05\/30\/petroleiros-paralisam-atividades-em-refinarias-terminais-e-plataformas\/","title":{"rendered":"PETROLEIROS PARALISAM ATIVIDADES EM REFINARIAS, TERMINAIS E PLATAFORMAS"},"content":{"rendered":"<p><img data-recalc-dims=\"1\" loading=\"lazy\" decoding=\"async\" data-attachment-id=\"18255\" data-permalink=\"http:\/\/blogdalucianaoliveira.com.br\/blog\/2018\/05\/30\/petroleiros-paralisam-atividades-em-refinarias-terminais-e-plataformas\/plata\/\" data-orig-file=\"https:\/\/i0.wp.com\/blogdalucianaoliveira.com.br\/blog\/wp-content\/uploads\/2018\/05\/PLATA.jpg?fit=1000%2C357\" data-orig-size=\"1000,357\" data-comments-opened=\"0\" data-image-meta=\"{&quot;aperture&quot;:&quot;0&quot;,&quot;credit&quot;:&quot;&quot;,&quot;camera&quot;:&quot;&quot;,&quot;caption&quot;:&quot;&quot;,&quot;created_timestamp&quot;:&quot;0&quot;,&quot;copyright&quot;:&quot;&quot;,&quot;focal_length&quot;:&quot;0&quot;,&quot;iso&quot;:&quot;0&quot;,&quot;shutter_speed&quot;:&quot;0&quot;,&quot;title&quot;:&quot;&quot;,&quot;orientation&quot;:&quot;0&quot;}\" data-image-title=\"PLATA\" data-image-description=\"\" data-image-caption=\"\" data-medium-file=\"https:\/\/i0.wp.com\/blogdalucianaoliveira.com.br\/blog\/wp-content\/uploads\/2018\/05\/PLATA.jpg?fit=300%2C107\" data-large-file=\"https:\/\/i0.wp.com\/blogdalucianaoliveira.com.br\/blog\/wp-content\/uploads\/2018\/05\/PLATA.jpg?fit=600%2C214\" src=\"https:\/\/i0.wp.com\/blogdalucianaoliveira.com.br\/blog\/wp-content\/uploads\/2018\/05\/PLATA.jpg?resize=600%2C214\" alt=\"PLATA\" width=\"600\" height=\"214\" class=\"alignnone size-full wp-image-18255\" srcset=\"https:\/\/i0.wp.com\/blogdalucianaoliveira.com.br\/blog\/wp-content\/uploads\/2018\/05\/PLATA.jpg?w=1000 1000w, https:\/\/i0.wp.com\/blogdalucianaoliveira.com.br\/blog\/wp-content\/uploads\/2018\/05\/PLATA.jpg?resize=300%2C107 300w, https:\/\/i0.wp.com\/blogdalucianaoliveira.com.br\/blog\/wp-content\/uploads\/2018\/05\/PLATA.jpg?resize=768%2C274 768w, https:\/\/i0.wp.com\/blogdalucianaoliveira.com.br\/blog\/wp-content\/uploads\/2018\/05\/PLATA.jpg?resize=800%2C286 800w\" sizes=\"auto, (max-width: 600px) 100vw, 600px\" \/><\/p>\n<p>Da FUP &#8211; A greve nacional dos petroleiros contra a pol\u00edtica de pre\u00e7os de derivados da Petrobr\u00e1s come\u00e7ou aos primeiros minutos desta quarta-feira, 30, em diversas refinarias, terminais e plataformas da Bacia de Campos.<!--more--><\/p>\n<p>Os trabalhadores n\u00e3o entraram para trabalhar nas refinarias de Manaus (Reman), Abreu e Lima (Pernambuco), Regap (Minas Gerais), Duque de Caxias (Reduc), Paul\u00ednia (Replan), Capuava (Recap), Arauc\u00e1ria (Repar), Refap (RS), al\u00e9m da F\u00e1brica de Lubrificantes do Cear\u00e1 (Lubnor), da Arauc\u00e1ria Nitrogenados (Fafen-PR) e da unidade de xisto do Paran\u00e1 (SIX).<\/p>\n<p>Tamb\u00e9m n\u00e3o houve troca dos turnos da zero hora nos terminais de Suape (PE) e de Paranagu\u00e1 (PR).<\/p>\n<p>Na Bacia de Campos, as informa\u00e7\u00f5es iniciais eram de que os trabalhadores tamb\u00e9m aderiram \u00e0 greve em diversas plataformas.<\/p>\n<p>O movimento prossegue pela manh\u00e3, quando est\u00e3o previstas paralisa\u00e7\u00f5es nas demais bases do Sistema Petrobr\u00e1s.<\/p>\n<p>Tamb\u00e9m nesta quarta-feira, 30, ser\u00e3o realizados atos e manifesta\u00e7\u00f5es em apoio e em solidariedade \u00e0 luta dos petroleiros contra a pol\u00edtica de pre\u00e7os imposta pelo presidente da Petrobr\u00e1s, Pedro Parente, que gerou uma escalada de aumentos abusivos no g\u00e1s de cozinha e nos combust\u00edveis.<\/p>\n<p>Acompanhe minuto a minuto a greve dos petroleiros, acessando o Radar FUP: http:\/\/www.radarfup.com.br\/minuto-a-minuto\/<\/p>\n","protected":false},"excerpt":{"rendered":"<p>Da FUP &#8211; A greve nacional dos petroleiros contra a pol\u00edtica de pre\u00e7os de derivados da Petrobr\u00e1s come\u00e7ou aos primeiros minutos desta quarta-feira, 30, em diversas refinarias, terminais e plataformas da Bacia de Campos.<\/p>\n","protected":false},"author":1,"featured_media":0,"comment_status":"closed","ping_status":"open","sticky":false,"template":"","format":"standard","meta":{"_exactmetrics_skip_tracking":false,"_exactmetrics_sitenote_active":false,"_exactmetrics_sitenote_note":"","_exactmetrics_sitenote_category":0,"jetpack_post_was_ever_published":false,"_jetpack_newsletter_access":"","_jetpack_dont_email_post_to_subs":false,"_jetpack_newsletter_tier_id":0,"_jetpack_memberships_contains_paywalled_content":false,"_jetpack_memberships_contains_paid_content":false,"footnotes":"","jetpack_publicize_message":"","jetpack_publicize_feature_enabled":true,"jetpack_social_post_already_shared":true,"jetpack_social_options":{"image_generator_settings":{"template":"highway","enabled":false},"version":2}},"categories":[1],"tags":[],"class_list":["post-18254","post","type-post","status-publish","format-standard","hentry","category-notas"],"jetpack_publicize_connections":[],"jetpack_sharing_enabled":true,"jetpack_featured_media_url":"","jetpack_shortlink":"https:\/\/wp.me\/p7wKYW-4Kq","jetpack-related-posts":[],"_links":{"self":[{"href":"http:\/\/blogdalucianaoliveira.com.br\/blog\/wp-json\/wp\/v2\/posts\/18254","targetHints":{"allow":["GET"]}}],"collection":[{"href":"http:\/\/blogdalucianaoliveira.com.br\/blog\/wp-json\/wp\/v2\/posts"}],"about":[{"href":"http:\/\/blogdalucianaoliveira.com.br\/blog\/wp-json\/wp\/v2\/types\/post"}],"author":[{"embeddable":true,"href":"http:\/\/blogdalucianaoliveira.com.br\/blog\/wp-json\/wp\/v2\/users\/1"}],"replies":[{"embeddable":true,"href":"http:\/\/blogdalucianaoliveira.com.br\/blog\/wp-json\/wp\/v2\/comments?post=18254"}],"version-history":[{"count":1,"href":"http:\/\/blogdalucianaoliveira.com.br\/blog\/wp-json\/wp\/v2\/posts\/18254\/revisions"}],"predecessor-version":[{"id":18256,"href":"http:\/\/blogdalucianaoliveira.com.br\/blog\/wp-json\/wp\/v2\/posts\/18254\/revisions\/18256"}],"wp:attachment":[{"href":"http:\/\/blogdalucianaoliveira.com.br\/blog\/wp-json\/wp\/v2\/media?parent=18254"}],"wp:term":[{"taxonomy":"category","embeddable":true,"href":"http:\/\/blogdalucianaoliveira.com.br\/blog\/wp-json\/wp\/v2\/categories?post=18254"},{"taxonomy":"post_tag","embeddable":true,"href":"http:\/\/blogdalucianaoliveira.com.br\/blog\/wp-json\/wp\/v2\/tags?post=18254"}],"curies":[{"name":"wp","href":"https:\/\/api.w.org\/{rel}","templated":true}]}}