{"id":18257,"date":"2018-05-30T12:12:49","date_gmt":"2018-05-30T16:12:49","guid":{"rendered":"http:\/\/blogdalucianaoliveira.com.br\/blog\/?p=18257"},"modified":"2018-05-30T12:12:49","modified_gmt":"2018-05-30T16:12:49","slug":"13-pontos-para-embasar-qualquer-analise-de-conjuntura","status":"publish","type":"post","link":"http:\/\/blogdalucianaoliveira.com.br\/blog\/2018\/05\/30\/13-pontos-para-embasar-qualquer-analise-de-conjuntura\/","title":{"rendered":"13 pontos para embasar qualquer an\u00e1lise de conjuntura"},"content":{"rendered":"<p><img data-recalc-dims=\"1\" loading=\"lazy\" decoding=\"async\" data-attachment-id=\"18258\" data-permalink=\"http:\/\/blogdalucianaoliveira.com.br\/blog\/2018\/05\/30\/13-pontos-para-embasar-qualquer-analise-de-conjuntura\/impea\/\" data-orig-file=\"https:\/\/i0.wp.com\/blogdalucianaoliveira.com.br\/blog\/wp-content\/uploads\/2018\/05\/impea.jpg?fit=278%2C182\" data-orig-size=\"278,182\" data-comments-opened=\"0\" data-image-meta=\"{&quot;aperture&quot;:&quot;0&quot;,&quot;credit&quot;:&quot;&quot;,&quot;camera&quot;:&quot;&quot;,&quot;caption&quot;:&quot;&quot;,&quot;created_timestamp&quot;:&quot;0&quot;,&quot;copyright&quot;:&quot;&quot;,&quot;focal_length&quot;:&quot;0&quot;,&quot;iso&quot;:&quot;0&quot;,&quot;shutter_speed&quot;:&quot;0&quot;,&quot;title&quot;:&quot;&quot;,&quot;orientation&quot;:&quot;0&quot;}\" data-image-title=\"impea\" data-image-description=\"\" data-image-caption=\"\" data-medium-file=\"https:\/\/i0.wp.com\/blogdalucianaoliveira.com.br\/blog\/wp-content\/uploads\/2018\/05\/impea.jpg?fit=278%2C182\" data-large-file=\"https:\/\/i0.wp.com\/blogdalucianaoliveira.com.br\/blog\/wp-content\/uploads\/2018\/05\/impea.jpg?fit=278%2C182\" src=\"https:\/\/i0.wp.com\/blogdalucianaoliveira.com.br\/blog\/wp-content\/uploads\/2018\/05\/impea.jpg?resize=278%2C182\" alt=\"impea\" width=\"278\" height=\"182\" class=\"alignnone size-full wp-image-18258\" \/><\/p>\n<p>por Maur\u00edcio Abdalla, no Le Monde Diplomatique<!--more--><\/p>\n<p>1 \u2013 O foco do poder n\u00e3o est\u00e1 na pol\u00edtica, mas na economia. Quem comanda a sociedade \u00e9 o complexo financeiro-empresarial com dimens\u00f5es globais e conforma\u00e7\u00f5es espec\u00edficas locais.<\/p>\n<p>2 \u2013 Os donos do poder n\u00e3o s\u00e3o os pol\u00edticos. Estes s\u00e3o apenas instrumentos dos verdadeiros donos do poder.<\/p>\n<p>3 \u2013 O verdadeiro exerc\u00edcio do poder \u00e9 invis\u00edvel. O que vemos, na verdade, \u00e9 a constru\u00e7\u00e3o planejada de uma narrativa fantasiosa com apar\u00eancia de realidade para criar a sensa\u00e7\u00e3o de participa\u00e7\u00e3o consciente e cidad\u00e3 dos que se informam pelos meios de comunica\u00e7\u00e3o tradicionais.<\/p>\n<p>4 \u2013 Os grandes meios de comunica\u00e7\u00e3o n\u00e3o se constituem mais em \u00f3rg\u00e3os de \u201cimprensa\u201d, ou seja, institui\u00e7\u00f5es aut\u00f4nomas, cujo objeto \u00e9 a not\u00edcia, e que podem ser independentes ou, eventualmente, compradas ou cooptadas por interesses. Eles s\u00e3o, atualmente, grandes conglomerados econ\u00f4micos que tamb\u00e9m comp\u00f5em o complexo financeiro-empresarial que comanda o poder invis\u00edvel. Portanto, participam do exerc\u00edcio invis\u00edvel do poder utilizando seus recursos de forma\u00e7\u00e3o de consci\u00eancia e opini\u00e3o.<\/p>\n<p>5 \u2013 Os donos do poder n\u00e3o apoiam partidos ou pol\u00edticos espec\u00edficos. Sua t\u00e1tica \u00e9 apoiar quem lhes conv\u00e9m e destruir quem lhes estorva. Isso muda de acordo com a conjuntura. O exerc\u00edcio real do poder n\u00e3o tem partido e sua \u00fanica ideologia \u00e9 a supremacia do mercado e do lucro.<\/p>\n<p>6 \u2013 O complexo financeiro-empresarial global pode apostar ora em Lula, ora em um pol\u00edtico do PSDB, ora em Temer, ora em um aventureiro qualquer da pol\u00edtica. E pode destruir qualquer um desses de acordo com sua conveni\u00eancia.<\/p>\n<p>7 \u2013 Por isso, o exerc\u00edcio do poder no campo subjetivo, responsabilidade da m\u00eddia corporativa, em um momento demoniza Lula, em outro Dilma, e logo depois Cunha, Temer, A\u00e9cio, etc. Tudo faz parte de um grande jogo estrat\u00e9gico com cuidadosas an\u00e1lises das condi\u00e7\u00f5es objetivas e subjetivas da conjuntura.<\/p>\n<p>8 \u2013 O complexo financeiro-empresarial n\u00e3o tem op\u00e7\u00e3o partid\u00e1ria, n\u00e3o veste nenhuma camisa na pol\u00edtica, nem defende pessoas. Sua inten\u00e7\u00e3o \u00e9 tornar as leis e a administra\u00e7\u00e3o do pa\u00eds totalmente favor\u00e1veis para suas metas de maximiza\u00e7\u00e3o dos lucros.<\/p>\n<p>9 \u2013 Assim, os donos do poder n\u00e3o querem um governo ou outro \u00e0 toa: eles querem, na conjuntura atual, a reforma na previd\u00eancia, o fim das leis trabalhistas, a manuten\u00e7\u00e3o do congelamento do or\u00e7amento prim\u00e1rio, os cortes de gastos sociais para o servi\u00e7o da d\u00edvida, as privatiza\u00e7\u00f5es e o al\u00edvio dos tributos para os mais ricos.<\/p>\n<p>10 \u2013 Se a conjuntura indicar que Temer n\u00e3o \u00e9 o melhor para isso, n\u00e3o hesitar\u00e3o em rif\u00e1-lo. A \u00fanica coisa que n\u00e3o querem \u00e9 que o povo brasileiro decida sobre o destino de seu pa\u00eds.<\/p>\n<p>11 \u2013 Portanto, cada not\u00edcia \u00e9 um lance no jogo. Cada esc\u00e2ndalo \u00e9 um movimento t\u00e1tico. Analisar a conjuntura n\u00e3o \u00e9 ler not\u00edcia. \u00c9 especular sobre a estrat\u00e9gia que justifica cada movimento t\u00e1tico do complexo financeiro-empresarial (do qual a m\u00eddia faz parte), para poder reagir tamb\u00e9m de maneira estrat\u00e9gica.<\/p>\n<p>12 \u2013 A queda de Temer pode ser uma coisa boa. Mas \u00e9 um movimento t\u00e1tico em uma estrat\u00e9gia mais ampla de quem comanda o poder. O que realmente importa \u00e9 o que vir\u00e1 depois.<\/p>\n<p>13 \u2013 Lembremo-nos: eles s\u00e3o mais espertos. Por isso est\u00e3o no poder.<\/p>\n","protected":false},"excerpt":{"rendered":"<p>por Maur\u00edcio Abdalla, no Le Monde Diplomatique<\/p>\n","protected":false},"author":1,"featured_media":0,"comment_status":"closed","ping_status":"open","sticky":false,"template":"","format":"standard","meta":{"_exactmetrics_skip_tracking":false,"_exactmetrics_sitenote_active":false,"_exactmetrics_sitenote_note":"","_exactmetrics_sitenote_category":0,"jetpack_post_was_ever_published":false,"_jetpack_newsletter_access":"","_jetpack_dont_email_post_to_subs":false,"_jetpack_newsletter_tier_id":0,"_jetpack_memberships_contains_paywalled_content":false,"_jetpack_memberships_contains_paid_content":false,"footnotes":"","jetpack_publicize_message":"","jetpack_publicize_feature_enabled":true,"jetpack_social_post_already_shared":true,"jetpack_social_options":{"image_generator_settings":{"template":"highway","enabled":false},"version":2}},"categories":[1],"tags":[],"class_list":["post-18257","post","type-post","status-publish","format-standard","hentry","category-notas"],"jetpack_publicize_connections":[],"jetpack_sharing_enabled":true,"jetpack_featured_media_url":"","jetpack_shortlink":"https:\/\/wp.me\/p7wKYW-4Kt","jetpack-related-posts":[],"_links":{"self":[{"href":"http:\/\/blogdalucianaoliveira.com.br\/blog\/wp-json\/wp\/v2\/posts\/18257","targetHints":{"allow":["GET"]}}],"collection":[{"href":"http:\/\/blogdalucianaoliveira.com.br\/blog\/wp-json\/wp\/v2\/posts"}],"about":[{"href":"http:\/\/blogdalucianaoliveira.com.br\/blog\/wp-json\/wp\/v2\/types\/post"}],"author":[{"embeddable":true,"href":"http:\/\/blogdalucianaoliveira.com.br\/blog\/wp-json\/wp\/v2\/users\/1"}],"replies":[{"embeddable":true,"href":"http:\/\/blogdalucianaoliveira.com.br\/blog\/wp-json\/wp\/v2\/comments?post=18257"}],"version-history":[{"count":1,"href":"http:\/\/blogdalucianaoliveira.com.br\/blog\/wp-json\/wp\/v2\/posts\/18257\/revisions"}],"predecessor-version":[{"id":18259,"href":"http:\/\/blogdalucianaoliveira.com.br\/blog\/wp-json\/wp\/v2\/posts\/18257\/revisions\/18259"}],"wp:attachment":[{"href":"http:\/\/blogdalucianaoliveira.com.br\/blog\/wp-json\/wp\/v2\/media?parent=18257"}],"wp:term":[{"taxonomy":"category","embeddable":true,"href":"http:\/\/blogdalucianaoliveira.com.br\/blog\/wp-json\/wp\/v2\/categories?post=18257"},{"taxonomy":"post_tag","embeddable":true,"href":"http:\/\/blogdalucianaoliveira.com.br\/blog\/wp-json\/wp\/v2\/tags?post=18257"}],"curies":[{"name":"wp","href":"https:\/\/api.w.org\/{rel}","templated":true}]}}