{"id":18260,"date":"2018-05-30T15:33:17","date_gmt":"2018-05-30T19:33:17","guid":{"rendered":"http:\/\/blogdalucianaoliveira.com.br\/blog\/?p=18260"},"modified":"2018-05-30T16:02:43","modified_gmt":"2018-05-30T20:02:43","slug":"marcos-rogerio-driblou-a-alero-inteira-divida-do-beron-renegociada-por-confucio-e-discutida-em-brasilia-e-zequinha-inelegivel","status":"publish","type":"post","link":"http:\/\/blogdalucianaoliveira.com.br\/blog\/2018\/05\/30\/marcos-rogerio-driblou-a-alero-inteira-divida-do-beron-renegociada-por-confucio-e-discutida-em-brasilia-e-zequinha-inelegivel\/","title":{"rendered":"Marcos Rog\u00e9rio driblou a ALE\/RO inteira; d\u00edvida do Beron renegociada por Conf\u00facio \u00e9 discutida em Bras\u00edlia \u2013 e Zequinha ineleg\u00edvel"},"content":{"rendered":"<p><img data-recalc-dims=\"1\" loading=\"lazy\" decoding=\"async\" data-attachment-id=\"18261\" data-permalink=\"http:\/\/blogdalucianaoliveira.com.br\/blog\/2018\/05\/30\/marcos-rogerio-driblou-a-alero-inteira-divida-do-beron-renegociada-por-confucio-e-discutida-em-brasilia-e-zequinha-inelegivel\/oespectador\/\" data-orig-file=\"https:\/\/i0.wp.com\/blogdalucianaoliveira.com.br\/blog\/wp-content\/uploads\/2018\/05\/oespectador.jpg?fit=700%2C483\" data-orig-size=\"700,483\" data-comments-opened=\"0\" data-image-meta=\"{&quot;aperture&quot;:&quot;0&quot;,&quot;credit&quot;:&quot;&quot;,&quot;camera&quot;:&quot;&quot;,&quot;caption&quot;:&quot;&quot;,&quot;created_timestamp&quot;:&quot;0&quot;,&quot;copyright&quot;:&quot;&quot;,&quot;focal_length&quot;:&quot;0&quot;,&quot;iso&quot;:&quot;0&quot;,&quot;shutter_speed&quot;:&quot;0&quot;,&quot;title&quot;:&quot;&quot;,&quot;orientation&quot;:&quot;1&quot;}\" data-image-title=\"oespectador\" data-image-description=\"\" data-image-caption=\"\" data-medium-file=\"https:\/\/i0.wp.com\/blogdalucianaoliveira.com.br\/blog\/wp-content\/uploads\/2018\/05\/oespectador.jpg?fit=300%2C207\" data-large-file=\"https:\/\/i0.wp.com\/blogdalucianaoliveira.com.br\/blog\/wp-content\/uploads\/2018\/05\/oespectador.jpg?fit=600%2C414\" class=\"alignnone size-full wp-image-18261\" src=\"https:\/\/i0.wp.com\/blogdalucianaoliveira.com.br\/blog\/wp-content\/uploads\/2018\/05\/oespectador.jpg?resize=600%2C414\" alt=\"oespectador\" width=\"600\" height=\"414\" srcset=\"https:\/\/i0.wp.com\/blogdalucianaoliveira.com.br\/blog\/wp-content\/uploads\/2018\/05\/oespectador.jpg?w=700 700w, https:\/\/i0.wp.com\/blogdalucianaoliveira.com.br\/blog\/wp-content\/uploads\/2018\/05\/oespectador.jpg?resize=300%2C207 300w, https:\/\/i0.wp.com\/blogdalucianaoliveira.com.br\/blog\/wp-content\/uploads\/2018\/05\/oespectador.jpg?resize=435%2C300 435w\" sizes=\"auto, (max-width: 600px) 100vw, 600px\" \/><\/p>\n<p><strong>O ESPECTADOR, POR VINICIUS CANOVA (<a href=\"http:\/\/www.oespectador.com\" target=\"_blank\">http:\/\/www.oespectador.com<\/a>)<\/strong><!--more--><\/p>\n<p>Veja tamb\u00e9m: frase de campanha persegue Dr. Hildon Chaves (PSDB) \u2013 e o Conselho Anti\u00e9tico da C\u00e2mara Federal<\/p>\n<p><strong><span style=\"font-size: 18px;\"><span style=\"font-family: Georgia,serif;\">Psicologia reversa<\/span><\/span><\/strong><\/p>\n<p><span style=\"font-size: 18px;\"><span style=\"font-family: Georgia,serif;\">N\u00e3o importa que o deputado federal Marcos Rog\u00e9rio (DEM) seja, agora, alvo de cr\u00edticas do parlamento estadual. Ele conseguiu o que queria e driblou a Assembleia Legislativa (ALE\/RO) inteira ao deflagrar um movimento evang\u00e9lico contra a aprova\u00e7\u00e3o do Conselho LGBTTT.<\/span><\/span><\/p>\n<p><strong><span style=\"font-size: 18px;\"><span style=\"font-family: Georgia,serif;\">Contra a parede<\/span><\/span><\/strong><\/p>\n<p><span style=\"font-size: 18px;\"><span style=\"font-family: Georgia,serif;\">Ao surgir em v\u00eddeos esculhambando deputados estaduais ap\u00f3s a aprova\u00e7\u00e3o da mat\u00e9ria em Rond\u00f4nia, Marcos Rog\u00e9rio tornou-se expoente de uma luta promovida pelo \u201ccidad\u00e3o de bem\u201d; o Legislativo fora obrigado, ent\u00e3o, a reconhecer uma patacoada regimental confessada coletivamente durante a sess\u00e3o de ontem (29). Tirando incurs\u00f5es tur\u00edsticas e passageiras ao Plen\u00e1rio, a grande maioria n\u00e3o sabe sequer o que faz por l\u00e1.<\/span><\/span><\/p>\n<p><span style=\"font-size: 18px;\"><span style=\"font-family: Georgia,serif;\"><img data-recalc-dims=\"1\" decoding=\"async\" class=\"entry-thumb\" src=\"https:\/\/i0.wp.com\/www.rondoniadinamica.com\/uploads\/fim-01.jpg?w=600\" alt=\"\" \/><\/span><\/span><\/p>\n<p><strong><span style=\"font-size: 18px;\"><span style=\"font-family: Georgia,serif;\">The Three Stooges<\/span><\/span><\/strong><\/p>\n<p><span style=\"font-size: 18px;\"><span style=\"font-family: Georgia,serif;\">Se o rondoniense trocasse uns 15 deles agora em 2018 por\u00a0 Curly, Larry e Moe seria dif\u00edcil sentir a diferen\u00e7a.<\/span><\/span><\/p>\n<p><strong><span style=\"font-size: 18px;\"><span style=\"font-family: Georgia,serif;\">Manique\u00edsmo venceu<\/span><\/span><\/strong><\/p>\n<p><span style=\"font-size: 18px;\"><span style=\"font-family: Georgia,serif;\">O \u201cchap\u00e9u\u201d desencadeado por Rog\u00e9rio trouxe \u00e0 tona uma vis\u00e3o manique\u00edsta da coisa; mais uma vez, tornou-se uma quest\u00e3o do bem contra o mal. A ALE\/RO, acuada, cedeu, incluindo a\u00ed deputados que haviam se manifestado favoravelmente \u00e0 cria\u00e7\u00e3o do Conselho LGBTTT em abril. O \u00fanico a se postar do mesmo jeito, demonstrando coer\u00eancia, foi Lazinho da Fetagro (PT). Herm\u00ednio Coelho, do PCdoB, estava em Bras\u00edlia participando de audi\u00eancia p\u00fablica na C\u00e2mara dos Deputados sobre a d\u00edvida astron\u00f4mica do Beron.<\/span><\/span><\/p>\n<p><strong><span style=\"font-size: 18px;\"><span style=\"font-family: Georgia,serif;\">Falando em Herm\u00ednio&#8230;<\/span><\/span><\/strong><\/p>\n<p><span style=\"font-size: 18px;\"><span style=\"font-family: Georgia,serif;\">Ainda que seja exagerado eventualmente, Herm\u00ednio colocou Denis do Prado Netto, t\u00e9cnico do Tesouro Nacional, em seu devido lugar. Prado Netto discursava de forma rom\u00e2ntica fitando os olhos de deputados e senadores garantindo que a extens\u00e3o da d\u00edvida do Beron renegociada pelo ex-governador Conf\u00facio Moura (MDB) at\u00e9 2048 em valores bilion\u00e1rios seria algo ben\u00e9fico ao Estado por conta da diminui\u00e7\u00e3o dos juros praticados com a dilui\u00e7\u00e3o dos pagamentos em tr\u00eas d\u00e9cadas.<\/span><\/span><\/p>\n<p><iframe loading=\"lazy\" class=\"entry-thumb\" src=\"https:\/\/www.youtube.com\/embed\/bwxvvnuCPwU\" width=\"700\" height=\"467\" frameborder=\"0\" scrolling=\"no\"><\/iframe><\/p>\n<p><strong><span style=\"font-size: 18px;\"><span style=\"font-family: Georgia,serif;\">Desgraceira<\/span><\/span><\/strong><\/p>\n<p><span style=\"font-size: 18px;\"><span style=\"font-family: Georgia,serif;\">Bem ao seu estilo \u2013 aclamado por uns, contestado por outros \u2013 Herm\u00ednio explanou: \u201cMeu amigo, como \u00e9 que voc\u00ea fala que [o acerto] \u00e9 bom pra Rond\u00f4nia?\u201d. Em seguida, asseverou: \u201cJ\u00e1 pagamos R$ 3 bilh\u00f5es. At\u00e9 2048 vamos pagar mais R$ 7 bilh\u00f5es. E a\u00ed voc\u00ea vem me dizer que isso \u00e9 bom pra Rond\u00f4nia? Pelo amor de Deus. Como \u00e9 que voc\u00ea fala uma desgraceira dessas?\u201d, questionou. N\u00e3o se sabe, ainda, se Coelho tentar\u00e1 a reelei\u00e7\u00e3o ao Legislativo de Rond\u00f4nia ou se deve encampar eventual pr\u00e9-candidatura \u00e0 C\u00e2mara Federal. Mas de um jeito ou de outro j\u00e1 sentiu o gostinho do Congresso Nacional e apresentou seu cart\u00e3o de visitas.<\/span><\/span><\/p>\n<p><span style=\"font-size: 18px;\"><span style=\"font-family: Georgia,serif;\"><img data-recalc-dims=\"1\" decoding=\"async\" class=\"entry-thumb\" style=\"border-style: solid; border-width: 4px;\" src=\"https:\/\/i0.wp.com\/www.rondoniadinamica.com\/uploads\/09000.jpg?w=600\" alt=\"\" \/><\/span><\/span><\/p>\n<p><strong><span style=\"font-size: 18px;\"><span style=\"font-family: Georgia,serif;\">Conselho Anti\u00e9tico<\/span><\/span><\/strong><\/p>\n<p><span style=\"font-size: 18px;\"><span style=\"font-family: Georgia,serif;\">Se a serventia pr\u00e1tica do Congresso Nacional em si j\u00e1 \u00e9 question\u00e1vel, imagine a de seus in\u00fameros organismos. Um deles n\u00e3o serve para absolutamente nada, \u00e9 ineg\u00e1vel. O Conselho de \u00c9tica, ou melhor dizendo, Conselho Anti\u00e9tico, arquivou a\u00e7\u00e3o contra deputado que postou boato sobre Marielle Franco, assassinada a tiros no Rio de Janeiro em mar\u00e7o deste ano. Alberto Fraga (DEM-DF) recebeu afagos dos seus colegas de parlamento e saiu ileso da postura anti\u00e9tica que, dentro do Conselho de \u00c9tica da C\u00e2mara, \u00e9 normal e palat\u00e1vel.<\/span><\/span><\/p>\n<p><span style=\"font-size: 18px;\"><span style=\"font-family: Georgia,serif;\"><img data-recalc-dims=\"1\" decoding=\"async\" class=\"entry-thumb\" src=\"https:\/\/i0.wp.com\/www.rondoniadinamica.com\/uploads\/pals.jpg?w=600\" alt=\"\" \/><\/span><\/span><\/p>\n<p><strong><span style=\"font-size: 18px;\"><span style=\"font-family: Georgia,serif;\">A \u201c\u00e9tica\u201d de MR<\/span><\/span><\/strong><\/p>\n<p><span style=\"font-size: 18px;\"><span style=\"font-family: Georgia,serif;\">Marcos Rog\u00e9rio, que passei a chamar de \u201cPalmat\u00f3ria do Mundo\u201d, n\u00e3o \u00e9 t\u00e3o severo ao analisar o comportamento de aliados pol\u00edticos. O nome dele est\u00e1 entre os dez deputados que pediram o arquivamento da a\u00e7\u00e3o contra Fraga, seu colega de partido. O deputado de Rond\u00f4nia foi aos prantos quando relatou o processo de cassa\u00e7\u00e3o contra o ex-deputado Eduardo Cunha \u2013 um dos maiores criminosos do colarinho branco que este Pa\u00eds teve o desprazer de abrigar e bancar.<\/span><\/span><\/p>\n<p><strong><span style=\"font-size: 18px;\"><span style=\"font-family: Georgia,serif;\">Mero mortal<\/span><\/span><\/strong><\/p>\n<p><span style=\"font-size: 18px;\"><span style=\"font-family: Georgia,serif;\">Tente voc\u00ea, mero mortal pagador de impostos e taxas abusivas, brincar de deputado na Internet. Garanto que o peso do malhete da Justi\u00e7a recair\u00e1 sobre sua cabe\u00e7a em car\u00edssimas condena\u00e7\u00f5es t\u00e3o r\u00e1pido quanto um conselho corporativista destinado a proteger seus membros pode arquivar den\u00fancias convalidando a\u00e7\u00f5es obscenas praticadas por congressistas aloprados.<\/span><\/span><\/p>\n<p><strong><span style=\"font-size: 18px;\"><span style=\"font-family: Georgia,serif;\">O raio-x capenga<\/span><\/span><\/strong><\/p>\n<p><span style=\"font-size: 18px;\"><span style=\"font-family: Georgia,serif;\">\u00d3bvio que frases de efeito costumam eclodir durante campanhas eleitorais. Mas Dr. Hildon Chaves (PSDB) ganhou notoriedade ao dizer aos telespectadores durante debates travados em 2016 que detinha o \u201cpoder\u201d de identificar criminosos com apenas dois minutos de conversa. A \u2018Opera\u00e7\u00e3o Ciranda\u2019 deflagrada tamb\u00e9m em Porto Velho e que atingiu a Secretaria Municipal de Educa\u00e7\u00e3o (Semed) provou de vez que o raio-x ocular do ex-promotor de Justi\u00e7a est\u00e1 capenga, como boa parte do maquin\u00e1rio m\u00e9dico destinado \u00e0 sa\u00fade p\u00fablica no Brasil. \u00c9 bom lembrar que o atual prefeito n\u00e3o tem nada a ver com a opera\u00e7\u00e3o.<\/span><\/span><\/p>\n<p><strong><span style=\"font-size: 18px;\"><span style=\"font-family: Georgia,serif;\">\u201cO Espectador\u201d avisou<\/span><\/span><\/strong><\/p>\n<p><span style=\"font-size: 18px;\"><span style=\"font-family: Georgia,serif;\">Esta coluna avisou que o julgamento da apela\u00e7\u00e3o criminal apresentada pelo vereador de Porto Velho Zequinha Ara\u00fajo (MDB) ao Tribunal de Justi\u00e7a (TJ\/RO) estava pautado e que, caso confirmada a decis\u00e3o de primeiro grau, o emedebista estaria fora das elei\u00e7\u00f5es 2018 barrado pela Lei da Ficha Limpa.\u00a0<\/span><\/span><\/p>\n<p><img data-recalc-dims=\"1\" decoding=\"async\" class=\"entry-thumb\" src=\"https:\/\/i0.wp.com\/www.rondoniadinamica.com\/uploads\/w10tdvgoagnqjnh.jpg?w=600\" alt=\"TJ-RO confirma penalidade de vereador Zequinha Ara\u00c3\u00bajo por desvio de dinheiro para fins particulares\" \/><\/p>\n<p><strong><span style=\"font-size: 18px;\"><span style=\"font-family: Georgia,serif;\">Ficha Suja<\/span><\/span><\/strong><\/p>\n<p><span style=\"font-size: 18px;\"><span style=\"font-family: Georgia,serif;\"><a href=\"http:\/\/rondoniadinamica.com\/arquivo\/tj-ro-confirma-penalidade-de-vereador-zequinha-araujo-por-desvio-de-dinheiro-para-fins-particulares,25803.shtml\" target=\"_blank\"><span style=\"color: #0000cd;\"><u><strong>Os desembargadores confirmaram hoje a condena\u00e7\u00e3o do vereador<\/strong><\/u><\/span><\/a>, ex-deputado estadual; com isso, Ara\u00fajo ingressa \u00e0s fileiras dos pol\u00edticos fichas sujas ap\u00f3s a publica\u00e7\u00e3o do ac\u00f3rd\u00e3o no Di\u00e1rio Oficial, mas o lapso temporal \u00e9 quest\u00e3o burocr\u00e1tica e seu novo <em>status<\/em> est\u00e1 definido desde j\u00e1. Ah, sim, os magistrados impuseram pena de dois anos e tr\u00eas meses de reclus\u00e3o pelo crime de peculato, al\u00e9m de multa.\u00a0<\/span><\/span><\/p>\n<p><strong><span style=\"font-size: 18px;\"><span style=\"font-family: Georgia,serif;\">RELEMBRE<\/span><\/span><\/strong><br \/>\n<a href=\"https:\/\/oespectador.com\/2018\/05\/08\/tj-ro-julga-apelacao-de-zequinha-araujo-condenado-a-26-anos-de-reclusao-e-misterios-rondam-acordo-supostamente-proposto-pela-sae-para-acabar-com-acao-milionaria\/\" target=\"_blank\"><span style=\"color: #0000cd;\"><u><strong><span style=\"font-size: 18px;\"><span style=\"font-family: Georgia,serif;\">TJ\/RO julga apela\u00e7\u00e3o de Zequinha Ara\u00fajo, condenado a 2,6 anos de reclus\u00e3o; e mist\u00e9rios rondam acordo supostamente proposto pela SAE para acabar com a\u00e7\u00e3o\u00a0milion\u00e1ria<\/span><\/span><\/strong><\/u><\/span><\/a><\/p>\n<p><strong><span style=\"font-size: 18px;\"><span style=\"font-family: Georgia,serif;\">Cumprimento retardado<\/span><\/span><\/strong><\/p>\n<p><span style=\"font-size: 18px;\"><span style=\"font-family: Georgia,serif;\">Pois bem&#8230; Como cometeu um crime e a senten\u00e7a de Zequinha fora confirmada em segunda\u00a0inst\u00e2ncia, pela analogia ao caso Lula o leitor poderia imaginar o cumprimento de pena agora mesmo, sem delongas. Todavia, a reclus\u00e3o fora substitu\u00edda por duas penas restritivas de direitos e como ainda cabe a interposi\u00e7\u00e3o de eventuais embargos de declara\u00e7\u00e3o, \u00e9 necess\u00e1rio aguardar o julgamento desse recurso. Ainda em rela\u00e7\u00e3o \u00e0\u00a0pena alternativa aplicada ao vereador, o Superior Tribunal de Justi\u00e7a (STJ) tem entendimento que n\u00e3o cabe a execu\u00e7\u00e3o provis\u00f3ria da pena.<\/span><\/span><\/p>\n<p><span style=\"font-size: 18px;\"><span style=\"font-family: Georgia,serif;\"><strong>ENTENDA<br \/>\n<a href=\"https:\/\/www.conjur.com.br\/2018-jan-25\/pena-restritiva-direitos-nao-execucao-antecipada\" target=\"_blank\"><span style=\"color: #0000cd;\"><u>Pena restritiva de direitos n\u00e3o pode ter execu\u00e7\u00e3o antecipada, diz STJ<\/u><\/span><\/a><\/strong><\/span><\/span><\/p>\n<p><strong><span style=\"font-size: 18px;\"><span style=\"font-family: Georgia,serif;\">Contato<\/span><\/span><\/strong><\/p>\n<p><span style=\"font-size: 18px;\"><span style=\"font-family: Georgia,serif;\">Estamos \u00e0 disposi\u00e7\u00e3o atrav\u00e9s do e-mail\u00a0viniciuscanova89@gmail.com. Lembre-se:\u00a0\u201cO Espectador\u201d\u00a0\u00e9 veiculada originalmente no\u00a0<strong>Rond\u00f4nia Din\u00e2mica<\/strong>, mas a reprodu\u00e7\u00e3o est\u00e1 autorizada desde que citada a fonte.<\/span><\/span><\/p>\n","protected":false},"excerpt":{"rendered":"<p>O ESPECTADOR, POR VINICIUS CANOVA (http:\/\/www.oespectador.com)<\/p>\n","protected":false},"author":1,"featured_media":0,"comment_status":"closed","ping_status":"open","sticky":false,"template":"","format":"standard","meta":{"_exactmetrics_skip_tracking":false,"_exactmetrics_sitenote_active":false,"_exactmetrics_sitenote_note":"","_exactmetrics_sitenote_category":0,"jetpack_post_was_ever_published":false,"_jetpack_newsletter_access":"","_jetpack_dont_email_post_to_subs":false,"_jetpack_newsletter_tier_id":0,"_jetpack_memberships_contains_paywalled_content":false,"_jetpack_memberships_contains_paid_content":false,"footnotes":"","jetpack_publicize_message":"","jetpack_publicize_feature_enabled":true,"jetpack_social_post_already_shared":true,"jetpack_social_options":{"image_generator_settings":{"template":"highway","enabled":false},"version":2}},"categories":[1],"tags":[],"class_list":["post-18260","post","type-post","status-publish","format-standard","hentry","category-notas"],"jetpack_publicize_connections":[],"jetpack_sharing_enabled":true,"jetpack_featured_media_url":"","jetpack_shortlink":"https:\/\/wp.me\/p7wKYW-4Kw","jetpack-related-posts":[],"_links":{"self":[{"href":"http:\/\/blogdalucianaoliveira.com.br\/blog\/wp-json\/wp\/v2\/posts\/18260","targetHints":{"allow":["GET"]}}],"collection":[{"href":"http:\/\/blogdalucianaoliveira.com.br\/blog\/wp-json\/wp\/v2\/posts"}],"about":[{"href":"http:\/\/blogdalucianaoliveira.com.br\/blog\/wp-json\/wp\/v2\/types\/post"}],"author":[{"embeddable":true,"href":"http:\/\/blogdalucianaoliveira.com.br\/blog\/wp-json\/wp\/v2\/users\/1"}],"replies":[{"embeddable":true,"href":"http:\/\/blogdalucianaoliveira.com.br\/blog\/wp-json\/wp\/v2\/comments?post=18260"}],"version-history":[{"count":3,"href":"http:\/\/blogdalucianaoliveira.com.br\/blog\/wp-json\/wp\/v2\/posts\/18260\/revisions"}],"predecessor-version":[{"id":18268,"href":"http:\/\/blogdalucianaoliveira.com.br\/blog\/wp-json\/wp\/v2\/posts\/18260\/revisions\/18268"}],"wp:attachment":[{"href":"http:\/\/blogdalucianaoliveira.com.br\/blog\/wp-json\/wp\/v2\/media?parent=18260"}],"wp:term":[{"taxonomy":"category","embeddable":true,"href":"http:\/\/blogdalucianaoliveira.com.br\/blog\/wp-json\/wp\/v2\/categories?post=18260"},{"taxonomy":"post_tag","embeddable":true,"href":"http:\/\/blogdalucianaoliveira.com.br\/blog\/wp-json\/wp\/v2\/tags?post=18260"}],"curies":[{"name":"wp","href":"https:\/\/api.w.org\/{rel}","templated":true}]}}