{"id":18269,"date":"2018-05-30T18:06:22","date_gmt":"2018-05-30T22:06:22","guid":{"rendered":"http:\/\/blogdalucianaoliveira.com.br\/blog\/?p=18269"},"modified":"2018-05-30T18:06:22","modified_gmt":"2018-05-30T22:06:22","slug":"para-terceirizar-a-saude-nao-basta-apenas-a-vontade-do-prefeito-adverte-o-parquet","status":"publish","type":"post","link":"http:\/\/blogdalucianaoliveira.com.br\/blog\/2018\/05\/30\/para-terceirizar-a-saude-nao-basta-apenas-a-vontade-do-prefeito-adverte-o-parquet\/","title":{"rendered":"Para terceirizar a sa\u00fade, n\u00e3o basta apenas a vontade do prefeito, adverte o Parquet"},"content":{"rendered":"<p><img data-recalc-dims=\"1\" loading=\"lazy\" decoding=\"async\" data-attachment-id=\"18270\" data-permalink=\"http:\/\/blogdalucianaoliveira.com.br\/blog\/2018\/05\/30\/para-terceirizar-a-saude-nao-basta-apenas-a-vontade-do-prefeito-adverte-o-parquet\/14e36a89-e8bd-4f92-b365-466b5d4b321c\/\" data-orig-file=\"https:\/\/i0.wp.com\/blogdalucianaoliveira.com.br\/blog\/wp-content\/uploads\/2018\/05\/14E36A89-E8BD-4F92-B365-466B5D4B321C.jpeg?fit=511%2C288\" data-orig-size=\"511,288\" data-comments-opened=\"0\" data-image-meta=\"{&quot;aperture&quot;:&quot;0&quot;,&quot;credit&quot;:&quot;&quot;,&quot;camera&quot;:&quot;&quot;,&quot;caption&quot;:&quot;&quot;,&quot;created_timestamp&quot;:&quot;0&quot;,&quot;copyright&quot;:&quot;&quot;,&quot;focal_length&quot;:&quot;0&quot;,&quot;iso&quot;:&quot;0&quot;,&quot;shutter_speed&quot;:&quot;0&quot;,&quot;title&quot;:&quot;&quot;,&quot;orientation&quot;:&quot;0&quot;}\" data-image-title=\"14E36A89-E8BD-4F92-B365-466B5D4B321C\" data-image-description=\"\" data-image-caption=\"\" data-medium-file=\"https:\/\/i0.wp.com\/blogdalucianaoliveira.com.br\/blog\/wp-content\/uploads\/2018\/05\/14E36A89-E8BD-4F92-B365-466B5D4B321C.jpeg?fit=300%2C169\" data-large-file=\"https:\/\/i0.wp.com\/blogdalucianaoliveira.com.br\/blog\/wp-content\/uploads\/2018\/05\/14E36A89-E8BD-4F92-B365-466B5D4B321C.jpeg?fit=511%2C288\" class=\"alignnone size-full wp-image-18270\" src=\"https:\/\/i0.wp.com\/blogdalucianaoliveira.com.br\/blog\/wp-content\/uploads\/2018\/05\/14E36A89-E8BD-4F92-B365-466B5D4B321C.jpeg?resize=511%2C288\" alt=\"14E36A89-E8BD-4F92-B365-466B5D4B321C\" width=\"511\" height=\"288\" srcset=\"https:\/\/i0.wp.com\/blogdalucianaoliveira.com.br\/blog\/wp-content\/uploads\/2018\/05\/14E36A89-E8BD-4F92-B365-466B5D4B321C.jpeg?w=511 511w, https:\/\/i0.wp.com\/blogdalucianaoliveira.com.br\/blog\/wp-content\/uploads\/2018\/05\/14E36A89-E8BD-4F92-B365-466B5D4B321C.jpeg?resize=300%2C169 300w\" sizes=\"auto, (max-width: 511px) 100vw, 511px\" \/><\/p>\n<p>&nbsp;<\/p>\n<p><strong>Express\u00e3o Rond\u00f4nia \u2013 Para transferir parte dos servi\u00e7os de sa\u00fade para as Organiza\u00e7\u00f5es Sociais n\u00e3o basta apenas a deliberada vontade do administrador p\u00fablico, mas deve ser demonstrado pelo poder p\u00fablico o nexo de causalidade e n\u00e3o a mera conveni\u00eancia da transfer\u00eancia do servi\u00e7o p\u00fablico de sa\u00fade para a iniciativa privada, garantindo a economicidade e efici\u00eancia, com transpar\u00eancia dos servi\u00e7os e preven\u00e7\u00e3o de fraudes na gest\u00e3o.<\/strong><!--more--><\/p>\n<p>Esse \u00e9 o teor principal da notifica\u00e7\u00e3o recomendat\u00f3ria expedida pelo Minist\u00e9rio P\u00fablico de Rond\u00f4nia, pelo Minist\u00e9rio P\u00fablico Federal, pelo Minist\u00e9rio P\u00fablico de Contas e pelo Minist\u00e9rio P\u00fablico do Trabalho ao prefeito de Porto Velho, Hildon Chaves, sobre sua inten\u00e7\u00e3o de repassar parte dos servi\u00e7os de sa\u00fade para a responsabilidade de organiza\u00e7\u00f5es sociais.<\/p>\n<p>A notifica\u00e7\u00e3o recomendat\u00f3ria \u00e9 a de n\u00famero 01\/2018\/MPE\/MPC\/MPT\/MPF.<\/p>\n<p><a href=\"https:\/\/i0.wp.com\/www.expressaorondonia.com.br\/v2017\/wp-content\/uploads\/2018\/05\/Upa.jpg\"><img data-recalc-dims=\"1\" loading=\"lazy\" decoding=\"async\" class=\"wp-image-258614 aligncenter td-animation-stack-type0-1\" src=\"https:\/\/i0.wp.com\/www.expressaorondonia.com.br\/v2017\/wp-content\/uploads\/2018\/05\/Upa.jpg?resize=498%2C286\" sizes=\"auto, (max-width: 498px) 100vw, 498px\" srcset=\"http:\/\/www.expressaorondonia.com.br\/v2017\/wp-content\/uploads\/2018\/05\/Upa.jpg 341w, http:\/\/www.expressaorondonia.com.br\/v2017\/wp-content\/uploads\/2018\/05\/Upa-300x172.jpg 300w\" alt=\"\" width=\"498\" height=\"286\" \/><\/a>A notifica\u00e7\u00e3o visa prevenir preju\u00edzos irrevers\u00edveis \u00e0 pol\u00edtica do Sistema \u00danico de Sa\u00fade, uma vez que deve ser demonstrado pelo poder p\u00fablico o nexo de causalidade e n\u00e3o a mera conveni\u00eancia da transfer\u00eancia do servi\u00e7o p\u00fablico de sa\u00fade para a iniciativa privada.<\/p>\n<p>A recomenda\u00e7\u00e3o do parquet ressalta que a Constitui\u00e7\u00e3o Federal concedeu primazia \u00e0 execu\u00e7\u00e3o do servi\u00e7o p\u00fablico de sa\u00fade por uma rede p\u00fablica dos entes federativos, sendo que o servi\u00e7o privado deve consistir exce\u00e7\u00e3o, prestado de maneira complementar e comprovada a n\u00e3o disponibilidade do poder p\u00fablico para o seu exerc\u00edcio. Tamb\u00e9m deve ser demonstrado que o resultado da privatiza\u00e7\u00e3o ter\u00e1 melhor desempenho e menor custo na presta\u00e7\u00e3o dos servi\u00e7os \u00e0 popula\u00e7\u00e3o, conforme Ac\u00f3rd\u00e3o TCU n. 3. 239\/2013.<\/p>\n<p>Os \u00f3rg\u00e3os que assinam a Recomenda\u00e7\u00e3o ressaltam que, dentre v\u00e1rios fatores que devem ser observados pela Administra\u00e7\u00e3o Municipal, h\u00e1 a necessidade de se aplicar a legisla\u00e7\u00e3o vigente em conformidade com os termos do voto condutor da ADI n. 1923-DF que estabeleceu par\u00e2metros constitucionais que devem ser obedecidos pelos entes federativos, como forma transparente de qualifica\u00e7\u00e3o das organiza\u00e7\u00f5es sociais e contrata\u00e7\u00e3o de pessoal pelas organiza\u00e7\u00f5es sociais por meio de processo de sele\u00e7\u00e3o com obedi\u00eancia aos princ\u00edpios da moralidade e impessoalidade; dever\u00e1 o gerenciamento do servi\u00e7o de sa\u00fade ser previsto no Plano Municipal de Sa\u00fade, devidamente aprovado pelo Conselho Municipal de Sa\u00fade, com comprova\u00e7\u00e3o de previs\u00e3o no Plano Plurianual, na Lei de Diretrizes Or\u00e7ament\u00e1rias e na Lei Or\u00e7ament\u00e1ria Anual.<\/p>\n<p>Al\u00e9m disso, deve observar o limite da Lei de Responsabilidade Fiscal, zelar pela preserva\u00e7\u00e3o dos direitos dos servidores p\u00fablicos cedidos, adotar indicadores de qualidade, compor comiss\u00e3o para avalia\u00e7\u00e3o e fiscaliza\u00e7\u00e3o dos servi\u00e7os de profissionais qualificados, obter comprova\u00e7\u00e3o de idoneidade da Organiza\u00e7\u00e3o Social a ser credenciada por meio de experi\u00eancia na \u00e1rea e apresenta\u00e7\u00e3o de documentos que demonstrem regularidade fiscal e trabalhista, prever medidas de prote\u00e7\u00e3o ao meio ambiente do trabalho, preven\u00e7\u00e3o a fraudes na rela\u00e7\u00e3o de trabalho e responsabilidade de d\u00e9bitos trabalhistas.<\/p>\n","protected":false},"excerpt":{"rendered":"<p>&nbsp; Express\u00e3o Rond\u00f4nia \u2013 Para transferir parte dos servi\u00e7os de sa\u00fade para as Organiza\u00e7\u00f5es Sociais n\u00e3o basta apenas a deliberada vontade do administrador p\u00fablico, mas deve ser demonstrado pelo poder p\u00fablico o nexo de causalidade e n\u00e3o a mera conveni\u00eancia da transfer\u00eancia do servi\u00e7o p\u00fablico de sa\u00fade para a iniciativa privada, garantindo a economicidade e&#8230;<a class=\"more-link\" href=\"http:\/\/blogdalucianaoliveira.com.br\/blog\/2018\/05\/30\/para-terceirizar-a-saude-nao-basta-apenas-a-vontade-do-prefeito-adverte-o-parquet\/\">Continue a leitura <span class=\"meta-nav\">&raquo;<\/span><\/a><\/p>\n","protected":false},"author":1,"featured_media":0,"comment_status":"closed","ping_status":"open","sticky":false,"template":"","format":"standard","meta":{"_exactmetrics_skip_tracking":false,"_exactmetrics_sitenote_active":false,"_exactmetrics_sitenote_note":"","_exactmetrics_sitenote_category":0,"jetpack_post_was_ever_published":false,"_jetpack_newsletter_access":"","_jetpack_dont_email_post_to_subs":false,"_jetpack_newsletter_tier_id":0,"_jetpack_memberships_contains_paywalled_content":false,"_jetpack_memberships_contains_paid_content":false,"footnotes":"","jetpack_publicize_message":"","jetpack_publicize_feature_enabled":true,"jetpack_social_post_already_shared":true,"jetpack_social_options":{"image_generator_settings":{"template":"highway","enabled":false},"version":2}},"categories":[1],"tags":[],"class_list":["post-18269","post","type-post","status-publish","format-standard","hentry","category-notas"],"jetpack_publicize_connections":[],"jetpack_sharing_enabled":true,"jetpack_featured_media_url":"","jetpack_shortlink":"https:\/\/wp.me\/p7wKYW-4KF","jetpack-related-posts":[],"_links":{"self":[{"href":"http:\/\/blogdalucianaoliveira.com.br\/blog\/wp-json\/wp\/v2\/posts\/18269","targetHints":{"allow":["GET"]}}],"collection":[{"href":"http:\/\/blogdalucianaoliveira.com.br\/blog\/wp-json\/wp\/v2\/posts"}],"about":[{"href":"http:\/\/blogdalucianaoliveira.com.br\/blog\/wp-json\/wp\/v2\/types\/post"}],"author":[{"embeddable":true,"href":"http:\/\/blogdalucianaoliveira.com.br\/blog\/wp-json\/wp\/v2\/users\/1"}],"replies":[{"embeddable":true,"href":"http:\/\/blogdalucianaoliveira.com.br\/blog\/wp-json\/wp\/v2\/comments?post=18269"}],"version-history":[{"count":1,"href":"http:\/\/blogdalucianaoliveira.com.br\/blog\/wp-json\/wp\/v2\/posts\/18269\/revisions"}],"predecessor-version":[{"id":18271,"href":"http:\/\/blogdalucianaoliveira.com.br\/blog\/wp-json\/wp\/v2\/posts\/18269\/revisions\/18271"}],"wp:attachment":[{"href":"http:\/\/blogdalucianaoliveira.com.br\/blog\/wp-json\/wp\/v2\/media?parent=18269"}],"wp:term":[{"taxonomy":"category","embeddable":true,"href":"http:\/\/blogdalucianaoliveira.com.br\/blog\/wp-json\/wp\/v2\/categories?post=18269"},{"taxonomy":"post_tag","embeddable":true,"href":"http:\/\/blogdalucianaoliveira.com.br\/blog\/wp-json\/wp\/v2\/tags?post=18269"}],"curies":[{"name":"wp","href":"https:\/\/api.w.org\/{rel}","templated":true}]}}