{"id":18272,"date":"2018-05-31T16:50:11","date_gmt":"2018-05-31T20:50:11","guid":{"rendered":"http:\/\/blogdalucianaoliveira.com.br\/blog\/?p=18272"},"modified":"2018-05-31T16:51:04","modified_gmt":"2018-05-31T20:51:04","slug":"procea-divulga-versao-digital-da-revista-alua","status":"publish","type":"post","link":"http:\/\/blogdalucianaoliveira.com.br\/blog\/2018\/05\/31\/procea-divulga-versao-digital-da-revista-alua\/","title":{"rendered":"PROCEA divulga vers\u00e3o digital da Revista Alu\u00e1"},"content":{"rendered":"<p><img data-recalc-dims=\"1\" loading=\"lazy\" decoding=\"async\" data-attachment-id=\"18273\" data-permalink=\"http:\/\/blogdalucianaoliveira.com.br\/blog\/2018\/05\/31\/procea-divulga-versao-digital-da-revista-alua\/064197d6-be1f-4974-87ad-c0fd5f2c39bd\/\" data-orig-file=\"https:\/\/i0.wp.com\/blogdalucianaoliveira.com.br\/blog\/wp-content\/uploads\/2018\/05\/064197D6-BE1F-4974-87AD-C0FD5F2C39BD.jpeg?fit=960%2C720\" data-orig-size=\"960,720\" data-comments-opened=\"0\" data-image-meta=\"{&quot;aperture&quot;:&quot;0&quot;,&quot;credit&quot;:&quot;&quot;,&quot;camera&quot;:&quot;&quot;,&quot;caption&quot;:&quot;&quot;,&quot;created_timestamp&quot;:&quot;0&quot;,&quot;copyright&quot;:&quot;&quot;,&quot;focal_length&quot;:&quot;0&quot;,&quot;iso&quot;:&quot;0&quot;,&quot;shutter_speed&quot;:&quot;0&quot;,&quot;title&quot;:&quot;&quot;,&quot;orientation&quot;:&quot;1&quot;}\" data-image-title=\"064197D6-BE1F-4974-87AD-C0FD5F2C39BD\" data-image-description=\"\" data-image-caption=\"\" data-medium-file=\"https:\/\/i0.wp.com\/blogdalucianaoliveira.com.br\/blog\/wp-content\/uploads\/2018\/05\/064197D6-BE1F-4974-87AD-C0FD5F2C39BD.jpeg?fit=300%2C225\" data-large-file=\"https:\/\/i0.wp.com\/blogdalucianaoliveira.com.br\/blog\/wp-content\/uploads\/2018\/05\/064197D6-BE1F-4974-87AD-C0FD5F2C39BD.jpeg?fit=600%2C450\" class=\"alignnone size-full wp-image-18273\" src=\"https:\/\/i0.wp.com\/blogdalucianaoliveira.com.br\/blog\/wp-content\/uploads\/2018\/05\/064197D6-BE1F-4974-87AD-C0FD5F2C39BD.jpeg?resize=600%2C450\" alt=\"064197D6-BE1F-4974-87AD-C0FD5F2C39BD\" width=\"600\" height=\"450\" srcset=\"https:\/\/i0.wp.com\/blogdalucianaoliveira.com.br\/blog\/wp-content\/uploads\/2018\/05\/064197D6-BE1F-4974-87AD-C0FD5F2C39BD.jpeg?w=960 960w, https:\/\/i0.wp.com\/blogdalucianaoliveira.com.br\/blog\/wp-content\/uploads\/2018\/05\/064197D6-BE1F-4974-87AD-C0FD5F2C39BD.jpeg?resize=300%2C225 300w, https:\/\/i0.wp.com\/blogdalucianaoliveira.com.br\/blog\/wp-content\/uploads\/2018\/05\/064197D6-BE1F-4974-87AD-C0FD5F2C39BD.jpeg?resize=768%2C576 768w, https:\/\/i0.wp.com\/blogdalucianaoliveira.com.br\/blog\/wp-content\/uploads\/2018\/05\/064197D6-BE1F-4974-87AD-C0FD5F2C39BD.jpeg?resize=400%2C300 400w\" sizes=\"auto, (max-width: 600px) 100vw, 600px\" \/><\/p>\n<p>&#8220;A Pr\u00f3-Reitoria de Cultura, Extens\u00e3o e Assuntos Estudantis da Universidade Federal de Rond\u00f4nia &#8211; UNIR, em parceria com a Acessoria de Comunica\u00e7\u00e3o e o Departamento de Artes Visuais apresentou a primeira edi\u00e7\u00e3o da Revista de Extens\u00e3o e Cultura da UNIR, <a href=\"https:\/\/issuu.com\/procea\/docs\/revista_alu__715dd8676c7a30\">Alu\u00e1!\u00a0<\/a><!--more--><\/p>\n<p>&nbsp;<\/p>\n<p>Prepar\u00e1-la foi um desafio que reuniu colabora\u00e7\u00e3o efetiva, afetiva e efusiva de v\u00e1rios docentes, discentes e t\u00e9cnicos de nossa institui\u00e7\u00e3o, al\u00e9m de parceiros externos que contribu\u00edram apostando na efervesc\u00eancia criativa e cultural de suas produ\u00e7\u00f5es, investindo neste projeto suas imagens, poesias, relatos, artigos, trajet\u00f3ria profissional e de vida.<\/p>\n<p>A Revista Alu\u00e1 foi pensada para ampliar a divulga\u00e7\u00e3o das a\u00e7\u00f5es culturais e de extens\u00e3o realizadas no \u00e2mbito da UNIR, buscando propor interfaces com o ensino e a pesquisa devolvendo para a sociedade parte de sua produ\u00e7\u00e3o de conhecimento com destaque para as articula\u00e7\u00f5es e parcerias realizadas com produtores culturais e artistas.<\/p>\n<p><img data-recalc-dims=\"1\" loading=\"lazy\" decoding=\"async\" data-attachment-id=\"18275\" data-permalink=\"http:\/\/blogdalucianaoliveira.com.br\/blog\/2018\/05\/31\/procea-divulga-versao-digital-da-revista-alua\/0c23bc3c-16e3-4684-aa63-a76f8d0cda30\/\" data-orig-file=\"https:\/\/i0.wp.com\/blogdalucianaoliveira.com.br\/blog\/wp-content\/uploads\/2018\/05\/0C23BC3C-16E3-4684-AA63-A76F8D0CDA30.jpeg?fit=960%2C720\" data-orig-size=\"960,720\" data-comments-opened=\"0\" data-image-meta=\"{&quot;aperture&quot;:&quot;0&quot;,&quot;credit&quot;:&quot;&quot;,&quot;camera&quot;:&quot;&quot;,&quot;caption&quot;:&quot;&quot;,&quot;created_timestamp&quot;:&quot;0&quot;,&quot;copyright&quot;:&quot;&quot;,&quot;focal_length&quot;:&quot;0&quot;,&quot;iso&quot;:&quot;0&quot;,&quot;shutter_speed&quot;:&quot;0&quot;,&quot;title&quot;:&quot;&quot;,&quot;orientation&quot;:&quot;1&quot;}\" data-image-title=\"0C23BC3C-16E3-4684-AA63-A76F8D0CDA30\" data-image-description=\"\" data-image-caption=\"\" data-medium-file=\"https:\/\/i0.wp.com\/blogdalucianaoliveira.com.br\/blog\/wp-content\/uploads\/2018\/05\/0C23BC3C-16E3-4684-AA63-A76F8D0CDA30.jpeg?fit=300%2C225\" data-large-file=\"https:\/\/i0.wp.com\/blogdalucianaoliveira.com.br\/blog\/wp-content\/uploads\/2018\/05\/0C23BC3C-16E3-4684-AA63-A76F8D0CDA30.jpeg?fit=600%2C450\" src=\"https:\/\/i0.wp.com\/blogdalucianaoliveira.com.br\/blog\/wp-content\/uploads\/2018\/05\/0C23BC3C-16E3-4684-AA63-A76F8D0CDA30.jpeg?resize=600%2C450\" alt=\"0C23BC3C-16E3-4684-AA63-A76F8D0CDA30\" width=\"600\" height=\"450\" class=\"alignnone size-full wp-image-18275\" srcset=\"https:\/\/i0.wp.com\/blogdalucianaoliveira.com.br\/blog\/wp-content\/uploads\/2018\/05\/0C23BC3C-16E3-4684-AA63-A76F8D0CDA30.jpeg?w=960 960w, https:\/\/i0.wp.com\/blogdalucianaoliveira.com.br\/blog\/wp-content\/uploads\/2018\/05\/0C23BC3C-16E3-4684-AA63-A76F8D0CDA30.jpeg?resize=300%2C225 300w, https:\/\/i0.wp.com\/blogdalucianaoliveira.com.br\/blog\/wp-content\/uploads\/2018\/05\/0C23BC3C-16E3-4684-AA63-A76F8D0CDA30.jpeg?resize=768%2C576 768w, https:\/\/i0.wp.com\/blogdalucianaoliveira.com.br\/blog\/wp-content\/uploads\/2018\/05\/0C23BC3C-16E3-4684-AA63-A76F8D0CDA30.jpeg?resize=400%2C300 400w\" sizes=\"auto, (max-width: 600px) 100vw, 600px\" \/><br \/>\nPretende publicar artigos cient\u00edficos resultado das pr\u00e1ticas extensionistas com base na integra\u00e7\u00e3o da comunidade interna e externa, sob a perspectiva da inclus\u00e3o social e valoriza\u00e7\u00e3o da diversidade e dignidade humana, com destaque para a valoriza\u00e7\u00e3o da produ\u00e7\u00e3o art\u00edstica, em suas varias manifesta\u00e7\u00f5es e linguagens. Acreditamos na capacidade da arte gerar inconformismos e resist\u00eancias, propor indigna\u00e7\u00f5es e reflex\u00f5es que possam promover outras condi\u00e7\u00f5es, quem sabe, um tanto mais sens\u00edveis sobre nosso espa\u00e7o de di\u00e1logo universit\u00e1rio e suas interfaces com a sociedade em suas mais variadas dimens\u00f5es.<\/p>\n<p>Alu\u00e1 oferece um conjunto de artigos e experi\u00eancias po\u00e9ticas que, certamente, contribuem de maneira significativa para o conhecimento e reflex\u00e3o acerca da Extens\u00e3o Universit\u00e1ria como processo de forma\u00e7\u00e3o e de di\u00e1logo entre a Universidade e a Comunidade.<\/p>\n<p>Um longo caminho foi percorrido para que Alu\u00e1 chegasse at\u00e9 aqui, no entanto, este trajeto s\u00f3 foi poss\u00edvel gra\u00e7as ao empenho e dedica\u00e7\u00e3o de muitos profissionais que, desde o in\u00edcio, acreditaram em nosso projeto e apostaram que seria poss\u00edvel realiz\u00e1-lo. Em nome da Magnif\u00edca Maria Berenice Alho da Silva Tourinho, mulher, primeira reitora da UNIR, grande incentivadora de Alu\u00e1, agrade\u00e7o a todos os respons\u00e1veis por esta revista.<br \/>\nCom isso, afirmo que n\u00e3o mediremos esfor\u00e7os, enquanto Pr\u00f3-Reitoria de Cultura, Extens\u00e3o e Assuntos Estudantis, para mant\u00ea-la viva e produtiva, como o intuito de representar nossa realidade rica de produ\u00e7\u00f5es e reflex\u00f5es culturais, art\u00edsticas e extensionistas.<\/p>\n<p>Sua periodicidade dever\u00e1 ser anual e contar\u00e1, por meio de chamadas p\u00fablicas, com a participa\u00e7\u00e3o de nossa comunidade acad\u00eamica e sociedade. Desde j\u00e1 convido a todxs para estarem conosco nesta jornada de realiza\u00e7\u00f5es. Com um gole de Alu\u00e1, celebremos a vida!&#8221;<\/p>\n<p>Fonte: UNIR<\/p>\n","protected":false},"excerpt":{"rendered":"<p>&#8220;A Pr\u00f3-Reitoria de Cultura, Extens\u00e3o e Assuntos Estudantis da Universidade Federal de Rond\u00f4nia &#8211; UNIR, em parceria com a Acessoria de Comunica\u00e7\u00e3o e o Departamento de Artes Visuais apresentou a primeira edi\u00e7\u00e3o da Revista de Extens\u00e3o e Cultura da UNIR, Alu\u00e1!\u00a0<\/p>\n","protected":false},"author":1,"featured_media":0,"comment_status":"closed","ping_status":"open","sticky":false,"template":"","format":"standard","meta":{"_exactmetrics_skip_tracking":false,"_exactmetrics_sitenote_active":false,"_exactmetrics_sitenote_note":"","_exactmetrics_sitenote_category":0,"jetpack_post_was_ever_published":false,"_jetpack_newsletter_access":"","_jetpack_dont_email_post_to_subs":false,"_jetpack_newsletter_tier_id":0,"_jetpack_memberships_contains_paywalled_content":false,"_jetpack_memberships_contains_paid_content":false,"footnotes":"","jetpack_publicize_message":"","jetpack_publicize_feature_enabled":true,"jetpack_social_post_already_shared":true,"jetpack_social_options":{"image_generator_settings":{"template":"highway","enabled":false},"version":2}},"categories":[1],"tags":[],"class_list":["post-18272","post","type-post","status-publish","format-standard","hentry","category-notas"],"jetpack_publicize_connections":[],"jetpack_sharing_enabled":true,"jetpack_featured_media_url":"","jetpack_shortlink":"https:\/\/wp.me\/p7wKYW-4KI","jetpack-related-posts":[],"_links":{"self":[{"href":"http:\/\/blogdalucianaoliveira.com.br\/blog\/wp-json\/wp\/v2\/posts\/18272","targetHints":{"allow":["GET"]}}],"collection":[{"href":"http:\/\/blogdalucianaoliveira.com.br\/blog\/wp-json\/wp\/v2\/posts"}],"about":[{"href":"http:\/\/blogdalucianaoliveira.com.br\/blog\/wp-json\/wp\/v2\/types\/post"}],"author":[{"embeddable":true,"href":"http:\/\/blogdalucianaoliveira.com.br\/blog\/wp-json\/wp\/v2\/users\/1"}],"replies":[{"embeddable":true,"href":"http:\/\/blogdalucianaoliveira.com.br\/blog\/wp-json\/wp\/v2\/comments?post=18272"}],"version-history":[{"count":2,"href":"http:\/\/blogdalucianaoliveira.com.br\/blog\/wp-json\/wp\/v2\/posts\/18272\/revisions"}],"predecessor-version":[{"id":18276,"href":"http:\/\/blogdalucianaoliveira.com.br\/blog\/wp-json\/wp\/v2\/posts\/18272\/revisions\/18276"}],"wp:attachment":[{"href":"http:\/\/blogdalucianaoliveira.com.br\/blog\/wp-json\/wp\/v2\/media?parent=18272"}],"wp:term":[{"taxonomy":"category","embeddable":true,"href":"http:\/\/blogdalucianaoliveira.com.br\/blog\/wp-json\/wp\/v2\/categories?post=18272"},{"taxonomy":"post_tag","embeddable":true,"href":"http:\/\/blogdalucianaoliveira.com.br\/blog\/wp-json\/wp\/v2\/tags?post=18272"}],"curies":[{"name":"wp","href":"https:\/\/api.w.org\/{rel}","templated":true}]}}