{"id":18277,"date":"2018-05-31T17:21:46","date_gmt":"2018-05-31T21:21:46","guid":{"rendered":"http:\/\/blogdalucianaoliveira.com.br\/blog\/?p=18277"},"modified":"2018-05-31T17:21:46","modified_gmt":"2018-05-31T21:21:46","slug":"pra-quem-entrou-em-panico-por-falta-de-combustivel-tendo-saude-e-comida-dentro-de-casa","status":"publish","type":"post","link":"http:\/\/blogdalucianaoliveira.com.br\/blog\/2018\/05\/31\/pra-quem-entrou-em-panico-por-falta-de-combustivel-tendo-saude-e-comida-dentro-de-casa\/","title":{"rendered":"Pra quem entrou em p\u00e2nico por falta de combust\u00edvel, tendo sa\u00fade e comida dentro de casa"},"content":{"rendered":"<p><img data-recalc-dims=\"1\" loading=\"lazy\" decoding=\"async\" data-attachment-id=\"18278\" data-permalink=\"http:\/\/blogdalucianaoliveira.com.br\/blog\/2018\/05\/31\/pra-quem-entrou-em-panico-por-falta-de-combustivel-tendo-saude-e-comida-dentro-de-casa\/2eb07cf5-e34a-4c9c-8232-4819aecb0c76\/\" data-orig-file=\"https:\/\/i0.wp.com\/blogdalucianaoliveira.com.br\/blog\/wp-content\/uploads\/2018\/05\/2EB07CF5-E34A-4C9C-8232-4819AECB0C76.jpeg?fit=639%2C384\" data-orig-size=\"639,384\" data-comments-opened=\"0\" data-image-meta=\"{&quot;aperture&quot;:&quot;0&quot;,&quot;credit&quot;:&quot;&quot;,&quot;camera&quot;:&quot;&quot;,&quot;caption&quot;:&quot;&quot;,&quot;created_timestamp&quot;:&quot;0&quot;,&quot;copyright&quot;:&quot;&quot;,&quot;focal_length&quot;:&quot;0&quot;,&quot;iso&quot;:&quot;0&quot;,&quot;shutter_speed&quot;:&quot;0&quot;,&quot;title&quot;:&quot;&quot;,&quot;orientation&quot;:&quot;0&quot;}\" data-image-title=\"2EB07CF5-E34A-4C9C-8232-4819AECB0C76\" data-image-description=\"\" data-image-caption=\"\" data-medium-file=\"https:\/\/i0.wp.com\/blogdalucianaoliveira.com.br\/blog\/wp-content\/uploads\/2018\/05\/2EB07CF5-E34A-4C9C-8232-4819AECB0C76.jpeg?fit=300%2C180\" data-large-file=\"https:\/\/i0.wp.com\/blogdalucianaoliveira.com.br\/blog\/wp-content\/uploads\/2018\/05\/2EB07CF5-E34A-4C9C-8232-4819AECB0C76.jpeg?fit=600%2C361\" src=\"https:\/\/i0.wp.com\/blogdalucianaoliveira.com.br\/blog\/wp-content\/uploads\/2018\/05\/2EB07CF5-E34A-4C9C-8232-4819AECB0C76.jpeg?resize=600%2C361\" alt=\"2EB07CF5-E34A-4C9C-8232-4819AECB0C76\" width=\"600\" height=\"361\" class=\"alignnone size-full wp-image-18278\" srcset=\"https:\/\/i0.wp.com\/blogdalucianaoliveira.com.br\/blog\/wp-content\/uploads\/2018\/05\/2EB07CF5-E34A-4C9C-8232-4819AECB0C76.jpeg?w=639 639w, https:\/\/i0.wp.com\/blogdalucianaoliveira.com.br\/blog\/wp-content\/uploads\/2018\/05\/2EB07CF5-E34A-4C9C-8232-4819AECB0C76.jpeg?resize=300%2C180 300w, https:\/\/i0.wp.com\/blogdalucianaoliveira.com.br\/blog\/wp-content\/uploads\/2018\/05\/2EB07CF5-E34A-4C9C-8232-4819AECB0C76.jpeg?resize=499%2C300 499w\" sizes=\"auto, (max-width: 600px) 100vw, 600px\" \/><\/p>\n<p>\u201cRosana Barbosa da Silva, de 32 anos, percorreu ontem as ca\u00e7ambas de lixo da Central de Abastecimento do Estado do Rio (Ceasa), em Iraj\u00e1, em busca de comida. Moradora da Favela Bandeira Dois, em Del Castilho, ela costuma ir ao local duas vezes por semana para garimpar algo que possa aproveitar para alimentar os tr\u00eas filhos. Mas, por causa da greve dos caminhoneiros, que provocou o desabastecimento do mercad\u00e3o, Rosana estava h\u00e1 seis dias sem coletar restos de frutas, verduras ou legumes.\u201d<\/p>\n<p>Fonte: O Globo<\/p>\n","protected":false},"excerpt":{"rendered":"<p>\u201cRosana Barbosa da Silva, de 32 anos, percorreu ontem as ca\u00e7ambas de lixo da Central de Abastecimento do Estado do Rio (Ceasa), em Iraj\u00e1, em busca de comida. Moradora da Favela Bandeira Dois, em Del Castilho, ela costuma ir ao local duas vezes por semana para garimpar algo que possa aproveitar para alimentar os tr\u00eas&#8230;<a class=\"more-link\" href=\"http:\/\/blogdalucianaoliveira.com.br\/blog\/2018\/05\/31\/pra-quem-entrou-em-panico-por-falta-de-combustivel-tendo-saude-e-comida-dentro-de-casa\/\">Continue a leitura <span class=\"meta-nav\">&raquo;<\/span><\/a><\/p>\n","protected":false},"author":1,"featured_media":0,"comment_status":"closed","ping_status":"open","sticky":false,"template":"","format":"standard","meta":{"_exactmetrics_skip_tracking":false,"_exactmetrics_sitenote_active":false,"_exactmetrics_sitenote_note":"","_exactmetrics_sitenote_category":0,"jetpack_post_was_ever_published":false,"_jetpack_newsletter_access":"","_jetpack_dont_email_post_to_subs":false,"_jetpack_newsletter_tier_id":0,"_jetpack_memberships_contains_paywalled_content":false,"_jetpack_memberships_contains_paid_content":false,"footnotes":"","jetpack_publicize_message":"","jetpack_publicize_feature_enabled":true,"jetpack_social_post_already_shared":true,"jetpack_social_options":{"image_generator_settings":{"template":"highway","enabled":false},"version":2}},"categories":[1],"tags":[],"class_list":["post-18277","post","type-post","status-publish","format-standard","hentry","category-notas"],"jetpack_publicize_connections":[],"jetpack_sharing_enabled":true,"jetpack_featured_media_url":"","jetpack_shortlink":"https:\/\/wp.me\/p7wKYW-4KN","jetpack-related-posts":[],"_links":{"self":[{"href":"http:\/\/blogdalucianaoliveira.com.br\/blog\/wp-json\/wp\/v2\/posts\/18277","targetHints":{"allow":["GET"]}}],"collection":[{"href":"http:\/\/blogdalucianaoliveira.com.br\/blog\/wp-json\/wp\/v2\/posts"}],"about":[{"href":"http:\/\/blogdalucianaoliveira.com.br\/blog\/wp-json\/wp\/v2\/types\/post"}],"author":[{"embeddable":true,"href":"http:\/\/blogdalucianaoliveira.com.br\/blog\/wp-json\/wp\/v2\/users\/1"}],"replies":[{"embeddable":true,"href":"http:\/\/blogdalucianaoliveira.com.br\/blog\/wp-json\/wp\/v2\/comments?post=18277"}],"version-history":[{"count":1,"href":"http:\/\/blogdalucianaoliveira.com.br\/blog\/wp-json\/wp\/v2\/posts\/18277\/revisions"}],"predecessor-version":[{"id":18279,"href":"http:\/\/blogdalucianaoliveira.com.br\/blog\/wp-json\/wp\/v2\/posts\/18277\/revisions\/18279"}],"wp:attachment":[{"href":"http:\/\/blogdalucianaoliveira.com.br\/blog\/wp-json\/wp\/v2\/media?parent=18277"}],"wp:term":[{"taxonomy":"category","embeddable":true,"href":"http:\/\/blogdalucianaoliveira.com.br\/blog\/wp-json\/wp\/v2\/categories?post=18277"},{"taxonomy":"post_tag","embeddable":true,"href":"http:\/\/blogdalucianaoliveira.com.br\/blog\/wp-json\/wp\/v2\/tags?post=18277"}],"curies":[{"name":"wp","href":"https:\/\/api.w.org\/{rel}","templated":true}]}}