{"id":18285,"date":"2018-06-01T11:00:31","date_gmt":"2018-06-01T15:00:31","guid":{"rendered":"http:\/\/blogdalucianaoliveira.com.br\/blog\/?p=18285"},"modified":"2018-06-01T11:00:31","modified_gmt":"2018-06-01T15:00:31","slug":"o-escandalo-de-corrupcao-que-derrubou-premie-espanhol-e-deixou-poder-na-mao-dos-socialistas","status":"publish","type":"post","link":"http:\/\/blogdalucianaoliveira.com.br\/blog\/2018\/06\/01\/o-escandalo-de-corrupcao-que-derrubou-premie-espanhol-e-deixou-poder-na-mao-dos-socialistas\/","title":{"rendered":"O esc\u00e2ndalo de corrup\u00e7\u00e3o que derrubou premi\u00ea espanhol e deixou poder na m\u00e3o dos socialistas"},"content":{"rendered":"<p class=\"story-body__introduction\"><img data-recalc-dims=\"1\" loading=\"lazy\" decoding=\"async\" data-attachment-id=\"18286\" data-permalink=\"http:\/\/blogdalucianaoliveira.com.br\/blog\/2018\/06\/01\/o-escandalo-de-corrupcao-que-derrubou-premie-espanhol-e-deixou-poder-na-mao-dos-socialistas\/esp\/\" data-orig-file=\"https:\/\/i0.wp.com\/blogdalucianaoliveira.com.br\/blog\/wp-content\/uploads\/2018\/06\/esp.jpg?fit=624%2C351\" data-orig-size=\"624,351\" data-comments-opened=\"0\" data-image-meta=\"{&quot;aperture&quot;:&quot;0&quot;,&quot;credit&quot;:&quot;&quot;,&quot;camera&quot;:&quot;&quot;,&quot;caption&quot;:&quot;&quot;,&quot;created_timestamp&quot;:&quot;0&quot;,&quot;copyright&quot;:&quot;&quot;,&quot;focal_length&quot;:&quot;0&quot;,&quot;iso&quot;:&quot;0&quot;,&quot;shutter_speed&quot;:&quot;0&quot;,&quot;title&quot;:&quot;&quot;,&quot;orientation&quot;:&quot;0&quot;}\" data-image-title=\"esp\" data-image-description=\"\" data-image-caption=\"\" data-medium-file=\"https:\/\/i0.wp.com\/blogdalucianaoliveira.com.br\/blog\/wp-content\/uploads\/2018\/06\/esp.jpg?fit=300%2C169\" data-large-file=\"https:\/\/i0.wp.com\/blogdalucianaoliveira.com.br\/blog\/wp-content\/uploads\/2018\/06\/esp.jpg?fit=600%2C338\" class=\"alignnone size-full wp-image-18286\" src=\"https:\/\/i0.wp.com\/blogdalucianaoliveira.com.br\/blog\/wp-content\/uploads\/2018\/06\/esp.jpg?resize=600%2C338\" alt=\"esp\" width=\"600\" height=\"338\" srcset=\"https:\/\/i0.wp.com\/blogdalucianaoliveira.com.br\/blog\/wp-content\/uploads\/2018\/06\/esp.jpg?w=624 624w, https:\/\/i0.wp.com\/blogdalucianaoliveira.com.br\/blog\/wp-content\/uploads\/2018\/06\/esp.jpg?resize=300%2C169 300w, https:\/\/i0.wp.com\/blogdalucianaoliveira.com.br\/blog\/wp-content\/uploads\/2018\/06\/esp.jpg?resize=533%2C300 533w\" sizes=\"auto, (max-width: 600px) 100vw, 600px\" \/><\/p>\n<p class=\"story-body__introduction\">Mariano Rajoy \u00e9 o primeiro chefe de governo da hist\u00f3ria da Espanha a perder o cargo ap\u00f3s uma mo\u00e7\u00e3o de censura.<\/p>\n<p>Em vota\u00e7\u00e3o na manh\u00e3 desta sexta-feira, no Parlamento, 180 deputados foram a favor de sua sa\u00edda e 169 contra(houve uma absten\u00e7\u00e3o). Eram necess\u00e1rios 176 votos (um voto a mais da metade dos 350 deputados).<\/p>\n<p>&#8220;Foi uma honra ser presidente do pa\u00eds e deixar uma Espanha melhor que encontrei&#8221;, disse Rajoy, que estava no cargo desde 2011.<\/p>\n<p>A mo\u00e7\u00e3o de censura contra Rajoy foi apresentada pelo l\u00edder oposicionista Pedro S\u00e1nchez, que agora assume o cargo de premi\u00ea espanhol. A oposi\u00e7\u00e3o pressionava pela sa\u00edda do premi\u00ea por causa do esc\u00e2ndalo de corrup\u00e7\u00e3o envolvendo o partido do agora ex-premi\u00ea, o conservador Partido Popular (PP).<\/p>\n<div class=\"story-body\">\n<div class=\"story-body__inner\">\n<p>O esc\u00e2ndalo ficou conhecido como a &#8220;trama G\u00fcrtel&#8221; e \u00e9 classificado com um dos maiores casos de corrup\u00e7\u00e3o na Espanha. A trama come\u00e7ou a ser desvendada a partir de 2009 por uma megainvestiga\u00e7\u00e3o, dividida em v\u00e1rios processos, de uma rede de corrup\u00e7\u00e3o envolvendo pol\u00edticos e empres\u00e1rios.<\/p>\n<p>Apontado como organizador do esquema, o empres\u00e1rio Francisco Correa deu nome ao caso. Traduzido para o alem\u00e3o, &#8220;correa&#8221; (ou cinto, em portugu\u00eas) \u00e9 &#8220;G\u00fcrtel&#8221;.<\/p>\n<p>Na semana passada, o ex-tesoureiro do PP Luis B\u00e1rcenas foi condenado a 33 anos de pris\u00e3o por lavagem de dinheiro, evas\u00e3o fiscal e corrup\u00e7\u00e3o passiva.<\/p>\n<figure class=\"media-landscape has-caption full-width\"><span class=\"image-and-copyright-container\"><img data-recalc-dims=\"1\" loading=\"lazy\" decoding=\"async\" class=\"responsive-image__img js-image-replace\" src=\"https:\/\/i0.wp.com\/ichef.bbci.co.uk\/news\/624\/cpsprodpb\/8339\/production\/_101739533_0bf299c8-edf9-48c0-b84b-7adfc8a937ba.jpg?resize=600%2C338&#038;ssl=1\" alt=\"Luis Barcenas em outubro de 2016.\" width=\"600\" height=\"338\" data-highest-encountered-width=\"624\" \/><span class=\"off-screen\">Direito de imagem<\/span><span class=\"story-image-copyright\">AFP<\/span><\/span><figcaption class=\"media-caption\"><span class=\"off-screen\">Image caption<\/span><span class=\"media-caption__text\">Luis B\u00e1rcenas foi um dos 29 condenados pelo caso G\u00fcrtel<\/span><\/figcaption><\/figure>\n<p>B\u00e1rcenas \u00e9 um ex-senador que cuidou das contas do partido entre 1990 e 2009. Tamb\u00e9m \u00e9 uma das 29 pessoas, entre pol\u00edticos e empres\u00e1rios, condenadas por pagar e receber propinas referentes a contratos municipais.<\/p>\n<p>O partido de Rajoy foi condenado &#8211; como organiza\u00e7\u00e3o &#8211; a pagar uma multa de 245 mil euros por ter lucrado com o esquema. A principal suspeita \u00e9 que o partido usou caixa 2 no per\u00edodo de 1999 e 2005.<\/p>\n<p>H\u00e1 ainda a suspeita de que Rajoy tenha sido beneficiado por contas secretas operadas pelo PP. O nome dele aparece em documentos publicados pelo jornal espanhol El Pais ao lado de n\u00fameros. Ele nega.<\/p>\n<p>Desde que as suspeitas de financiamento ilegal passaram a pesar tamb\u00e9m sobre Rajoy, o Partido Socialista come\u00e7ou a pression\u00e1-lo para renunciar ao cargo. Al\u00e9m de pedir explica\u00e7\u00f5es p\u00fablicas, os socialistas apresentaram uma mo\u00e7\u00e3o de censura contra o premi\u00ea.<\/p>\n<p>A mo\u00e7\u00e3o de censura (ou de desconfian\u00e7a) \u00e9 um instrumento usado na maioria dos pa\u00edses que adotam o sistema parlamentarista. Ela permite que partidos de oposi\u00e7\u00e3o questionem a capacidade do chefe de governo de continuar no comando do pa\u00eds.<\/p>\n<figure class=\"media-landscape has-caption full-width\"><span class=\"image-and-copyright-container\"><img data-recalc-dims=\"1\" loading=\"lazy\" decoding=\"async\" class=\"responsive-image__img js-image-replace\" src=\"https:\/\/i0.wp.com\/ichef.bbci.co.uk\/news\/624\/cpsprodpb\/54BC\/production\/_101829612_047152635.jpg?resize=600%2C338&#038;ssl=1\" alt=\"Pedro S\u00e1nchez\" width=\"600\" height=\"338\" data-highest-encountered-width=\"624\" \/><span class=\"off-screen\">Direito de imagem<\/span><span class=\"story-image-copyright\">AFP<\/span><\/span><figcaption class=\"media-caption\"><span class=\"off-screen\">Image caption<\/span><span class=\"media-caption__text\">Pedro S\u00e1nchez apresentou em nome dos socialistas a mo\u00e7\u00e3o contra Mariano Rajoy e agora assume o comando da Espanha<\/span><\/figcaption><\/figure>\n<p>A mo\u00e7\u00e3o de censura foi apresentada pelo Partido Socialista Obrero Espanhol (PSOE), que tinha indicado seu dirigente, Pedro S\u00e1nchez, de 46 anos, para ser o eventual substituto de Rajoy. Com o resultado, ele assume o cargo de premi\u00ea da Espanha.<\/p>\n<p>S\u00e1nchez tamb\u00e9m entra para a hist\u00f3ria por ser o primeiro a assumir o cargo sem ser deputado.<\/p>\n<p>Ele come\u00e7a a montar o governo na pr\u00f3xima semana, mas prometeu convocar novas elei\u00e7\u00f5es &#8211; ainda sem data marcada. S\u00e1nchez contou com os votos da coaliz\u00e3o de esquerda Unidos Podemos, e ainda de nacionalistas catal\u00e3es e bascos para derrotar Rajoy.<\/p>\n<p>S\u00e1nchez, \u00e9 um economista, ex-jogador de basquete, que perdeu duas elei\u00e7\u00f5es. Ele ganhou for\u00e7a no partido ao prometer unir os socialistas e lev\u00e1-lo de volta ao poder. &#8220;Vamos assinar uma nova p\u00e1gina na hist\u00f3ria da democracia do nosso pa\u00eds&#8221;, declarou S\u00e1nchez ap\u00f3s a vota\u00e7\u00e3o da mo\u00e7\u00e3o de censura, nesta sexta, no Parlamento espanhol.<\/p>\n<\/div>\n<\/div>\n<div class=\"tags-container\"><\/div>\n","protected":false},"excerpt":{"rendered":"<p>Mariano Rajoy \u00e9 o primeiro chefe de governo da hist\u00f3ria da Espanha a perder o cargo ap\u00f3s uma mo\u00e7\u00e3o de censura. Em vota\u00e7\u00e3o na manh\u00e3 desta sexta-feira, no Parlamento, 180 deputados foram a favor de sua sa\u00edda e 169 contra(houve uma absten\u00e7\u00e3o). Eram necess\u00e1rios 176 votos (um voto a mais da metade dos 350 deputados)&#8230;.<a class=\"more-link\" href=\"http:\/\/blogdalucianaoliveira.com.br\/blog\/2018\/06\/01\/o-escandalo-de-corrupcao-que-derrubou-premie-espanhol-e-deixou-poder-na-mao-dos-socialistas\/\">Continue a leitura <span class=\"meta-nav\">&raquo;<\/span><\/a><\/p>\n","protected":false},"author":1,"featured_media":0,"comment_status":"closed","ping_status":"open","sticky":false,"template":"","format":"standard","meta":{"_exactmetrics_skip_tracking":false,"_exactmetrics_sitenote_active":false,"_exactmetrics_sitenote_note":"","_exactmetrics_sitenote_category":0,"jetpack_post_was_ever_published":false,"_jetpack_newsletter_access":"","_jetpack_dont_email_post_to_subs":false,"_jetpack_newsletter_tier_id":0,"_jetpack_memberships_contains_paywalled_content":false,"_jetpack_memberships_contains_paid_content":false,"footnotes":"","jetpack_publicize_message":"","jetpack_publicize_feature_enabled":true,"jetpack_social_post_already_shared":true,"jetpack_social_options":{"image_generator_settings":{"template":"highway","enabled":false},"version":2}},"categories":[1],"tags":[],"class_list":["post-18285","post","type-post","status-publish","format-standard","hentry","category-notas"],"jetpack_publicize_connections":[],"jetpack_sharing_enabled":true,"jetpack_featured_media_url":"","jetpack_shortlink":"https:\/\/wp.me\/p7wKYW-4KV","jetpack-related-posts":[],"_links":{"self":[{"href":"http:\/\/blogdalucianaoliveira.com.br\/blog\/wp-json\/wp\/v2\/posts\/18285","targetHints":{"allow":["GET"]}}],"collection":[{"href":"http:\/\/blogdalucianaoliveira.com.br\/blog\/wp-json\/wp\/v2\/posts"}],"about":[{"href":"http:\/\/blogdalucianaoliveira.com.br\/blog\/wp-json\/wp\/v2\/types\/post"}],"author":[{"embeddable":true,"href":"http:\/\/blogdalucianaoliveira.com.br\/blog\/wp-json\/wp\/v2\/users\/1"}],"replies":[{"embeddable":true,"href":"http:\/\/blogdalucianaoliveira.com.br\/blog\/wp-json\/wp\/v2\/comments?post=18285"}],"version-history":[{"count":1,"href":"http:\/\/blogdalucianaoliveira.com.br\/blog\/wp-json\/wp\/v2\/posts\/18285\/revisions"}],"predecessor-version":[{"id":18287,"href":"http:\/\/blogdalucianaoliveira.com.br\/blog\/wp-json\/wp\/v2\/posts\/18285\/revisions\/18287"}],"wp:attachment":[{"href":"http:\/\/blogdalucianaoliveira.com.br\/blog\/wp-json\/wp\/v2\/media?parent=18285"}],"wp:term":[{"taxonomy":"category","embeddable":true,"href":"http:\/\/blogdalucianaoliveira.com.br\/blog\/wp-json\/wp\/v2\/categories?post=18285"},{"taxonomy":"post_tag","embeddable":true,"href":"http:\/\/blogdalucianaoliveira.com.br\/blog\/wp-json\/wp\/v2\/tags?post=18285"}],"curies":[{"name":"wp","href":"https:\/\/api.w.org\/{rel}","templated":true}]}}