{"id":18288,"date":"2018-06-01T11:08:56","date_gmt":"2018-06-01T15:08:56","guid":{"rendered":"http:\/\/blogdalucianaoliveira.com.br\/blog\/?p=18288"},"modified":"2018-06-01T11:08:56","modified_gmt":"2018-06-01T15:08:56","slug":"cortes-em-saude-e-educacao-ajudarao-a-pagar-diesel-mais-barato-para-caminhoneiros","status":"publish","type":"post","link":"http:\/\/blogdalucianaoliveira.com.br\/blog\/2018\/06\/01\/cortes-em-saude-e-educacao-ajudarao-a-pagar-diesel-mais-barato-para-caminhoneiros\/","title":{"rendered":"Cortes em sa\u00fade e educa\u00e7\u00e3o ajudar\u00e3o a pagar diesel mais barato para caminhoneiros"},"content":{"rendered":"<div class=\"articulo-encabezado-texto\">\n<div id=\"articulo-titulares\" class=\"articulo-titulares\">\n<div class=\"articulo-subtitulos\">\n<h2 class=\"articulo-subtitulo\"><img data-recalc-dims=\"1\" loading=\"lazy\" decoding=\"async\" data-attachment-id=\"18289\" data-permalink=\"http:\/\/blogdalucianaoliveira.com.br\/blog\/2018\/06\/01\/cortes-em-saude-e-educacao-ajudarao-a-pagar-diesel-mais-barato-para-caminhoneiros\/toma-2\/\" data-orig-file=\"https:\/\/i0.wp.com\/blogdalucianaoliveira.com.br\/blog\/wp-content\/uploads\/2018\/06\/toma.jpg?fit=1960%2C1134\" data-orig-size=\"1960,1134\" data-comments-opened=\"0\" data-image-meta=\"{&quot;aperture&quot;:&quot;0&quot;,&quot;credit&quot;:&quot;&quot;,&quot;camera&quot;:&quot;&quot;,&quot;caption&quot;:&quot;&quot;,&quot;created_timestamp&quot;:&quot;0&quot;,&quot;copyright&quot;:&quot;&quot;,&quot;focal_length&quot;:&quot;0&quot;,&quot;iso&quot;:&quot;0&quot;,&quot;shutter_speed&quot;:&quot;0&quot;,&quot;title&quot;:&quot;&quot;,&quot;orientation&quot;:&quot;0&quot;}\" data-image-title=\"toma\" data-image-description=\"\" data-image-caption=\"\" data-medium-file=\"https:\/\/i0.wp.com\/blogdalucianaoliveira.com.br\/blog\/wp-content\/uploads\/2018\/06\/toma.jpg?fit=300%2C174\" data-large-file=\"https:\/\/i0.wp.com\/blogdalucianaoliveira.com.br\/blog\/wp-content\/uploads\/2018\/06\/toma.jpg?fit=600%2C347\" class=\"alignnone size-full wp-image-18289\" src=\"https:\/\/i0.wp.com\/blogdalucianaoliveira.com.br\/blog\/wp-content\/uploads\/2018\/06\/toma.jpg?resize=600%2C347\" alt=\"toma\" width=\"600\" height=\"347\" srcset=\"https:\/\/i0.wp.com\/blogdalucianaoliveira.com.br\/blog\/wp-content\/uploads\/2018\/06\/toma.jpg?w=1960 1960w, https:\/\/i0.wp.com\/blogdalucianaoliveira.com.br\/blog\/wp-content\/uploads\/2018\/06\/toma.jpg?resize=300%2C174 300w, https:\/\/i0.wp.com\/blogdalucianaoliveira.com.br\/blog\/wp-content\/uploads\/2018\/06\/toma.jpg?resize=768%2C444 768w, https:\/\/i0.wp.com\/blogdalucianaoliveira.com.br\/blog\/wp-content\/uploads\/2018\/06\/toma.jpg?resize=1024%2C592 1024w, https:\/\/i0.wp.com\/blogdalucianaoliveira.com.br\/blog\/wp-content\/uploads\/2018\/06\/toma.jpg?resize=519%2C300 519w, https:\/\/i0.wp.com\/blogdalucianaoliveira.com.br\/blog\/wp-content\/uploads\/2018\/06\/toma.jpg?w=1200 1200w, https:\/\/i0.wp.com\/blogdalucianaoliveira.com.br\/blog\/wp-content\/uploads\/2018\/06\/toma.jpg?w=1800 1800w\" sizes=\"auto, (max-width: 600px) 100vw, 600px\" \/><\/h2>\n<h2 class=\"articulo-subtitulo\">Programas voltados para a juventude e de combate a viol\u00eancia de g\u00eanero tamb\u00e9m sofrer\u00e3o cortes. Governo Temer tamb\u00e9m arrecadar\u00e1 mais impostos de diversos setores.<\/h2>\n<\/div>\n<\/div>\n<\/div>\n<p><!--more--><\/p>\n<aside id=\"compartir_superior\" class=\"compartir\">\n<div class=\"compartir__interior\">\u00a0No El Pa\u00edsO presidente\u00a0<a href=\"https:\/\/brasil.elpais.com\/tag\/michel_temer\/a\">Michel Temer<\/a>\u00a0(MDB) cedeu \u00e0s demandas dos\u00a0<a href=\"https:\/\/brasil.elpais.com\/tag\/c\/ed4208a33fac79e914dacddcd0dd5ac7\"><strong>caminhoneiros em greve<\/strong><\/a>\u00a0ao\u00a0<a href=\"https:\/\/brasil.elpais.com\/brasil\/2018\/05\/28\/politica\/1527460444_486868.html\">anunciar uma redu\u00e7\u00e3o de 46 centavos no pre\u00e7o do diesel<\/a>, o congelamento da tarifa por dois meses, entre outros pontos e, nesta sexta-feira, as autoridades finalmente comemoraram n\u00e3o haver mais pontos de protesto ligados \u00e0 paralisa\u00e7\u00e3o que deixou o pa\u00eds e o Governo \u00e0 beira do colapso.\u00a0<a href=\"https:\/\/brasil.elpais.com\/brasil\/2018\/05\/31\/politica\/1527725418_458407.html\">Mas Temer e a Petrobras, que at\u00e9 segunda-feira j\u00e1 havia perdido 126 bilh\u00f5es em valor de mercado, uma queda de 34,6% na cota\u00e7\u00e3o de suas a\u00e7\u00f5es, n\u00e3o s\u00e3o<\/a>\u00a0<a href=\"https:\/\/brasil.elpais.com\/brasil\/2018\/05\/31\/politica\/1527725418_458407.html\">os \u00fanicos derrotados pela greve<\/a>. Na disputa pelo colch\u00e3o curto do Or\u00e7amento, que j\u00e1 amarga redu\u00e7\u00e3o em investimentos e em atendimento m\u00e9dico e educacional, o Planalto resolveu pulverizar as perdas, de prefer\u00eancia a serem absorvidas por grupos menos organizados e menos fortes politicamente, para evitar mais resist\u00eancia. Atender aos grevistas\u00a0<a href=\"https:\/\/brasil.elpais.com\/brasil\/2018\/05\/29\/economia\/1527609161_667090.html\">custar\u00e1 aos cofres p\u00fablicos aproximadamente 13,5 bilh\u00f5es de reais<\/a>\u00a0\u2014 9,6 bilh\u00f5es em subs\u00eddios e mais 4 bilh\u00f5es na redu\u00e7\u00e3o das al\u00edquotas do Cide e PIS\/COFINS do \u00f3leo diesel. Para isso, o mandat\u00e1rio anunciou uma s\u00e9rie de medidas que preveem uma maior arrecada\u00e7\u00e3o de impostos de determinados setores e cortes que somam 3,4 bilh\u00f5es de reais. Programas sociais e pol\u00edticas p\u00fablicas, especialmente as voltadas para sa\u00fade e educa\u00e7\u00e3o, est\u00e3o entre os afetados.<\/p>\n<section id=\"sumario_1|apoyos\" class=\"sumario_apoyos derecha\">\n<div class=\"sumario__interior\">\n<div id=\"cuerpo_noticia\" class=\"articulo-cuerpo\">\n<p>Na pasta da Educa\u00e7\u00e3o, o corte ser\u00e1 de 55,1 milh\u00f5es de reais, destinados inicialmente para a concess\u00e3o de bolsas do Programa de Est\u00edmulo \u00e0 Reestrutura\u00e7\u00e3o e ao Fortalecimento das Institui\u00e7\u00f5es de Ensino Superior (Proies). Tamb\u00e9m haver\u00e1, segundo informou o jornal\u00a0<em>Folha de S. Paulo<\/em>, um corte de 135 milh\u00f5es de um programa destinado para o fortalecimento do Sistema \u00danico de Sa\u00fade (SUS). Pol\u00edticas p\u00fablicas voltadas para a juventude, repress\u00e3o e preven\u00e7\u00e3o ao tr\u00e1fico de drogas e enfrentamento \u00e0 viol\u00eancia contra as mulheres tamb\u00e9m sofrer\u00e3o cortes em seus or\u00e7amentos.<\/p>\n<p>Al\u00e9m das pol\u00edticas e programas sociais listados acima, o Governo prev\u00ea um corte de 368,9 milh\u00f5es em programas de transporte terrestre do Minist\u00e9rio dos Transporte que envolvem 40 obras. O policiamento ostensivo em rodovias federais tamb\u00e9m perdeu 1,5 milh\u00e3o, apesar de que umas das queixas dos caminhoneiros, segundo os relatos ouvidos pelo EL PA\u00cdS, era que falta seguran\u00e7a nas estradas.<\/p>\n<p>Outras \u00e1reas tamb\u00e9m tiveram recursos cortados. A reserva para capitaliza\u00e7\u00e3o de empresas estatais federais \u00e9 a que perde o maior volume de recursos, 1,667 bilh\u00e3o. A reserva de conting\u00eancia da Procuradoria-Geral da Fazenda Nacional teve um corte 979,297 milh\u00f5es. O Minist\u00e9rio de Ci\u00eancia, Tecnologia e Inova\u00e7\u00e3o tamb\u00e9m saiu perdendo, com um corte de 21,75 milh\u00f5es de seu j\u00e1 dilacerado or\u00e7amento.<\/p>\n<p>No setor rural, tamb\u00e9m afetado pelo\u00a0<em>Bolsa Caminhoneiro<\/em>, o Programa de Reforma Agr\u00e1ria teve um corte 30,779 milh\u00f5es; o Programa de Assist\u00eancia T\u00e9cnica e Extens\u00e3o Rural Para Agricultura Familiar perdeu 5,443 milh\u00f5es; a Defesa Agropecu\u00e1ria tamb\u00e9m contar\u00e1 com 2,996 milh\u00f5es menos; por fim, Pesquisa e Inova\u00e7\u00f5es para a Agropecu\u00e1ria perdem outros 2,729 milh\u00f5es.<\/p>\n<h3>Maior arrecada\u00e7\u00e3o de impostos<\/h3>\n<p>Para fechar a conta,\u00a0<a href=\"https:\/\/brasil.elpais.com\/brasil\/2018\/05\/28\/politica\/1527534043_405802.html\">Temer tamb\u00e9m elevou a arrecada\u00e7\u00e3o de impostos<\/a>provenientes de alguns setores. A principal medida diz respeito ao Reintegra, um programa de incentivo fiscal voltado aos exportadores de produtos industrializados em que o Governo devolve parte dos tributos pagos por eles. Um decreto presidencial reduziu de 2% para m\u00edseros 0,1% o tamanho desta devolu\u00e7\u00e3o. Com isso, o governo arrecadar\u00e1 at\u00e9 o final do ano 2,27 bilh\u00f5es de reais. A previs\u00e3o, caso n\u00e3o haja mais mudan\u00e7as, \u00e9 de que o percentual de devolu\u00e7\u00e3o seja de 3%, como era at\u00e9 2014.<\/p>\n<p>O Governo tamb\u00e9m aumentar\u00e1 sua arrecada\u00e7\u00e3o a partir da reonera\u00e7\u00e3o da folha de pagamento de alguns setores. Isso porque a C\u00e2mara votou um projeto de lei em que previa que 28 \u00e1reas estariam isentas dessa reonera\u00e7\u00e3o, mas Temer vetou a isen\u00e7\u00e3o para 11 desses setores, como empresas estrat\u00e9gicas de defesa, empresas de transporte a\u00e9reo de carga e de passageiros regular, empresas de servi\u00e7os auxiliares ao transporte a\u00e9reo de carga e de passageiros regular, empresas de manuten\u00e7\u00e3o e repara\u00e7\u00e3o de aeronaves, empresas de manuten\u00e7\u00e3o e repara\u00e7\u00e3o de embarca\u00e7\u00f5es e as empresas do com\u00e9rcio varejista de cal\u00e7ados e artigos de viagem. Outros 17 setores, como o de cal\u00e7ados, constru\u00e7\u00e3o civil, fabrica\u00e7\u00e3o de ve\u00edculos, transporte rodovi\u00e1rio e ind\u00fastria t\u00eaxtil, mantiveram o benef\u00edcio.<\/p>\n<p>O Governo ainda revogou, a partir de uma medida provis\u00f3ria, incentivos fiscais a\u00a0produtos destinados a centrais petroqu\u00edmicas, garantindo assim mais recursos. Tamb\u00e9m reduziu a al\u00edquota do Imposto sobre Produtos Industrializados (IPI) de 20% para 4% sobre os concentrados de refrigerantes. Essa medida far\u00e1 com que os fabricantes gerem menos cr\u00e9ditos para abaterem impostos, o que permitir\u00e1 um ganho de 740 milh\u00f5es para o Governo at\u00e9 o fim do ano.<\/p>\n<p>Outras duas medidas provis\u00f3rias trataram da concess\u00e3o de subs\u00eddio \u00e0 comercializa\u00e7\u00e3o de \u00f3leo diesel e, finalmente, da abertura de um cr\u00e9dito extraordin\u00e1rio para os minist\u00e9rios de Minas e Energia, que leva 9,5 bilh\u00f5es; e de Defesa, que fica com 80 milh\u00f5es para opera\u00e7\u00f5es de Garantia da Lei e da Ordem (GLO), nas quais o Ex\u00e9rcito \u00e9 acionado.<\/p>\n<\/div>\n<section id=\"articulo-tags\" class=\"articulo-tags\"><\/section>\n<\/div>\n<\/section>\n<\/div>\n<\/aside>\n","protected":false},"excerpt":{"rendered":"<p>Programas voltados para a juventude e de combate a viol\u00eancia de g\u00eanero tamb\u00e9m sofrer\u00e3o cortes. Governo Temer tamb\u00e9m arrecadar\u00e1 mais impostos de diversos setores.<\/p>\n","protected":false},"author":1,"featured_media":0,"comment_status":"closed","ping_status":"open","sticky":false,"template":"","format":"standard","meta":{"_exactmetrics_skip_tracking":false,"_exactmetrics_sitenote_active":false,"_exactmetrics_sitenote_note":"","_exactmetrics_sitenote_category":0,"jetpack_post_was_ever_published":false,"_jetpack_newsletter_access":"","_jetpack_dont_email_post_to_subs":false,"_jetpack_newsletter_tier_id":0,"_jetpack_memberships_contains_paywalled_content":false,"_jetpack_memberships_contains_paid_content":false,"footnotes":"","jetpack_publicize_message":"","jetpack_publicize_feature_enabled":true,"jetpack_social_post_already_shared":true,"jetpack_social_options":{"image_generator_settings":{"template":"highway","enabled":false},"version":2}},"categories":[1],"tags":[],"class_list":["post-18288","post","type-post","status-publish","format-standard","hentry","category-notas"],"jetpack_publicize_connections":[],"jetpack_sharing_enabled":true,"jetpack_featured_media_url":"","jetpack_shortlink":"https:\/\/wp.me\/p7wKYW-4KY","jetpack-related-posts":[],"_links":{"self":[{"href":"http:\/\/blogdalucianaoliveira.com.br\/blog\/wp-json\/wp\/v2\/posts\/18288","targetHints":{"allow":["GET"]}}],"collection":[{"href":"http:\/\/blogdalucianaoliveira.com.br\/blog\/wp-json\/wp\/v2\/posts"}],"about":[{"href":"http:\/\/blogdalucianaoliveira.com.br\/blog\/wp-json\/wp\/v2\/types\/post"}],"author":[{"embeddable":true,"href":"http:\/\/blogdalucianaoliveira.com.br\/blog\/wp-json\/wp\/v2\/users\/1"}],"replies":[{"embeddable":true,"href":"http:\/\/blogdalucianaoliveira.com.br\/blog\/wp-json\/wp\/v2\/comments?post=18288"}],"version-history":[{"count":1,"href":"http:\/\/blogdalucianaoliveira.com.br\/blog\/wp-json\/wp\/v2\/posts\/18288\/revisions"}],"predecessor-version":[{"id":18290,"href":"http:\/\/blogdalucianaoliveira.com.br\/blog\/wp-json\/wp\/v2\/posts\/18288\/revisions\/18290"}],"wp:attachment":[{"href":"http:\/\/blogdalucianaoliveira.com.br\/blog\/wp-json\/wp\/v2\/media?parent=18288"}],"wp:term":[{"taxonomy":"category","embeddable":true,"href":"http:\/\/blogdalucianaoliveira.com.br\/blog\/wp-json\/wp\/v2\/categories?post=18288"},{"taxonomy":"post_tag","embeddable":true,"href":"http:\/\/blogdalucianaoliveira.com.br\/blog\/wp-json\/wp\/v2\/tags?post=18288"}],"curies":[{"name":"wp","href":"https:\/\/api.w.org\/{rel}","templated":true}]}}