{"id":18291,"date":"2018-06-01T12:03:43","date_gmt":"2018-06-01T16:03:43","guid":{"rendered":"http:\/\/blogdalucianaoliveira.com.br\/blog\/?p=18291"},"modified":"2018-06-01T12:03:43","modified_gmt":"2018-06-01T16:03:43","slug":"a-capa-e-os-destaques-da-revista-que-comeca-a-chegar-as-bancas-na-terca-feira","status":"publish","type":"post","link":"http:\/\/blogdalucianaoliveira.com.br\/blog\/2018\/06\/01\/a-capa-e-os-destaques-da-revista-que-comeca-a-chegar-as-bancas-na-terca-feira\/","title":{"rendered":"A capa e os destaques da revista que come\u00e7a a chegar \u00e0s bancas na ter\u00e7a-feira"},"content":{"rendered":"<p><img data-recalc-dims=\"1\" loading=\"lazy\" decoding=\"async\" data-attachment-id=\"18292\" data-permalink=\"http:\/\/blogdalucianaoliveira.com.br\/blog\/2018\/06\/01\/a-capa-e-os-destaques-da-revista-que-comeca-a-chegar-as-bancas-na-terca-feira\/piaui_141_postcomimagem\/\" data-orig-file=\"https:\/\/i0.wp.com\/blogdalucianaoliveira.com.br\/blog\/wp-content\/uploads\/2018\/06\/piaui_141_postcomimagem.jpg?fit=1080%2C1080\" data-orig-size=\"1080,1080\" data-comments-opened=\"0\" data-image-meta=\"{&quot;aperture&quot;:&quot;0&quot;,&quot;credit&quot;:&quot;&quot;,&quot;camera&quot;:&quot;&quot;,&quot;caption&quot;:&quot;&quot;,&quot;created_timestamp&quot;:&quot;0&quot;,&quot;copyright&quot;:&quot;&quot;,&quot;focal_length&quot;:&quot;0&quot;,&quot;iso&quot;:&quot;0&quot;,&quot;shutter_speed&quot;:&quot;0&quot;,&quot;title&quot;:&quot;&quot;,&quot;orientation&quot;:&quot;0&quot;}\" data-image-title=\"piaui_141_postcomimagem\" data-image-description=\"\" data-image-caption=\"\" data-medium-file=\"https:\/\/i0.wp.com\/blogdalucianaoliveira.com.br\/blog\/wp-content\/uploads\/2018\/06\/piaui_141_postcomimagem.jpg?fit=300%2C300\" data-large-file=\"https:\/\/i0.wp.com\/blogdalucianaoliveira.com.br\/blog\/wp-content\/uploads\/2018\/06\/piaui_141_postcomimagem.jpg?fit=600%2C600\" class=\"alignnone size-full wp-image-18292\" src=\"https:\/\/i0.wp.com\/blogdalucianaoliveira.com.br\/blog\/wp-content\/uploads\/2018\/06\/piaui_141_postcomimagem.jpg?resize=600%2C600\" alt=\"piaui_141_postcomimagem\" width=\"600\" height=\"600\" srcset=\"https:\/\/i0.wp.com\/blogdalucianaoliveira.com.br\/blog\/wp-content\/uploads\/2018\/06\/piaui_141_postcomimagem.jpg?w=1080 1080w, https:\/\/i0.wp.com\/blogdalucianaoliveira.com.br\/blog\/wp-content\/uploads\/2018\/06\/piaui_141_postcomimagem.jpg?resize=150%2C150 150w, https:\/\/i0.wp.com\/blogdalucianaoliveira.com.br\/blog\/wp-content\/uploads\/2018\/06\/piaui_141_postcomimagem.jpg?resize=300%2C300 300w, https:\/\/i0.wp.com\/blogdalucianaoliveira.com.br\/blog\/wp-content\/uploads\/2018\/06\/piaui_141_postcomimagem.jpg?resize=768%2C768 768w, https:\/\/i0.wp.com\/blogdalucianaoliveira.com.br\/blog\/wp-content\/uploads\/2018\/06\/piaui_141_postcomimagem.jpg?resize=1024%2C1024 1024w\" sizes=\"auto, (max-width: 600px) 100vw, 600px\" \/><\/p>\n<div class=\"post-inner\">\n<p><span class=\"capitalize\">A\u00a0<\/span><a href=\"http:\/\/piaui.folha.uol.com.br\/edicao\/141\/\"><strong>piau\u00ed_141<\/strong><\/a>\u00a0chega \u00e0s bancas nesta ter\u00e7a-feira, 5 de junho. A capa da edi\u00e7\u00e3o foi feita pela artista russa Nadia Khuzina, com base em foto hist\u00f3rica de Pel\u00e9 (por Alberto Ferreira). Em \u201cEstranhos no ninho\u201d, a rep\u00f3rter Consuelo Dieguez conta como a briga dentro do PSDB compromete as ambi\u00e7\u00f5es presidenciais de Geraldo Alckmin.<!--more--><\/p>\n<p>Na reportagem \u201cO procedimento\u201d, a jornalista M\u00f4nica Manir relata a hist\u00f3ria da estudante que virou s\u00edmbolo da luta pela libera\u00e7\u00e3o do aborto no pa\u00eds.\u00a0Em\u00a0\u201cO grande baile da Traffic\u201d, o rep\u00f3rter da\u00a0<strong>piau\u00ed<\/strong>\u00a0Allan de Abreu e Carlos Petrocilo reconstituem a trajet\u00f3ria de J. Hawilla no submundo do futebol.<\/p>\n<p>A edi\u00e7\u00e3o traz o artigo \u201cJunho, ano V\u201d, do cientista pol\u00edtico Marcos Nobre, no qual o autor investiga o impacto dos eventos de junho de 2013 nas elei\u00e7\u00f5es deste ano. Na reportagem \u201cDois anos que abalaram o Facebook \u2013 e o mundo\u201d, Nicholas Thompson e Fred Vogelstein revelam o que levou a maior empresa de redes sociais do mundo a tomar o rumo do desastre. E no artigo \u201cA nova mem\u00f3ria coletiva\u201d, o jornalista da\u00a0<b>piau\u00ed<\/b>\u00a0Jos\u00e9 Roberto de Toledo conta como o troca-troca comercial de dados pessoais nas m\u00eddias sociais equivale ao de germes na vida concreta.<\/p>\n<p>Em \u201cTe\u00e7o, logo existo\u201d, o rep\u00f3rter da\u00a0<b>piau\u00ed\u00a0<\/b>Bernardo Esteves mostra as pesquisas de um bi\u00f3logo brasileiro que prop\u00f5e que as aranhas pensam com suas teias.\u00a0No texto \u201cEntre a pena e o p\u00eanis\u201d, o escritor Reinaldo Moraes presta uma homenagem solit\u00e1ria a Philip Roth, que morreu em 22 de maio.<\/p>\n<\/div>\n","protected":false},"excerpt":{"rendered":"<p>A\u00a0piau\u00ed_141\u00a0chega \u00e0s bancas nesta ter\u00e7a-feira, 5 de junho. A capa da edi\u00e7\u00e3o foi feita pela artista russa Nadia Khuzina, com base em foto hist\u00f3rica de Pel\u00e9 (por Alberto Ferreira). Em \u201cEstranhos no ninho\u201d, a rep\u00f3rter Consuelo Dieguez conta como a briga dentro do PSDB compromete as ambi\u00e7\u00f5es presidenciais de Geraldo Alckmin.<\/p>\n","protected":false},"author":1,"featured_media":0,"comment_status":"closed","ping_status":"open","sticky":false,"template":"","format":"standard","meta":{"_exactmetrics_skip_tracking":false,"_exactmetrics_sitenote_active":false,"_exactmetrics_sitenote_note":"","_exactmetrics_sitenote_category":0,"jetpack_post_was_ever_published":false,"_jetpack_newsletter_access":"","_jetpack_dont_email_post_to_subs":false,"_jetpack_newsletter_tier_id":0,"_jetpack_memberships_contains_paywalled_content":false,"_jetpack_memberships_contains_paid_content":false,"footnotes":"","jetpack_publicize_message":"","jetpack_publicize_feature_enabled":true,"jetpack_social_post_already_shared":true,"jetpack_social_options":{"image_generator_settings":{"template":"highway","enabled":false},"version":2}},"categories":[1],"tags":[],"class_list":["post-18291","post","type-post","status-publish","format-standard","hentry","category-notas"],"jetpack_publicize_connections":[],"jetpack_sharing_enabled":true,"jetpack_featured_media_url":"","jetpack_shortlink":"https:\/\/wp.me\/p7wKYW-4L1","jetpack-related-posts":[],"_links":{"self":[{"href":"http:\/\/blogdalucianaoliveira.com.br\/blog\/wp-json\/wp\/v2\/posts\/18291","targetHints":{"allow":["GET"]}}],"collection":[{"href":"http:\/\/blogdalucianaoliveira.com.br\/blog\/wp-json\/wp\/v2\/posts"}],"about":[{"href":"http:\/\/blogdalucianaoliveira.com.br\/blog\/wp-json\/wp\/v2\/types\/post"}],"author":[{"embeddable":true,"href":"http:\/\/blogdalucianaoliveira.com.br\/blog\/wp-json\/wp\/v2\/users\/1"}],"replies":[{"embeddable":true,"href":"http:\/\/blogdalucianaoliveira.com.br\/blog\/wp-json\/wp\/v2\/comments?post=18291"}],"version-history":[{"count":2,"href":"http:\/\/blogdalucianaoliveira.com.br\/blog\/wp-json\/wp\/v2\/posts\/18291\/revisions"}],"predecessor-version":[{"id":18294,"href":"http:\/\/blogdalucianaoliveira.com.br\/blog\/wp-json\/wp\/v2\/posts\/18291\/revisions\/18294"}],"wp:attachment":[{"href":"http:\/\/blogdalucianaoliveira.com.br\/blog\/wp-json\/wp\/v2\/media?parent=18291"}],"wp:term":[{"taxonomy":"category","embeddable":true,"href":"http:\/\/blogdalucianaoliveira.com.br\/blog\/wp-json\/wp\/v2\/categories?post=18291"},{"taxonomy":"post_tag","embeddable":true,"href":"http:\/\/blogdalucianaoliveira.com.br\/blog\/wp-json\/wp\/v2\/tags?post=18291"}],"curies":[{"name":"wp","href":"https:\/\/api.w.org\/{rel}","templated":true}]}}