{"id":18311,"date":"2018-06-04T10:55:10","date_gmt":"2018-06-04T14:55:10","guid":{"rendered":"http:\/\/blogdalucianaoliveira.com.br\/blog\/?p=18311"},"modified":"2018-06-04T10:55:10","modified_gmt":"2018-06-04T14:55:10","slug":"obra-de-deus-folha-relembra-caso-em-que-valdemiro-santiago-pediu-votos-para-cassol-em-ato-religioso-com-mais-de-10-mil-pessoas","status":"publish","type":"post","link":"http:\/\/blogdalucianaoliveira.com.br\/blog\/2018\/06\/04\/obra-de-deus-folha-relembra-caso-em-que-valdemiro-santiago-pediu-votos-para-cassol-em-ato-religioso-com-mais-de-10-mil-pessoas\/","title":{"rendered":"\u2018Obra de Deus\u2019 \u2013 Folha relembra caso em que Valdemiro Santiago pediu votos para Cassol em ato religioso com mais de 10 mil pessoas"},"content":{"rendered":"<p><img data-recalc-dims=\"1\" loading=\"lazy\" decoding=\"async\" data-attachment-id=\"18312\" data-permalink=\"http:\/\/blogdalucianaoliveira.com.br\/blog\/2018\/06\/04\/obra-de-deus-folha-relembra-caso-em-que-valdemiro-santiago-pediu-votos-para-cassol-em-ato-religioso-com-mais-de-10-mil-pessoas\/dez-2\/\" data-orig-file=\"https:\/\/i0.wp.com\/blogdalucianaoliveira.com.br\/blog\/wp-content\/uploads\/2018\/06\/dez.jpg?fit=700%2C451\" data-orig-size=\"700,451\" data-comments-opened=\"0\" data-image-meta=\"{&quot;aperture&quot;:&quot;0&quot;,&quot;credit&quot;:&quot;&quot;,&quot;camera&quot;:&quot;&quot;,&quot;caption&quot;:&quot;&quot;,&quot;created_timestamp&quot;:&quot;0&quot;,&quot;copyright&quot;:&quot;&quot;,&quot;focal_length&quot;:&quot;0&quot;,&quot;iso&quot;:&quot;0&quot;,&quot;shutter_speed&quot;:&quot;0&quot;,&quot;title&quot;:&quot;&quot;,&quot;orientation&quot;:&quot;1&quot;}\" data-image-title=\"dez\" data-image-description=\"\" data-image-caption=\"\" data-medium-file=\"https:\/\/i0.wp.com\/blogdalucianaoliveira.com.br\/blog\/wp-content\/uploads\/2018\/06\/dez.jpg?fit=300%2C193\" data-large-file=\"https:\/\/i0.wp.com\/blogdalucianaoliveira.com.br\/blog\/wp-content\/uploads\/2018\/06\/dez.jpg?fit=600%2C387\" class=\"alignnone size-full wp-image-18312\" src=\"https:\/\/i0.wp.com\/blogdalucianaoliveira.com.br\/blog\/wp-content\/uploads\/2018\/06\/dez.jpg?resize=600%2C387\" alt=\"dez\" width=\"600\" height=\"387\" srcset=\"https:\/\/i0.wp.com\/blogdalucianaoliveira.com.br\/blog\/wp-content\/uploads\/2018\/06\/dez.jpg?w=700 700w, https:\/\/i0.wp.com\/blogdalucianaoliveira.com.br\/blog\/wp-content\/uploads\/2018\/06\/dez.jpg?resize=300%2C193 300w, https:\/\/i0.wp.com\/blogdalucianaoliveira.com.br\/blog\/wp-content\/uploads\/2018\/06\/dez.jpg?resize=466%2C300 466w\" sizes=\"auto, (max-width: 600px) 100vw, 600px\" \/><\/p>\n<p><strong>Anna Virginia Balloussier \/ Folha de S. Paulo<\/strong><\/p>\n<p>Quando que o uso do poder religioso vira crime eleitoral? Eis uma pergunta com potencial de bagun\u00e7ar as cortes respons\u00e1veis por julgar abusos no pleito de 2018.<\/p>\n<p>Ok, um candidato n\u00e3o pode receber doa\u00e7\u00f5es de entidades religiosas nem fazer propaganda dentro de templo, nisso a lei \u00e9 clara. Mas e se subir no p\u00falpito, sem que nem ele nem o l\u00edder religioso que o convidou solte um \u201cvote em mim\u201d (isso, sim, terminantemente proibido)?<!--more--><\/p>\n<p><strong>LEIA A \u00cdNTEGRA EM<br \/>\n<a href=\"https:\/\/www1.folha.uol.com.br\/poder\/2018\/06\/abuso-de-poder-religioso-divide-cortes-eleitorais-e-e-contestado-por-pastores.shtml\" target=\"_blank\"><u>Abuso de poder religioso divide cortes eleitorais e \u00e9 contestado por pastores<\/u><\/a><\/strong><\/p>\n<p>Agora, pense no pastor que pleiteia um cargo. Ele ter\u00e1 que interromper suas atividades pastorais durante o tempo de campanha? Afinal,\u00a0at\u00e9 uma par\u00e1bola b\u00edblica que cite corre o risco de ganhar vi\u00e9s pol\u00edtico.<\/p>\n<div>\n<div class=\"widget-image\"><img data-recalc-dims=\"1\" decoding=\"async\" class=\"img-responsive\" src=\"https:\/\/i0.wp.com\/f.i.uol.com.br\/fotografia\/2018\/06\/02\/15279765965b131294c2672_1527976596_3x2_md.jpg?w=600&#038;ssl=1\" alt=\"O pastor e deputado estadual Cezinha de Madureira (PSD-SP) em propaganda eleitoral\" \/>O pastor e deputado estadual Cezinha de Madureira (PSD-SP) em propaganda eleitoral &#8211; Reprodu\u00e7\u00e3o<\/p>\n<\/div>\n<\/div>\n<p>Nenhuma dessas situa\u00e7\u00f5es \u00e9 esclarecida pela legisla\u00e7\u00e3o eleitoral, segundo especialistas. A come\u00e7ar pela figura do \u201cabuso de poder religioso, um tipo de abuso que n\u00e3o est\u00e1 escrito na lei explicitamente\u201d, diz a professora do Instituto de Direito P\u00fablico Marilda Silveira.<\/p>\n<p>O debate esquentou com a expectativa de o TSE (Tribunal Superior Eleitoral) votar o recurso de um deputado estadual do Partido Social Crist\u00e3o de Alagoas. Pastor da Igreja do Evangelho Quadrangular, Jo\u00e3o Luiz Rocha foi afastado em 2017, acusado de fazer propaganda pol\u00edtica em templos.<\/p>\n<p>A tese do Minist\u00e9rio P\u00fablico Eleitoral: ele transformou cultos em comit\u00eas de campanha e fi\u00e9is em cabos eleitorais.<\/p>\n<p>O TSE negou o recurso de Rocha, s\u00f3 que em decis\u00e3o monocr\u00e1tica de Napole\u00e3o Nunes Maia. Naquela sess\u00e3o, o ministro disse ser conden\u00e1vel\u00a0um \u201cl\u00edder espiritual\u201d usar sua influ\u00eancia com seguidores\u00a0\u201cpara seduzir-lhes a liberdade de escolha pol\u00edtica e capturar a sua ades\u00e3o a certa candidatura\u201d.<\/p>\n<p>O colegiado precisa decidir se mant\u00e9m ou n\u00e3o essa posi\u00e7\u00e3o. Outro processo no TSE, desta vez contra o senador Ivo Cassol (PP-RO), mostra que o tema divide o tribunal. Pairava contra o congressista pedido de cassa\u00e7\u00e3o ap\u00f3s\u00a0<a href=\"http:\/\/www1.folha.uol.com.br\/poder\/2017\/02\/1855747-apostolo-valdemiro-santiago-usa-ma-fase-como-chamariz-de-sua-igreja.shtml\">Valdemiro Santiago<\/a>, l\u00edder da Igreja Mundial do Poder de Deus, pedir num ato para mais de 10 mil pessoas que votassem em Cassol, chamado de \u201cobra de Deus\u201d, na corrida de 2010.<\/p>\n<p>O afastamento foi recha\u00e7ado\u00a0pela corte. Segundo o relator do caso, Henrique Neves, \u00e9 \u201cconstitucionalmente assegurado que sacerdotes e pregadores [&#8230;] enfrentem os temas pol\u00edticos que afligem a sociedade\u201d, e \u201cnada impede que os candidatos abracem a defesa de causas religiosas\u201d.<\/p>\n<p>A romaria de pol\u00edticos a igrejas \u00e9 um cl\u00e1ssico em per\u00edodo eleitoral. Em 2014, o ent\u00e3o presidenci\u00e1vel A\u00e9cio Neves (PSDB) louvou \u201cum Brasil que valorize a fam\u00edlia\u201d num culto, e Dilma Rousseff (PT)\u00a0<a href=\"http:\/\/www1.folha.uol.com.br\/poder\/2014\/08\/1497593-em-encontro-de-evangelicos-dilma-faz-discurso-repleto-de-citacoes-religiosas.shtml\">disse\u00a0no Congresso de Mulheres da Assembleia de Deus<\/a>\u00a0&#8211; Minist\u00e9rio\u00a0Madureira: o Estado pode at\u00e9 ser laico, \u201cmas, citando um salmo de Davi, feliz \u00e9 a na\u00e7\u00e3o cujo Senhor \u00e9 Deus\u201d.<\/p>\n<p><strong>Autor \/ Fonte: Anna Virginia Balloussier \/ Folha de S. Paulo<\/strong><\/p>\n","protected":false},"excerpt":{"rendered":"<p>Anna Virginia Balloussier \/ Folha de S. Paulo Quando que o uso do poder religioso vira crime eleitoral? Eis uma pergunta com potencial de bagun\u00e7ar as cortes respons\u00e1veis por julgar abusos no pleito de 2018. Ok, um candidato n\u00e3o pode receber doa\u00e7\u00f5es de entidades religiosas nem fazer propaganda dentro de templo, nisso a lei \u00e9&#8230;<a class=\"more-link\" href=\"http:\/\/blogdalucianaoliveira.com.br\/blog\/2018\/06\/04\/obra-de-deus-folha-relembra-caso-em-que-valdemiro-santiago-pediu-votos-para-cassol-em-ato-religioso-com-mais-de-10-mil-pessoas\/\">Continue a leitura <span class=\"meta-nav\">&raquo;<\/span><\/a><\/p>\n","protected":false},"author":1,"featured_media":0,"comment_status":"closed","ping_status":"open","sticky":false,"template":"","format":"standard","meta":{"_exactmetrics_skip_tracking":false,"_exactmetrics_sitenote_active":false,"_exactmetrics_sitenote_note":"","_exactmetrics_sitenote_category":0,"jetpack_post_was_ever_published":false,"_jetpack_newsletter_access":"","_jetpack_dont_email_post_to_subs":false,"_jetpack_newsletter_tier_id":0,"_jetpack_memberships_contains_paywalled_content":false,"_jetpack_memberships_contains_paid_content":false,"footnotes":"","jetpack_publicize_message":"","jetpack_publicize_feature_enabled":true,"jetpack_social_post_already_shared":true,"jetpack_social_options":{"image_generator_settings":{"template":"highway","enabled":false},"version":2}},"categories":[1],"tags":[],"class_list":["post-18311","post","type-post","status-publish","format-standard","hentry","category-notas"],"jetpack_publicize_connections":[],"jetpack_sharing_enabled":true,"jetpack_featured_media_url":"","jetpack_shortlink":"https:\/\/wp.me\/p7wKYW-4Ll","jetpack-related-posts":[],"_links":{"self":[{"href":"http:\/\/blogdalucianaoliveira.com.br\/blog\/wp-json\/wp\/v2\/posts\/18311","targetHints":{"allow":["GET"]}}],"collection":[{"href":"http:\/\/blogdalucianaoliveira.com.br\/blog\/wp-json\/wp\/v2\/posts"}],"about":[{"href":"http:\/\/blogdalucianaoliveira.com.br\/blog\/wp-json\/wp\/v2\/types\/post"}],"author":[{"embeddable":true,"href":"http:\/\/blogdalucianaoliveira.com.br\/blog\/wp-json\/wp\/v2\/users\/1"}],"replies":[{"embeddable":true,"href":"http:\/\/blogdalucianaoliveira.com.br\/blog\/wp-json\/wp\/v2\/comments?post=18311"}],"version-history":[{"count":1,"href":"http:\/\/blogdalucianaoliveira.com.br\/blog\/wp-json\/wp\/v2\/posts\/18311\/revisions"}],"predecessor-version":[{"id":18313,"href":"http:\/\/blogdalucianaoliveira.com.br\/blog\/wp-json\/wp\/v2\/posts\/18311\/revisions\/18313"}],"wp:attachment":[{"href":"http:\/\/blogdalucianaoliveira.com.br\/blog\/wp-json\/wp\/v2\/media?parent=18311"}],"wp:term":[{"taxonomy":"category","embeddable":true,"href":"http:\/\/blogdalucianaoliveira.com.br\/blog\/wp-json\/wp\/v2\/categories?post=18311"},{"taxonomy":"post_tag","embeddable":true,"href":"http:\/\/blogdalucianaoliveira.com.br\/blog\/wp-json\/wp\/v2\/tags?post=18311"}],"curies":[{"name":"wp","href":"https:\/\/api.w.org\/{rel}","templated":true}]}}