{"id":18314,"date":"2018-06-04T12:09:27","date_gmt":"2018-06-04T16:09:27","guid":{"rendered":"http:\/\/blogdalucianaoliveira.com.br\/blog\/?p=18314"},"modified":"2018-06-04T12:58:09","modified_gmt":"2018-06-04T16:58:09","slug":"eleicao-em-vilhena-mostra-eleitor-ainda-preso-a-oligarquia-politica","status":"publish","type":"post","link":"http:\/\/blogdalucianaoliveira.com.br\/blog\/2018\/06\/04\/eleicao-em-vilhena-mostra-eleitor-ainda-preso-a-oligarquia-politica\/","title":{"rendered":"Elei\u00e7\u00e3o em Vilhena mostra eleitor ainda preso a oligarquia pol\u00edtica"},"content":{"rendered":"<p>&nbsp;<\/p>\n<p><img data-recalc-dims=\"1\" loading=\"lazy\" decoding=\"async\" data-attachment-id=\"18315\" data-permalink=\"http:\/\/blogdalucianaoliveira.com.br\/blog\/2018\/06\/04\/eleicao-em-vilhena-mostra-eleitor-ainda-preso-a-oligarquia-politica\/aka\/\" data-orig-file=\"https:\/\/i0.wp.com\/blogdalucianaoliveira.com.br\/blog\/wp-content\/uploads\/2018\/06\/aka.jpg?fit=960%2C482\" data-orig-size=\"960,482\" data-comments-opened=\"0\" data-image-meta=\"{&quot;aperture&quot;:&quot;0&quot;,&quot;credit&quot;:&quot;&quot;,&quot;camera&quot;:&quot;&quot;,&quot;caption&quot;:&quot;&quot;,&quot;created_timestamp&quot;:&quot;0&quot;,&quot;copyright&quot;:&quot;&quot;,&quot;focal_length&quot;:&quot;0&quot;,&quot;iso&quot;:&quot;0&quot;,&quot;shutter_speed&quot;:&quot;0&quot;,&quot;title&quot;:&quot;&quot;,&quot;orientation&quot;:&quot;0&quot;}\" data-image-title=\"aka\" data-image-description=\"\" data-image-caption=\"\" data-medium-file=\"https:\/\/i0.wp.com\/blogdalucianaoliveira.com.br\/blog\/wp-content\/uploads\/2018\/06\/aka.jpg?fit=300%2C151\" data-large-file=\"https:\/\/i0.wp.com\/blogdalucianaoliveira.com.br\/blog\/wp-content\/uploads\/2018\/06\/aka.jpg?fit=600%2C301\" class=\"alignnone size-full wp-image-18315\" src=\"https:\/\/i0.wp.com\/blogdalucianaoliveira.com.br\/blog\/wp-content\/uploads\/2018\/06\/aka.jpg?resize=600%2C301\" alt=\"aka\" width=\"600\" height=\"301\" srcset=\"https:\/\/i0.wp.com\/blogdalucianaoliveira.com.br\/blog\/wp-content\/uploads\/2018\/06\/aka.jpg?w=960 960w, https:\/\/i0.wp.com\/blogdalucianaoliveira.com.br\/blog\/wp-content\/uploads\/2018\/06\/aka.jpg?resize=300%2C151 300w, https:\/\/i0.wp.com\/blogdalucianaoliveira.com.br\/blog\/wp-content\/uploads\/2018\/06\/aka.jpg?resize=768%2C386 768w, https:\/\/i0.wp.com\/blogdalucianaoliveira.com.br\/blog\/wp-content\/uploads\/2018\/06\/aka.jpg?resize=598%2C300 598w\" sizes=\"auto, (max-width: 600px) 100vw, 600px\" \/><\/p>\n<p>O empres\u00e1rio Eduardo Japon\u00eas, do PV, \u00e9 o novo prefeito do munic\u00edpio de Vilhena, no Cone Sul de Rond\u00f4nia.<\/p>\n<p>Ele conseguiu algo impressionante: derrotou uma das mais poderosas oligarquias pol\u00edticas do Brasil, a dos Donadon.<!--more--><\/p>\n<p>Derrotou a representante de um cl\u00e3 que h\u00e1 muitos anos concentra poder pol\u00edtico e econ\u00f4mico no estado.<\/p>\n<p>E, claro, ganhou tamb\u00e9m meme na internet.<\/p>\n<p><img data-recalc-dims=\"1\" loading=\"lazy\" decoding=\"async\" data-attachment-id=\"18320\" data-permalink=\"http:\/\/blogdalucianaoliveira.com.br\/blog\/2018\/06\/04\/eleicao-em-vilhena-mostra-eleitor-ainda-preso-a-oligarquia-politica\/a1fd1aee-f664-46ee-87be-0f95b1f6d509\/\" data-orig-file=\"https:\/\/i0.wp.com\/blogdalucianaoliveira.com.br\/blog\/wp-content\/uploads\/2018\/06\/A1FD1AEE-F664-46EE-87BE-0F95B1F6D509.jpeg?fit=720%2C1280\" data-orig-size=\"720,1280\" data-comments-opened=\"0\" data-image-meta=\"{&quot;aperture&quot;:&quot;0&quot;,&quot;credit&quot;:&quot;&quot;,&quot;camera&quot;:&quot;&quot;,&quot;caption&quot;:&quot;&quot;,&quot;created_timestamp&quot;:&quot;0&quot;,&quot;copyright&quot;:&quot;&quot;,&quot;focal_length&quot;:&quot;0&quot;,&quot;iso&quot;:&quot;0&quot;,&quot;shutter_speed&quot;:&quot;0&quot;,&quot;title&quot;:&quot;&quot;,&quot;orientation&quot;:&quot;0&quot;}\" data-image-title=\"A1FD1AEE-F664-46EE-87BE-0F95B1F6D509\" data-image-description=\"\" data-image-caption=\"\" data-medium-file=\"https:\/\/i0.wp.com\/blogdalucianaoliveira.com.br\/blog\/wp-content\/uploads\/2018\/06\/A1FD1AEE-F664-46EE-87BE-0F95B1F6D509.jpeg?fit=169%2C300\" data-large-file=\"https:\/\/i0.wp.com\/blogdalucianaoliveira.com.br\/blog\/wp-content\/uploads\/2018\/06\/A1FD1AEE-F664-46EE-87BE-0F95B1F6D509.jpeg?fit=576%2C1024\" class=\"alignnone size-full wp-image-18320\" src=\"https:\/\/i0.wp.com\/blogdalucianaoliveira.com.br\/blog\/wp-content\/uploads\/2018\/06\/A1FD1AEE-F664-46EE-87BE-0F95B1F6D509.jpeg?resize=600%2C1067\" alt=\"A1FD1AEE-F664-46EE-87BE-0F95B1F6D509\" width=\"600\" height=\"1067\" srcset=\"https:\/\/i0.wp.com\/blogdalucianaoliveira.com.br\/blog\/wp-content\/uploads\/2018\/06\/A1FD1AEE-F664-46EE-87BE-0F95B1F6D509.jpeg?w=720 720w, https:\/\/i0.wp.com\/blogdalucianaoliveira.com.br\/blog\/wp-content\/uploads\/2018\/06\/A1FD1AEE-F664-46EE-87BE-0F95B1F6D509.jpeg?resize=169%2C300 169w, https:\/\/i0.wp.com\/blogdalucianaoliveira.com.br\/blog\/wp-content\/uploads\/2018\/06\/A1FD1AEE-F664-46EE-87BE-0F95B1F6D509.jpeg?resize=576%2C1024 576w\" sizes=\"auto, (max-width: 600px) 100vw, 600px\" \/><\/p>\n<p>Ganhou, mas sob outro ponto de vista&#8230;<\/p>\n<p>No livro de Chico G\u00f3es, com o t\u00edtulo Os Bens Que Os Pol\u00edticos Fazem, uma cr\u00edtica ao patrim\u00f4nio elevado na pol\u00edtica, Natan Donadon (cunhado de Rosani) preso ap\u00f3s condena\u00e7\u00e3o por forma\u00e7\u00e3o de quadrilha e peculato, aparece entre os que gastaram al\u00e9m do patrim\u00f4nio. O marido dela, Melki Donadon, tem condena\u00e7\u00f5es e tamb\u00e9m j\u00e1 foi preso. O cunhado, Marcos Donadon est\u00e1 preso.<\/p>\n<p><img data-recalc-dims=\"1\" loading=\"lazy\" decoding=\"async\" data-attachment-id=\"18316\" data-permalink=\"http:\/\/blogdalucianaoliveira.com.br\/blog\/2018\/06\/04\/eleicao-em-vilhena-mostra-eleitor-ainda-preso-a-oligarquia-politica\/chico-4\/\" data-orig-file=\"https:\/\/i0.wp.com\/blogdalucianaoliveira.com.br\/blog\/wp-content\/uploads\/2018\/06\/chico.jpg?fit=430%2C611\" data-orig-size=\"430,611\" data-comments-opened=\"0\" data-image-meta=\"{&quot;aperture&quot;:&quot;0&quot;,&quot;credit&quot;:&quot;&quot;,&quot;camera&quot;:&quot;&quot;,&quot;caption&quot;:&quot;&quot;,&quot;created_timestamp&quot;:&quot;0&quot;,&quot;copyright&quot;:&quot;&quot;,&quot;focal_length&quot;:&quot;0&quot;,&quot;iso&quot;:&quot;0&quot;,&quot;shutter_speed&quot;:&quot;0&quot;,&quot;title&quot;:&quot;&quot;,&quot;orientation&quot;:&quot;0&quot;}\" data-image-title=\"chico\" data-image-description=\"\" data-image-caption=\"\" data-medium-file=\"https:\/\/i0.wp.com\/blogdalucianaoliveira.com.br\/blog\/wp-content\/uploads\/2018\/06\/chico.jpg?fit=211%2C300\" data-large-file=\"https:\/\/i0.wp.com\/blogdalucianaoliveira.com.br\/blog\/wp-content\/uploads\/2018\/06\/chico.jpg?fit=430%2C611\" class=\"alignnone size-full wp-image-18316\" src=\"https:\/\/i0.wp.com\/blogdalucianaoliveira.com.br\/blog\/wp-content\/uploads\/2018\/06\/chico.jpg?resize=430%2C611\" alt=\"chico\" width=\"430\" height=\"611\" srcset=\"https:\/\/i0.wp.com\/blogdalucianaoliveira.com.br\/blog\/wp-content\/uploads\/2018\/06\/chico.jpg?w=430 430w, https:\/\/i0.wp.com\/blogdalucianaoliveira.com.br\/blog\/wp-content\/uploads\/2018\/06\/chico.jpg?resize=211%2C300 211w\" sizes=\"auto, (max-width: 430px) 100vw, 430px\" \/><\/p>\n<p>Resumindo, Rosani teve milhares de votos mesmo \u2018chapiscada\u2019 de esc\u00e2ndalos na fam\u00edlia.<\/p>\n<p>O resultado da elei\u00e7\u00e3o ocorrida neste domingo (03), como par\u00e2metro de uma nova consci\u00eancia e atitude do eleitorado, n\u00e3o permite dizer que Vilhena se libertou do cabresto pol\u00edtico que s\u00f3 um estudo cient\u00edfico pode explicar.<\/p>\n<p>Rosani\u00a0 foi eleita cumprindo inelegibilidade em 2016 e tirada do cargo este ano quando o Tribunal Superior Eleitoral reconheceu como ileg\u00edtima sua vit\u00f3ria e convocou nova elei\u00e7\u00e3o.<\/p>\n<p>Recorreu, teve o registro da candidatura indeferido, mas seu nome estava na urna eletr\u00f4nica.<\/p>\n<p>A diferen\u00e7a de votos entre ela e o empres\u00e1rio eleito prefeito, foi de 5.587 votos.<\/p>\n<p>Ele fez 21.520 votos e ela, 15.933.<\/p>\n<p>58.798 eleitores estavam aptos a votar, mas 14.824 faltaram, o que d\u00e1 uma absten\u00e7\u00e3o de 25,21%.<\/p>\n<p>Rosani perdeu, mas pode olhar com otimismo o horizonte a partir de uma reflex\u00e3o b\u00e1sica: o copo est\u00e1 meio cheio ou meio vazio?<\/p>\n<p>S\u00e3o muitos votos para quem tem sobrenome que \u00e9 quase sin\u00f4nimo de corrup\u00e7\u00e3o e n\u00e3o obteve registro de candidatura.<\/p>\n<p>A vit\u00f3ria do empres\u00e1rio estreante \u00e9 oportunidade de um novo tempo na pol\u00edtica de Vilhena, mas ser\u00e1 preciso muito mais que ora\u00e7\u00e3o do eleitorado majoritariamente evang\u00e9lico, para que isso ocorra. Nada muda, se\u00a0insistirem nas mesmas escolhas.<\/p>\n<p>N\u00e3o pode uma cidade t\u00e3o urbanamente civilizada e economicamente pr\u00f3spera, confirmar o que escreveu Nelson Gon\u00e7alves, que a burrice \u00e9 eterna.<\/p>\n<p>Oremos!<\/p>\n<p>&nbsp;<\/p>\n","protected":false},"excerpt":{"rendered":"<p>&nbsp; O empres\u00e1rio Eduardo Japon\u00eas, do PV, \u00e9 o novo prefeito do munic\u00edpio de Vilhena, no Cone Sul de Rond\u00f4nia. Ele conseguiu algo impressionante: derrotou uma das mais poderosas oligarquias pol\u00edticas do Brasil, a dos Donadon.<\/p>\n","protected":false},"author":1,"featured_media":0,"comment_status":"closed","ping_status":"open","sticky":false,"template":"","format":"standard","meta":{"_exactmetrics_skip_tracking":false,"_exactmetrics_sitenote_active":false,"_exactmetrics_sitenote_note":"","_exactmetrics_sitenote_category":0,"jetpack_post_was_ever_published":false,"_jetpack_newsletter_access":"","_jetpack_dont_email_post_to_subs":false,"_jetpack_newsletter_tier_id":0,"_jetpack_memberships_contains_paywalled_content":false,"_jetpack_memberships_contains_paid_content":false,"footnotes":"","jetpack_publicize_message":"","jetpack_publicize_feature_enabled":true,"jetpack_social_post_already_shared":true,"jetpack_social_options":{"image_generator_settings":{"template":"highway","enabled":false},"version":2}},"categories":[1],"tags":[],"class_list":["post-18314","post","type-post","status-publish","format-standard","hentry","category-notas"],"jetpack_publicize_connections":[],"jetpack_sharing_enabled":true,"jetpack_featured_media_url":"","jetpack_shortlink":"https:\/\/wp.me\/p7wKYW-4Lo","jetpack-related-posts":[],"_links":{"self":[{"href":"http:\/\/blogdalucianaoliveira.com.br\/blog\/wp-json\/wp\/v2\/posts\/18314","targetHints":{"allow":["GET"]}}],"collection":[{"href":"http:\/\/blogdalucianaoliveira.com.br\/blog\/wp-json\/wp\/v2\/posts"}],"about":[{"href":"http:\/\/blogdalucianaoliveira.com.br\/blog\/wp-json\/wp\/v2\/types\/post"}],"author":[{"embeddable":true,"href":"http:\/\/blogdalucianaoliveira.com.br\/blog\/wp-json\/wp\/v2\/users\/1"}],"replies":[{"embeddable":true,"href":"http:\/\/blogdalucianaoliveira.com.br\/blog\/wp-json\/wp\/v2\/comments?post=18314"}],"version-history":[{"count":7,"href":"http:\/\/blogdalucianaoliveira.com.br\/blog\/wp-json\/wp\/v2\/posts\/18314\/revisions"}],"predecessor-version":[{"id":18324,"href":"http:\/\/blogdalucianaoliveira.com.br\/blog\/wp-json\/wp\/v2\/posts\/18314\/revisions\/18324"}],"wp:attachment":[{"href":"http:\/\/blogdalucianaoliveira.com.br\/blog\/wp-json\/wp\/v2\/media?parent=18314"}],"wp:term":[{"taxonomy":"category","embeddable":true,"href":"http:\/\/blogdalucianaoliveira.com.br\/blog\/wp-json\/wp\/v2\/categories?post=18314"},{"taxonomy":"post_tag","embeddable":true,"href":"http:\/\/blogdalucianaoliveira.com.br\/blog\/wp-json\/wp\/v2\/tags?post=18314"}],"curies":[{"name":"wp","href":"https:\/\/api.w.org\/{rel}","templated":true}]}}