{"id":18325,"date":"2018-06-05T08:00:14","date_gmt":"2018-06-05T12:00:14","guid":{"rendered":"http:\/\/blogdalucianaoliveira.com.br\/blog\/?p=18325"},"modified":"2018-06-05T08:00:14","modified_gmt":"2018-06-05T12:00:14","slug":"estreantes-nas-urnas-filhos-de-politicos-tentam-vagas-no-congresso","status":"publish","type":"post","link":"http:\/\/blogdalucianaoliveira.com.br\/blog\/2018\/06\/05\/estreantes-nas-urnas-filhos-de-politicos-tentam-vagas-no-congresso\/","title":{"rendered":"Estreantes nas urnas, filhos de pol\u00edticos tentam vagas no Congresso"},"content":{"rendered":"<p><img data-recalc-dims=\"1\" loading=\"lazy\" decoding=\"async\" data-attachment-id=\"18326\" data-permalink=\"http:\/\/blogdalucianaoliveira.com.br\/blog\/2018\/06\/05\/estreantes-nas-urnas-filhos-de-politicos-tentam-vagas-no-congresso\/f84ce156-9ce6-419c-a26c-972dc3676c5f\/\" data-orig-file=\"https:\/\/i0.wp.com\/blogdalucianaoliveira.com.br\/blog\/wp-content\/uploads\/2018\/06\/F84CE156-9CE6-419C-A26C-972DC3676C5F.jpeg?fit=635%2C318\" data-orig-size=\"635,318\" data-comments-opened=\"0\" data-image-meta=\"{&quot;aperture&quot;:&quot;0&quot;,&quot;credit&quot;:&quot;&quot;,&quot;camera&quot;:&quot;&quot;,&quot;caption&quot;:&quot;&quot;,&quot;created_timestamp&quot;:&quot;0&quot;,&quot;copyright&quot;:&quot;&quot;,&quot;focal_length&quot;:&quot;0&quot;,&quot;iso&quot;:&quot;0&quot;,&quot;shutter_speed&quot;:&quot;0&quot;,&quot;title&quot;:&quot;&quot;,&quot;orientation&quot;:&quot;0&quot;}\" data-image-title=\"F84CE156-9CE6-419C-A26C-972DC3676C5F\" data-image-description=\"\" data-image-caption=\"\" data-medium-file=\"https:\/\/i0.wp.com\/blogdalucianaoliveira.com.br\/blog\/wp-content\/uploads\/2018\/06\/F84CE156-9CE6-419C-A26C-972DC3676C5F.jpeg?fit=300%2C150\" data-large-file=\"https:\/\/i0.wp.com\/blogdalucianaoliveira.com.br\/blog\/wp-content\/uploads\/2018\/06\/F84CE156-9CE6-419C-A26C-972DC3676C5F.jpeg?fit=600%2C300\" src=\"https:\/\/i0.wp.com\/blogdalucianaoliveira.com.br\/blog\/wp-content\/uploads\/2018\/06\/F84CE156-9CE6-419C-A26C-972DC3676C5F.jpeg?resize=600%2C300\" alt=\"F84CE156-9CE6-419C-A26C-972DC3676C5F\" width=\"600\" height=\"300\" class=\"alignnone size-full wp-image-18326\" srcset=\"https:\/\/i0.wp.com\/blogdalucianaoliveira.com.br\/blog\/wp-content\/uploads\/2018\/06\/F84CE156-9CE6-419C-A26C-972DC3676C5F.jpeg?w=635 635w, https:\/\/i0.wp.com\/blogdalucianaoliveira.com.br\/blog\/wp-content\/uploads\/2018\/06\/F84CE156-9CE6-419C-A26C-972DC3676C5F.jpeg?resize=300%2C150 300w, https:\/\/i0.wp.com\/blogdalucianaoliveira.com.br\/blog\/wp-content\/uploads\/2018\/06\/F84CE156-9CE6-419C-A26C-972DC3676C5F.jpeg?resize=599%2C300 599w\" sizes=\"auto, (max-width: 600px) 100vw, 600px\" \/><\/p>\n<p>Folha de S\u00e3o Paulo &#8211; Com o peso do sobrenome, pr\u00e9-candidatos buscam votos para as elei\u00e7\u00f5es deste ano<!--more--><\/p>\n<p>Jo\u00e3o Pedro Pitombo<br \/>\nSALVADOR<br \/>\nFernando, Jo\u00e3o, Antonio, Otto, Rodrigo, Mosiah, Danielle, Marcelo e Marcello s\u00e3o promessas de votos nas disputa por uma vaga no legislativo nas elei\u00e7\u00f5es deste ano. Sem os sobrenomes, certamente teriam dificuldade para se eleger. Mas eles s\u00e3o filhos de prefeitos, senadores e ex-governadores e carregam sobrenomes como Richa, Campos, Crivella e Collor de Melo.<\/p>\n<p>Pelo menos nove filhos de pol\u00edticos tradicionais estreiam urnas disputando vagas na C\u00e2mara dos Deputados e em Assembleias Legislativas. Com o peso do sobrenome, afiam suas armas para a briga eleitoral e j\u00e1 percorrem seus estados em busca de votos.<\/p>\n<p>Filho do ex-governador de Pernambuco Eduardo Campos e bisneto do tamb\u00e9m ex-governador Miguel Arraes, Jo\u00e3o Campos \u00e9 a principal aposta do PSB de Pernambuco para renovar sua bancada na C\u00e2mara dos Deputados.<\/p>\n<p>Ele vem sendo preparado para a disputa desde que a morte do pai, na campanha presidencial de 2014. Assumiu a chefia de gabinete do governador Paulo C\u00e2mara (PSB) em 2016 e, desde que deixou o cargo em abril deste ano, visita cidades do interior e bairros da periferia do Recife em ritmo de maratona.<\/p>\n<p>\u201cJo\u00e3o representa a continuidade e renova\u00e7\u00e3o. \u00c9 uma aposta de futuro do nosso partido\u201d, afirma o presidente do PSB de Pernambuco, Sileno Guedes.<\/p>\n<p>J\u00e1 na disputa para a Assembleia Legislativa de Pernambuco, a novidade \u00e9 Antonio Coelho (DEM), 20, filho do senador Fernando Bezerra Coelho (MDB). Este ser\u00e1 o terceiro filho do senador a entrar na pol\u00edtica: Fernando Filho (DEM) \u00e9 deputado federal e Miguel Coelho (PSB) \u00e9 prefeito de Petrolina.<\/p>\n<p>No Rio de Janeiro, Marcelo Crivella Filho (PRB), 33, \u00e9 a aposta partido para a C\u00e2mara dos Deputados. Com o apoio do pai, prefeito da capital, deve ter forte inser\u00e7\u00e3o no eleitorado ligado \u00e0 Igreja Universal do Reino de Deus.<\/p>\n<p>Outra pr\u00e9-candidata a deputada que aposta no segmento evang\u00e9lico \u00e9 Danielle Ditz da Cunha (MDB), filha do ex-presidente da C\u00e2mara dos Deputados Eduardo Cunha. Ela tem se movimentado em antigos redutos eleitorais do pai, hoje preso em Curitiba, onde cumpre pena no \u00e2mbito da Opera\u00e7\u00e3o Lava Jato.<\/p>\n<p>No Paran\u00e1, Marcello Richa \u00e9 a principal aposta do PSDB na disputa por uma cadeira na Assembleia Legislativa. Ele \u00e9 filho do ex-governador Beto Richa e neto do ex-governador Jos\u00e9 Richa.<\/p>\n<p>Para o cientista pol\u00edtico Joviniano Neto, professor da Ufba (Universidade Federal da Bahia), a candidatura de filhos de pol\u00edticos real\u00e7a uma tradi\u00e7\u00e3o da pol\u00edtica brasileira de partidos que n\u00e3o s\u00e3o org\u00e2nicos e n\u00e3o t\u00eam base social. E vai na contram\u00e3o dos movimentos recentes que pregam renova\u00e7\u00e3o nos quadro pol\u00edticos.<\/p>\n<p>Assim como Jo\u00e3o Campos, em Pernambuco, outros filhos de pol\u00edticos s\u00e3o potenciais campe\u00f5es de votos em estados como Bahia e Alagoas.<\/p>\n<p>Caso consigam serem os mais votados de seus estados, repetir\u00e3o o feito de outros membros de cl\u00e3s pol\u00edticos tradicionais que foram campe\u00f5es de votos j\u00e1 na estreia, caso de A\u00e9cio Neves (PSDB), mais votado em Minas em 1986, e ACM Neto (DEM), que teve mais de 400 mil votos em sua primeira elei\u00e7\u00e3o em 2002.<\/p>\n<p>Filho do senador e ex-presidente Fernando Collor de Mello (PTC), Fernando James (PTC), 38, disputar\u00e1 uma cadeira de deputado federal em Alagoas e tentar\u00e1 fazer com que a fam\u00edlia Collor volte \u00e0 C\u00e2mara depois de tr\u00eas d\u00e9cadas.<\/p>\n<p>Na Bahia, Otto Alencar Filho (PSD), 40, \u00e9 a principal novidade na disputa por uma cadeira na C\u00e2mara. Ele diz que optou por concorrer um mandato a pedido n\u00e3o do pai, o senador Otto Alencar (PSD), mas de colegas do partido.<\/p>\n<p>\u201cAceitei porque vejo a pol\u00edtica como uma miss\u00e3o\u201d, diz o pr\u00e9-candidato, que ter\u00e1 a seu favor uma forte m\u00e1quina partid\u00e1ria com 90 prefeitos de cidades do interior do estado.<\/p>\n<p>No Cear\u00e1, Rodrigo Oliveira (MDB), 29, \u00e9 a aposta do pai, o senador Eun\u00edcio Oliveira (MDB), para uma vaga na C\u00e2mara. Ter\u00e1 como advers\u00e1rio outro nome de fam\u00edlia tradicional do estado: Mosiah Torgan (DEM), 38, filho do vice-prefeito de Fortaleza Moroni Torgan (DEM).<\/p>\n<p>As candidaturas preocupam tanto advers\u00e1rios quanto aliados. Entre os aliados, o principal receio \u00e9 que os filhos de pol\u00edticos tenham prefer\u00eancia na divis\u00e3o do bolo do fundo eleitoral. Com as novas regras de financiamento eleitoral, os dirigentes partid\u00e1rios ter\u00e3o mais poder e controle dos recursos para bancar as campanhas.<\/p>\n<p>\u201cCom campanha curta e dinheiro na m\u00e3o dos caciques, ser\u00e1 uma elei\u00e7\u00e3o de pouca renova\u00e7\u00e3o. Tem vantagem quem est\u00e1 no jogo. E os filhos de pol\u00edticos j\u00e1 nasceram no jogo\u201d, diz Joviniano Neto.<\/p>\n<p>Nove filhos de pol\u00edticos tradicionais estreiam nas urnas<\/p>\n<p>Alagoas<br \/>\nFernando James (PTC), pr\u00e9-candidato a deputado federal, \u00e9 filho do senador e ex-presidente Fernando Collor (PTC)<\/p>\n<p>Bahia\u2002<br \/>\nOtto Alencar Filho (PSD), cujo pai \u00e9 o senador e ex-vice-governador Otto Alencar (PSD), tentar\u00e1 a vaga de deputado Federal<\/p>\n<p>Cear\u00e1\u2002<br \/>\nRodrigo Oliveira (MDB), pr\u00e9-candidato a deputado federal, \u00e9 filho do presidente do Senado Eun\u00edcio Oliveira (MDB)<\/p>\n<p>Mosiah Torgan (DEM) \u00e9 filho do vice-prefeito de Fortaleza Moroni Torgan (DEM) e pr\u00e9-candidato a deputado federal<\/p>\n<p>Paran\u00e1\u2002<br \/>\nO filho do ex-governador Beto Richa (PSDB), Marcello Richa (PSDB), \u00e9 pr\u00e9-candidato a deputado estadual<\/p>\n<p>Pernambuco\u2002<br \/>\nJo\u00e3o Campos (PSB), filho do ex-governador Eduardo Campos, deve concorrer ao cargo de deputado federal<\/p>\n<p>Antonio Coelho (DEM), filho do senador Fernando Bezerra Coelho (MDB), \u00e9 pr\u00e9-candidato a deputado estadual<\/p>\n<p>Rio de Janeiro<br \/>\nMarcelo Crivella Filho (PRB), cujo pai \u00e9 o prefeito Marcelo Crivella (PRB), deve ser candidato a deputado federal<\/p>\n<p>Danielle Dytz (MDB), filha do ex-presidente da C\u00e2mara Eduardo Cunha (MDB), deve ser candidata a deputada federal<\/p>\n","protected":false},"excerpt":{"rendered":"<p>Folha de S\u00e3o Paulo &#8211; Com o peso do sobrenome, pr\u00e9-candidatos buscam votos para as elei\u00e7\u00f5es deste ano<\/p>\n","protected":false},"author":1,"featured_media":0,"comment_status":"closed","ping_status":"open","sticky":false,"template":"","format":"standard","meta":{"_exactmetrics_skip_tracking":false,"_exactmetrics_sitenote_active":false,"_exactmetrics_sitenote_note":"","_exactmetrics_sitenote_category":0,"jetpack_post_was_ever_published":false,"_jetpack_newsletter_access":"","_jetpack_dont_email_post_to_subs":false,"_jetpack_newsletter_tier_id":0,"_jetpack_memberships_contains_paywalled_content":false,"_jetpack_memberships_contains_paid_content":false,"footnotes":"","jetpack_publicize_message":"","jetpack_publicize_feature_enabled":true,"jetpack_social_post_already_shared":true,"jetpack_social_options":{"image_generator_settings":{"template":"highway","enabled":false},"version":2}},"categories":[1],"tags":[],"class_list":["post-18325","post","type-post","status-publish","format-standard","hentry","category-notas"],"jetpack_publicize_connections":[],"jetpack_sharing_enabled":true,"jetpack_featured_media_url":"","jetpack_shortlink":"https:\/\/wp.me\/p7wKYW-4Lz","jetpack-related-posts":[],"_links":{"self":[{"href":"http:\/\/blogdalucianaoliveira.com.br\/blog\/wp-json\/wp\/v2\/posts\/18325","targetHints":{"allow":["GET"]}}],"collection":[{"href":"http:\/\/blogdalucianaoliveira.com.br\/blog\/wp-json\/wp\/v2\/posts"}],"about":[{"href":"http:\/\/blogdalucianaoliveira.com.br\/blog\/wp-json\/wp\/v2\/types\/post"}],"author":[{"embeddable":true,"href":"http:\/\/blogdalucianaoliveira.com.br\/blog\/wp-json\/wp\/v2\/users\/1"}],"replies":[{"embeddable":true,"href":"http:\/\/blogdalucianaoliveira.com.br\/blog\/wp-json\/wp\/v2\/comments?post=18325"}],"version-history":[{"count":1,"href":"http:\/\/blogdalucianaoliveira.com.br\/blog\/wp-json\/wp\/v2\/posts\/18325\/revisions"}],"predecessor-version":[{"id":18327,"href":"http:\/\/blogdalucianaoliveira.com.br\/blog\/wp-json\/wp\/v2\/posts\/18325\/revisions\/18327"}],"wp:attachment":[{"href":"http:\/\/blogdalucianaoliveira.com.br\/blog\/wp-json\/wp\/v2\/media?parent=18325"}],"wp:term":[{"taxonomy":"category","embeddable":true,"href":"http:\/\/blogdalucianaoliveira.com.br\/blog\/wp-json\/wp\/v2\/categories?post=18325"},{"taxonomy":"post_tag","embeddable":true,"href":"http:\/\/blogdalucianaoliveira.com.br\/blog\/wp-json\/wp\/v2\/tags?post=18325"}],"curies":[{"name":"wp","href":"https:\/\/api.w.org\/{rel}","templated":true}]}}