{"id":18328,"date":"2018-06-05T09:27:13","date_gmt":"2018-06-05T13:27:13","guid":{"rendered":"http:\/\/blogdalucianaoliveira.com.br\/blog\/?p=18328"},"modified":"2018-06-05T09:27:13","modified_gmt":"2018-06-05T13:27:13","slug":"mudar-ta-na-minha-voz-e-no-meu-coracao","status":"publish","type":"post","link":"http:\/\/blogdalucianaoliveira.com.br\/blog\/2018\/06\/05\/mudar-ta-na-minha-voz-e-no-meu-coracao\/","title":{"rendered":"Mudar, t\u00e1 na minha voz e no meu cora\u00e7\u00e3o"},"content":{"rendered":"<p><iframe loading=\"lazy\" src=\"https:\/\/www.facebook.com\/plugins\/video.php?href=https%3A%2F%2Fwww.facebook.com%2FLucianaoliveirapvh%2Fvideos%2F1711068208961248%2F&#038;show_text=0&#038;width=560\" width=\"560\" height=\"310\" style=\"border:none;overflow:hidden\" scrolling=\"no\" frameborder=\"0\" allowTransparency=\"true\" allowFullScreen=\"true\"><\/iframe><\/p>\n<p>Espalho meu canto para tecer uma nova manh\u00e3, um novo amanh\u00e3 para Rond\u00f4nia.<\/p>\n<p>Empresto o poema de Jo\u00e3o Cabral de Melo Neto para ampliar a mensagem na m\u00fasica de T\u00fallio Nunes fez pra mim, com participa\u00e7\u00e3o vocal de Patr\u00edcia Morais.<!--more--><\/p>\n<p>&#8220;Um galo sozinho n\u00e3o tece uma manh\u00e3:<br \/>\nele precisar\u00e1 sempre de outros galos.<br \/>\nDe um que apanhe esse grito que ele<br \/>\ne o lance a outro; de um outro galo<br \/>\nque apanhe o grito de um galo antes<br \/>\ne o lance a outro; e de outros galos<br \/>\nque com muitos outros galos se cruzem<br \/>\nos fios de sol de seus gritos de galo,<br \/>\npara que a manh\u00e3, desde uma teia t\u00eanue,<br \/>\nse v\u00e1 tecendo, entre todos os galos.&#8221;<\/p>\n","protected":false},"excerpt":{"rendered":"<p>Espalho meu canto para tecer uma nova manh\u00e3, um novo amanh\u00e3 para Rond\u00f4nia. Empresto o poema de Jo\u00e3o Cabral de Melo Neto para ampliar a mensagem na m\u00fasica de T\u00fallio Nunes fez pra mim, com participa\u00e7\u00e3o vocal de Patr\u00edcia Morais.<\/p>\n","protected":false},"author":1,"featured_media":0,"comment_status":"closed","ping_status":"open","sticky":false,"template":"","format":"standard","meta":{"_exactmetrics_skip_tracking":false,"_exactmetrics_sitenote_active":false,"_exactmetrics_sitenote_note":"","_exactmetrics_sitenote_category":0,"jetpack_post_was_ever_published":false,"_jetpack_newsletter_access":"","_jetpack_dont_email_post_to_subs":false,"_jetpack_newsletter_tier_id":0,"_jetpack_memberships_contains_paywalled_content":false,"_jetpack_memberships_contains_paid_content":false,"footnotes":"","jetpack_publicize_message":"","jetpack_publicize_feature_enabled":true,"jetpack_social_post_already_shared":true,"jetpack_social_options":{"image_generator_settings":{"template":"highway","enabled":false},"version":2}},"categories":[1],"tags":[],"class_list":["post-18328","post","type-post","status-publish","format-standard","hentry","category-notas"],"jetpack_publicize_connections":[],"jetpack_sharing_enabled":true,"jetpack_featured_media_url":"","jetpack_shortlink":"https:\/\/wp.me\/p7wKYW-4LC","jetpack-related-posts":[],"_links":{"self":[{"href":"http:\/\/blogdalucianaoliveira.com.br\/blog\/wp-json\/wp\/v2\/posts\/18328","targetHints":{"allow":["GET"]}}],"collection":[{"href":"http:\/\/blogdalucianaoliveira.com.br\/blog\/wp-json\/wp\/v2\/posts"}],"about":[{"href":"http:\/\/blogdalucianaoliveira.com.br\/blog\/wp-json\/wp\/v2\/types\/post"}],"author":[{"embeddable":true,"href":"http:\/\/blogdalucianaoliveira.com.br\/blog\/wp-json\/wp\/v2\/users\/1"}],"replies":[{"embeddable":true,"href":"http:\/\/blogdalucianaoliveira.com.br\/blog\/wp-json\/wp\/v2\/comments?post=18328"}],"version-history":[{"count":1,"href":"http:\/\/blogdalucianaoliveira.com.br\/blog\/wp-json\/wp\/v2\/posts\/18328\/revisions"}],"predecessor-version":[{"id":18329,"href":"http:\/\/blogdalucianaoliveira.com.br\/blog\/wp-json\/wp\/v2\/posts\/18328\/revisions\/18329"}],"wp:attachment":[{"href":"http:\/\/blogdalucianaoliveira.com.br\/blog\/wp-json\/wp\/v2\/media?parent=18328"}],"wp:term":[{"taxonomy":"category","embeddable":true,"href":"http:\/\/blogdalucianaoliveira.com.br\/blog\/wp-json\/wp\/v2\/categories?post=18328"},{"taxonomy":"post_tag","embeddable":true,"href":"http:\/\/blogdalucianaoliveira.com.br\/blog\/wp-json\/wp\/v2\/tags?post=18328"}],"curies":[{"name":"wp","href":"https:\/\/api.w.org\/{rel}","templated":true}]}}