{"id":18334,"date":"2018-06-05T12:03:40","date_gmt":"2018-06-05T16:03:40","guid":{"rendered":"http:\/\/blogdalucianaoliveira.com.br\/blog\/?p=18334"},"modified":"2018-06-05T12:07:29","modified_gmt":"2018-06-05T16:07:29","slug":"atlas-da-violencia-2018-criancas-sao-maiores-alvos-de-estupro-no-pais","status":"publish","type":"post","link":"http:\/\/blogdalucianaoliveira.com.br\/blog\/2018\/06\/05\/atlas-da-violencia-2018-criancas-sao-maiores-alvos-de-estupro-no-pais\/","title":{"rendered":"Atlas da Viol\u00eancia 2018: Crian\u00e7as s\u00e3o maiores alvos de estupro no pa\u00eds"},"content":{"rendered":"<p><img data-recalc-dims=\"1\" loading=\"lazy\" decoding=\"async\" data-attachment-id=\"18336\" data-permalink=\"http:\/\/blogdalucianaoliveira.com.br\/blog\/2018\/06\/05\/atlas-da-violencia-2018-criancas-sao-maiores-alvos-de-estupro-no-pais\/choro-2\/\" data-orig-file=\"https:\/\/i0.wp.com\/blogdalucianaoliveira.com.br\/blog\/wp-content\/uploads\/2018\/06\/choro.jpg?fit=699%2C420\" data-orig-size=\"699,420\" data-comments-opened=\"0\" data-image-meta=\"{&quot;aperture&quot;:&quot;0&quot;,&quot;credit&quot;:&quot;&quot;,&quot;camera&quot;:&quot;&quot;,&quot;caption&quot;:&quot;&quot;,&quot;created_timestamp&quot;:&quot;0&quot;,&quot;copyright&quot;:&quot;&quot;,&quot;focal_length&quot;:&quot;0&quot;,&quot;iso&quot;:&quot;0&quot;,&quot;shutter_speed&quot;:&quot;0&quot;,&quot;title&quot;:&quot;&quot;,&quot;orientation&quot;:&quot;0&quot;}\" data-image-title=\"choro\" data-image-description=\"\" data-image-caption=\"\" data-medium-file=\"https:\/\/i0.wp.com\/blogdalucianaoliveira.com.br\/blog\/wp-content\/uploads\/2018\/06\/choro.jpg?fit=300%2C180\" data-large-file=\"https:\/\/i0.wp.com\/blogdalucianaoliveira.com.br\/blog\/wp-content\/uploads\/2018\/06\/choro.jpg?fit=600%2C361\" class=\"alignnone size-full wp-image-18336\" src=\"https:\/\/i0.wp.com\/blogdalucianaoliveira.com.br\/blog\/wp-content\/uploads\/2018\/06\/choro.jpg?resize=600%2C361\" alt=\"choro\" width=\"600\" height=\"361\" srcset=\"https:\/\/i0.wp.com\/blogdalucianaoliveira.com.br\/blog\/wp-content\/uploads\/2018\/06\/choro.jpg?w=699 699w, https:\/\/i0.wp.com\/blogdalucianaoliveira.com.br\/blog\/wp-content\/uploads\/2018\/06\/choro.jpg?resize=300%2C180 300w, https:\/\/i0.wp.com\/blogdalucianaoliveira.com.br\/blog\/wp-content\/uploads\/2018\/06\/choro.jpg?resize=499%2C300 499w\" sizes=\"auto, (max-width: 600px) 100vw, 600px\" \/><\/p>\n<p>O Globo \u2014 As crian\u00e7as s\u00e3o as maiores v\u00edtimas de estupro no Brasil, segundo revelado no Atlas da Viol\u00eancia de 2018. O estudo, produzido pelo Instituto de Pesquisa Econ\u00f4mica Aplicada (Ipea) e o F\u00f3rum Brasileiro de Seguran\u00e7a P\u00fablica (FBSP), aponta que 50,9% dos casos registrados de estupro em 2016 foram cometidos contra menores de 13 anos de idade. Al\u00e9m disso, 32,1% dos casos vitimam adultos e 17% adolescentes.<!--more--><\/p>\n<p>O n\u00famero de casos registrados, por\u00e9m, ainda n\u00e3o \u00e9 representativo total da realidade da viol\u00eancia cometida contra a mulher no Brasil. Como notado no estudo, as pol\u00edcias brasileiras recolheram um total de 49.497 registros de estupros em 2016. \u00c9 mais do que o dobro dos casos atendidos no Sistema \u00danico de Sa\u00fade, que atendeu 22,918 casos no per\u00edodo.<\/p>\n<div id=\"pub-retangulo-2\" class=\"arroba publicidade clearfix\" data-google-query-id=\"CPLu_JHyvNsCFRUrhwodRCIJsQ\">Para contextualizar o n\u00famero, o Atlas da Viol\u00eancia apontou a taxa de subnotifica\u00e7\u00e3o de casos dos Estados Unidos. L\u00e1, apenas 15% dos estupros s\u00e3o de fato notificados \u00e0 pol\u00edcia. Se a taxa brasileira for pr\u00f3xima ao exemplo, significaria que o pa\u00eds sofre com algo em torno de 400 mil estupros anuais.<\/div>\n<p>O estudo tamb\u00e9m aponta uma alta taxa de recorr\u00eancia nos casos de estupro. Em 2016, 42,4% das v\u00edtimas disseram n\u00e3o ser a primeira vez que sofriam com viol\u00eancia sexual. Nesses casos, a maioria dos autores dos crimes era conhecido das v\u00edtimas.<\/p>\n<div class=\"embed-social\">\n<div id=\"g-ai0-3\" class=\"g-Artboards g-aiAbs\">\n<article class=\"g-aiPstyle2\">\n<div id=\"g-ai0-1\" class=\"g-Artboards g-aiAbs\">\n<article class=\"g-aiPstyle0\">Distribui\u00e7\u00e3o percentual das v\u00edtimas de estupro no total<\/article>\n<\/div>\n<div id=\"g-ai0-2\" class=\"g-Artboards g-aiAbs\">\n<article class=\"g-aiPstyle1\">N\u00fameros de 2016<\/article>\n<\/div>\n<div id=\"g-ai0-3\" class=\"g-Artboards g-aiAbs\"><\/div>\n<p>Crian\u00e7as<\/p>\n<\/article>\n<article class=\"g-aiPstyle2\">\n<div id=\"g-ai0-6\" class=\"g-Artboards g-aiAbs\">\n<article class=\"g-aiPstyle4\">50,9%<\/article>\n<\/div>\n<div id=\"g-ai0-7\" class=\"g-Artboards g-aiAbs\"><\/div>\n<\/article>\n<\/div>\n<div id=\"g-ai0-4\" class=\"g-Artboards g-aiAbs\">\n<article class=\"g-aiPstyle3\">Adolescentes<\/article>\n<article class=\"g-aiPstyle3\">\n<div id=\"g-ai0-4\" class=\"g-Artboards g-aiAbs\"><\/div>\n<div id=\"g-ai0-5\" class=\"g-Artboards g-aiAbs\">\n<article class=\"g-aiPstyle3\">17%<\/article>\n<\/div>\n<div id=\"g-ai0-6\" class=\"g-Artboards g-aiAbs\"><\/div>\n<div id=\"g-ai0-8\" class=\"g-Artboards g-aiAbs\"><\/div>\n<div id=\"g-ai0-9\" class=\"g-Artboards g-aiAbs\">Maior de idade<\/div>\n<\/article>\n<article class=\"g-aiPstyle3\">\n<div id=\"g-ai0-7\" class=\"g-Artboards g-aiAbs\">\n<div id=\"g-ai0-5\" class=\"g-Artboards g-aiAbs\">\n<article class=\"g-aiPstyle3\">\n<div id=\"g-ai0-7\" class=\"g-Artboards g-aiAbs\">\n<div id=\"g-ai0-6\" class=\"g-Artboards g-aiAbs\">32,1%<\/div>\n<\/div>\n<div id=\"g-ai0-8\" class=\"g-Artboards g-aiAbs\"><\/div>\n<\/article>\n<\/div>\n<\/div>\n<\/article>\n<\/div>\n<\/div>\n","protected":false},"excerpt":{"rendered":"<p>O Globo \u2014 As crian\u00e7as s\u00e3o as maiores v\u00edtimas de estupro no Brasil, segundo revelado no Atlas da Viol\u00eancia de 2018. O estudo, produzido pelo Instituto de Pesquisa Econ\u00f4mica Aplicada (Ipea) e o F\u00f3rum Brasileiro de Seguran\u00e7a P\u00fablica (FBSP), aponta que 50,9% dos casos registrados de estupro em 2016 foram cometidos contra menores de 13&#8230;<a class=\"more-link\" href=\"http:\/\/blogdalucianaoliveira.com.br\/blog\/2018\/06\/05\/atlas-da-violencia-2018-criancas-sao-maiores-alvos-de-estupro-no-pais\/\">Continue a leitura <span class=\"meta-nav\">&raquo;<\/span><\/a><\/p>\n","protected":false},"author":1,"featured_media":0,"comment_status":"closed","ping_status":"open","sticky":false,"template":"","format":"standard","meta":{"_exactmetrics_skip_tracking":false,"_exactmetrics_sitenote_active":false,"_exactmetrics_sitenote_note":"","_exactmetrics_sitenote_category":0,"jetpack_post_was_ever_published":false,"_jetpack_newsletter_access":"","_jetpack_dont_email_post_to_subs":false,"_jetpack_newsletter_tier_id":0,"_jetpack_memberships_contains_paywalled_content":false,"_jetpack_memberships_contains_paid_content":false,"footnotes":"","jetpack_publicize_message":"","jetpack_publicize_feature_enabled":true,"jetpack_social_post_already_shared":true,"jetpack_social_options":{"image_generator_settings":{"template":"highway","enabled":false},"version":2}},"categories":[1],"tags":[],"class_list":["post-18334","post","type-post","status-publish","format-standard","hentry","category-notas"],"jetpack_publicize_connections":[],"jetpack_sharing_enabled":true,"jetpack_featured_media_url":"","jetpack_shortlink":"https:\/\/wp.me\/p7wKYW-4LI","jetpack-related-posts":[],"_links":{"self":[{"href":"http:\/\/blogdalucianaoliveira.com.br\/blog\/wp-json\/wp\/v2\/posts\/18334","targetHints":{"allow":["GET"]}}],"collection":[{"href":"http:\/\/blogdalucianaoliveira.com.br\/blog\/wp-json\/wp\/v2\/posts"}],"about":[{"href":"http:\/\/blogdalucianaoliveira.com.br\/blog\/wp-json\/wp\/v2\/types\/post"}],"author":[{"embeddable":true,"href":"http:\/\/blogdalucianaoliveira.com.br\/blog\/wp-json\/wp\/v2\/users\/1"}],"replies":[{"embeddable":true,"href":"http:\/\/blogdalucianaoliveira.com.br\/blog\/wp-json\/wp\/v2\/comments?post=18334"}],"version-history":[{"count":4,"href":"http:\/\/blogdalucianaoliveira.com.br\/blog\/wp-json\/wp\/v2\/posts\/18334\/revisions"}],"predecessor-version":[{"id":18340,"href":"http:\/\/blogdalucianaoliveira.com.br\/blog\/wp-json\/wp\/v2\/posts\/18334\/revisions\/18340"}],"wp:attachment":[{"href":"http:\/\/blogdalucianaoliveira.com.br\/blog\/wp-json\/wp\/v2\/media?parent=18334"}],"wp:term":[{"taxonomy":"category","embeddable":true,"href":"http:\/\/blogdalucianaoliveira.com.br\/blog\/wp-json\/wp\/v2\/categories?post=18334"},{"taxonomy":"post_tag","embeddable":true,"href":"http:\/\/blogdalucianaoliveira.com.br\/blog\/wp-json\/wp\/v2\/tags?post=18334"}],"curies":[{"name":"wp","href":"https:\/\/api.w.org\/{rel}","templated":true}]}}