{"id":18380,"date":"2018-06-11T09:52:11","date_gmt":"2018-06-11T13:52:11","guid":{"rendered":"http:\/\/blogdalucianaoliveira.com.br\/blog\/?p=18380"},"modified":"2018-06-11T09:52:11","modified_gmt":"2018-06-11T13:52:11","slug":"os-progressistas-devem-torcer-pelo-brasil-na-copa-do-mundo","status":"publish","type":"post","link":"http:\/\/blogdalucianaoliveira.com.br\/blog\/2018\/06\/11\/os-progressistas-devem-torcer-pelo-brasil-na-copa-do-mundo\/","title":{"rendered":"Os progressistas devem torcer pelo Brasil na Copa do Mundo?"},"content":{"rendered":"<p><img data-recalc-dims=\"1\" loading=\"lazy\" decoding=\"async\" data-attachment-id=\"18381\" data-permalink=\"http:\/\/blogdalucianaoliveira.com.br\/blog\/2018\/06\/11\/os-progressistas-devem-torcer-pelo-brasil-na-copa-do-mundo\/tor\/\" data-orig-file=\"https:\/\/i0.wp.com\/blogdalucianaoliveira.com.br\/blog\/wp-content\/uploads\/2018\/06\/tor.jpg?fit=600%2C400\" data-orig-size=\"600,400\" data-comments-opened=\"0\" data-image-meta=\"{&quot;aperture&quot;:&quot;0&quot;,&quot;credit&quot;:&quot;&quot;,&quot;camera&quot;:&quot;&quot;,&quot;caption&quot;:&quot;&quot;,&quot;created_timestamp&quot;:&quot;0&quot;,&quot;copyright&quot;:&quot;&quot;,&quot;focal_length&quot;:&quot;0&quot;,&quot;iso&quot;:&quot;0&quot;,&quot;shutter_speed&quot;:&quot;0&quot;,&quot;title&quot;:&quot;&quot;,&quot;orientation&quot;:&quot;0&quot;}\" data-image-title=\"tor\" data-image-description=\"\" data-image-caption=\"\" data-medium-file=\"https:\/\/i0.wp.com\/blogdalucianaoliveira.com.br\/blog\/wp-content\/uploads\/2018\/06\/tor.jpg?fit=300%2C200\" data-large-file=\"https:\/\/i0.wp.com\/blogdalucianaoliveira.com.br\/blog\/wp-content\/uploads\/2018\/06\/tor.jpg?fit=600%2C400\" src=\"https:\/\/i0.wp.com\/blogdalucianaoliveira.com.br\/blog\/wp-content\/uploads\/2018\/06\/tor.jpg?resize=600%2C400\" alt=\"tor\" width=\"600\" height=\"400\" class=\"alignnone size-full wp-image-18381\" srcset=\"https:\/\/i0.wp.com\/blogdalucianaoliveira.com.br\/blog\/wp-content\/uploads\/2018\/06\/tor.jpg?w=600 600w, https:\/\/i0.wp.com\/blogdalucianaoliveira.com.br\/blog\/wp-content\/uploads\/2018\/06\/tor.jpg?resize=300%2C200 300w, https:\/\/i0.wp.com\/blogdalucianaoliveira.com.br\/blog\/wp-content\/uploads\/2018\/06\/tor.jpg?resize=450%2C300 450w\" sizes=\"auto, (max-width: 600px) 100vw, 600px\" \/><\/p>\n<p>Coisa antiga, essa de torcer ou n\u00e3o pelo Brasil na Copa. Que diferen\u00e7a pol\u00edtica isso faz? Nenhuma.<br \/>\nQuem quiser, tor\u00e7a, quem n\u00e3o, n\u00e3o.<!--more--><\/p>\n<p>Do Facebook de Renato Janine Ribeiro<\/p>\n<p>Lembro Paulo: \u201cO que come n\u00e3o julgue o que n\u00e3o come; e o que nao come, n\u00e3o julgue o que come\u201d, no momento crucial em que faz passar o cristianismo de uma heresia dentro do juda\u00edsmo a projeto de uma religi\u00e3o universal.<br \/>\nCom isso, Paulo (o ap\u00f3stolo, o santo) distingue entre as coisas essenciais para a salva\u00e7ao e aquelas que n\u00e3o o s\u00e3o, abrindo um espa\u00e7o gigantesco para a autonomia do indiv\u00edduo: aquelas coisas que s\u00e3o indiferentes para salvar a alma.<br \/>\nTraduzindo na pol\u00eamica que se deu entre os que odiavam a ditadura em 1970: torcer era quest\u00e3o de foro \u00edntimo, indiferente para derrubar ou manter a ditadura.<br \/>\nTraduzindo na micro pol\u00eamica de hoje: torcer \u00e9 indiferente para manter ou terminar o golpe.<br \/>\nO erro, o crime enorme dos chamados totalitarsmos \u2013 que t\u00eam seu modelo na Inquisi\u00e7\u00e3o \u2013 \u00e9 tornar significantes todas as a\u00e7\u00f5es, m\u00ednimas que sejam, do indiv\u00edduo: nada \u00e9 indiferente, tudo significa \u2013 positiva ou negativamente \u2013 para a salva\u00e7\u00e3o da alma ou a salva\u00e7\u00e3o do mundo.<br \/>\n(\u00d3bvio que nao estou chamando de totalit\u00e1rio o mini debate sobre torcer ou nao na Copa, s\u00f3 estou dizendo que \u00e9 d\u00e9plac\u00e9, fora do lugar).<br \/>\nPorque essa postura torna imposs\u00edvel a compreens\u00e3o do mundo atual, quanto mais viver nele.<\/p>\n","protected":false},"excerpt":{"rendered":"<p>Coisa antiga, essa de torcer ou n\u00e3o pelo Brasil na Copa. Que diferen\u00e7a pol\u00edtica isso faz? Nenhuma. Quem quiser, tor\u00e7a, quem n\u00e3o, n\u00e3o.<\/p>\n","protected":false},"author":1,"featured_media":0,"comment_status":"closed","ping_status":"open","sticky":false,"template":"","format":"standard","meta":{"_exactmetrics_skip_tracking":false,"_exactmetrics_sitenote_active":false,"_exactmetrics_sitenote_note":"","_exactmetrics_sitenote_category":0,"jetpack_post_was_ever_published":false,"_jetpack_newsletter_access":"","_jetpack_dont_email_post_to_subs":false,"_jetpack_newsletter_tier_id":0,"_jetpack_memberships_contains_paywalled_content":false,"_jetpack_memberships_contains_paid_content":false,"footnotes":"","jetpack_publicize_message":"","jetpack_publicize_feature_enabled":true,"jetpack_social_post_already_shared":true,"jetpack_social_options":{"image_generator_settings":{"template":"highway","enabled":false},"version":2}},"categories":[1],"tags":[],"class_list":["post-18380","post","type-post","status-publish","format-standard","hentry","category-notas"],"jetpack_publicize_connections":[],"jetpack_sharing_enabled":true,"jetpack_featured_media_url":"","jetpack_shortlink":"https:\/\/wp.me\/p7wKYW-4Ms","jetpack-related-posts":[],"_links":{"self":[{"href":"http:\/\/blogdalucianaoliveira.com.br\/blog\/wp-json\/wp\/v2\/posts\/18380","targetHints":{"allow":["GET"]}}],"collection":[{"href":"http:\/\/blogdalucianaoliveira.com.br\/blog\/wp-json\/wp\/v2\/posts"}],"about":[{"href":"http:\/\/blogdalucianaoliveira.com.br\/blog\/wp-json\/wp\/v2\/types\/post"}],"author":[{"embeddable":true,"href":"http:\/\/blogdalucianaoliveira.com.br\/blog\/wp-json\/wp\/v2\/users\/1"}],"replies":[{"embeddable":true,"href":"http:\/\/blogdalucianaoliveira.com.br\/blog\/wp-json\/wp\/v2\/comments?post=18380"}],"version-history":[{"count":1,"href":"http:\/\/blogdalucianaoliveira.com.br\/blog\/wp-json\/wp\/v2\/posts\/18380\/revisions"}],"predecessor-version":[{"id":18382,"href":"http:\/\/blogdalucianaoliveira.com.br\/blog\/wp-json\/wp\/v2\/posts\/18380\/revisions\/18382"}],"wp:attachment":[{"href":"http:\/\/blogdalucianaoliveira.com.br\/blog\/wp-json\/wp\/v2\/media?parent=18380"}],"wp:term":[{"taxonomy":"category","embeddable":true,"href":"http:\/\/blogdalucianaoliveira.com.br\/blog\/wp-json\/wp\/v2\/categories?post=18380"},{"taxonomy":"post_tag","embeddable":true,"href":"http:\/\/blogdalucianaoliveira.com.br\/blog\/wp-json\/wp\/v2\/tags?post=18380"}],"curies":[{"name":"wp","href":"https:\/\/api.w.org\/{rel}","templated":true}]}}