{"id":18387,"date":"2018-06-11T12:24:47","date_gmt":"2018-06-11T16:24:47","guid":{"rendered":"http:\/\/blogdalucianaoliveira.com.br\/blog\/?p=18387"},"modified":"2018-06-11T12:24:47","modified_gmt":"2018-06-11T16:24:47","slug":"urgente-justica-mantem-suspensa-privatizacao-da-eletrobras","status":"publish","type":"post","link":"http:\/\/blogdalucianaoliveira.com.br\/blog\/2018\/06\/11\/urgente-justica-mantem-suspensa-privatizacao-da-eletrobras\/","title":{"rendered":"Urgente: Justi\u00e7a mant\u00e9m suspensa privatiza\u00e7\u00e3o da Eletrobras"},"content":{"rendered":"<p><img data-recalc-dims=\"1\" loading=\"lazy\" decoding=\"async\" data-attachment-id=\"13686\" data-permalink=\"http:\/\/blogdalucianaoliveira.com.br\/blog\/2017\/09\/15\/privatizacao-da-eletrobras-ira-gerar-novo-apagao-dizem-entidades\/priva\/\" data-orig-file=\"https:\/\/i0.wp.com\/blogdalucianaoliveira.com.br\/blog\/wp-content\/uploads\/2017\/09\/priva.jpg?fit=640%2C428\" data-orig-size=\"640,428\" data-comments-opened=\"0\" data-image-meta=\"{&quot;aperture&quot;:&quot;0&quot;,&quot;credit&quot;:&quot;&quot;,&quot;camera&quot;:&quot;&quot;,&quot;caption&quot;:&quot;&quot;,&quot;created_timestamp&quot;:&quot;0&quot;,&quot;copyright&quot;:&quot;&quot;,&quot;focal_length&quot;:&quot;0&quot;,&quot;iso&quot;:&quot;0&quot;,&quot;shutter_speed&quot;:&quot;0&quot;,&quot;title&quot;:&quot;&quot;,&quot;orientation&quot;:&quot;0&quot;}\" data-image-title=\"priva\" data-image-description=\"\" data-image-caption=\"\" data-medium-file=\"https:\/\/i0.wp.com\/blogdalucianaoliveira.com.br\/blog\/wp-content\/uploads\/2017\/09\/priva.jpg?fit=300%2C201\" data-large-file=\"https:\/\/i0.wp.com\/blogdalucianaoliveira.com.br\/blog\/wp-content\/uploads\/2017\/09\/priva.jpg?fit=600%2C401\" class=\"alignnone size-full wp-image-13686\" src=\"https:\/\/i0.wp.com\/blogdalucianaoliveira.com.br\/blog\/wp-content\/uploads\/2017\/09\/priva.jpg?resize=600%2C401\" alt=\"priva\" width=\"600\" height=\"401\" srcset=\"https:\/\/i0.wp.com\/blogdalucianaoliveira.com.br\/blog\/wp-content\/uploads\/2017\/09\/priva.jpg?w=640 640w, https:\/\/i0.wp.com\/blogdalucianaoliveira.com.br\/blog\/wp-content\/uploads\/2017\/09\/priva.jpg?resize=300%2C201 300w, https:\/\/i0.wp.com\/blogdalucianaoliveira.com.br\/blog\/wp-content\/uploads\/2017\/09\/priva.jpg?resize=449%2C300 449w\" sizes=\"auto, (max-width: 600px) 100vw, 600px\" \/><\/p>\n<p>&nbsp;<\/p>\n<div class=\"text\">\n<p>Na Revista F\u00f3rum &#8211; De acordo com nota conjunta dos sindicatos dos trabalhadores das empresas de distribui\u00e7\u00e3o de energia el\u00e9trica STIU-AM, STIU-AC, SINTEPI, SINDUR-RO e STIU-AL, desta segunda-feira (11), a desembargadora Giselle Bondim Lopes Ribeiro, do Tribunal Regional do Trabalho do Rio de Janeiro (TRT 1a. Regi\u00e3o), manteve a validade da decis\u00e3o liminar que suspendeu por 90 dias o processo de privatiza\u00e7\u00e3o das distribuidoras da Eletrobras no Norte e Nordeste.<!--more--><\/p>\n<p>Para Felipe Gomes da Silva Vasconcellos, da Advocacia Garcez, que representa os sindicatos, \u201cessa \u00e9 uma vit\u00f3ria dos trabalhadores. Os dois \u00f3rg\u00e3os naturais para o conhecimento da liminar requerida pelos sindicatos acolheram nossa tese, de que a privatiza\u00e7\u00e3o n\u00e3o \u00e9 tema exclusivo de direito societ\u00e1rio ou de pol\u00edtica econ\u00f4mica, mas que os direitos sociais e humanos devem ser respeitados nesse processo.<\/p>\n<p>Leia abaixo a nota completa:<\/p>\n<p><strong>Justi\u00e7a nega mandado de seguran\u00e7a contra liminar e suspens\u00e3o da privatiza\u00e7\u00e3o da Eletrobras continua<\/strong><\/p>\n<div class=\"code-block code-block-6 ai-viewport-1\">\u00a0A desembargadora Giselle Bondim Lopes Ribeiro, do Tribunal Regional do Trabalho do Rio de Janeiro (TRT 1a. Regi\u00e3o), manteve a validade da decis\u00e3o liminar que suspendeu por 90 dias o processo de privatiza\u00e7\u00e3o das distribuidoras da Eletrobras no Norte e Nordeste. A magistrada indeferiu, nesta segunda feira, mandado de seguran\u00e7a interposto pela Advocacia-Geral da Uni\u00e3o (AGU), que tentava derrubar a decis\u00e3o.<\/div>\n<p>A liminar, que estabeleceu prazo de 90 dias para que o governo para que apresente um estudo de impacto sobre os contratos de trabalho dos funcion\u00e1rios, foi concedida em A\u00e7\u00e3o C\u00edvel P\u00fablica trabalhista, proposta pelos sindicatos dos trabalhadores das empresas de distribui\u00e7\u00e3o de energia el\u00e9trica STIU-AM, STIU-AC, SINTEPI, SINDUR-RO e STIU-AL. As entidades sindicais s\u00e3o representadas pela Advocacia Garcez. Foi a primeira vez que a Justi\u00e7a reconheceu que um processo de privatiza\u00e7\u00e3o deve levar em conta os impactos no \u00e2mbito dos direitos dos trabalhadores e n\u00e3o apenas as quest\u00f5es do direito societ\u00e1rio ou da transfer\u00eancia de capitais.<\/p>\n<div class=\"code-block code-block-7 ai-viewport-1\">Sobre a decis\u00e3o de hoje, Felipe Gomes da Silva Vasconcellos, da Advocacia Garcez, diz que \u201cessa \u00e9 uma vit\u00f3ria dos trabalhadores. Os dois \u00f3rg\u00e3os naturais para o conhecimento da liminar requerida pelos sindicatos acolheram nossa tese, de que a privatiza\u00e7\u00e3o n\u00e3o \u00e9 tema exclusivo de direito societ\u00e1rio ou de pol\u00edtica econ\u00f4mica, mas que os direitos sociais e humanos devem ser respeitados nesse processo. Esperamos que o Presidente do TRT n\u00e3o ignore simplesmente as duas decis\u00f5es, da ju\u00edza e da desembargadora, sem ouvir os trabalhadores, e venha eventualmente a suspender de forma arbitr\u00e1ria a liminar conferida e mantida pelo Tribunal\u201d.<\/div>\n<p>Segundo Maximiliano Nagl Garcez, que tamb\u00e9m representa os sindicatos, a manuten\u00e7\u00e3o da liminar pela desembargadora Giselle Bondim \u201cdemonstra que a decis\u00e3o inovadora e paradigm\u00e1tica da 1a. inst\u00e2ncia est\u00e1 em plena conformidade com a Constitui\u00e7\u00e3o Federal e com as normas internacionais das quais o Brasil \u00e9 signat\u00e1rio\u201d. Al\u00e9m disso, \u201cserve de exemplo da enorme capacidade do movimento sindical brasileiro de resistir aos desmandos do governo golpistas nas ruas e tamb\u00e9m nos tribunais\u201d, conclui.<\/p>\n<div class=\"code-block code-block-8 ai-viewport-1\"><\/div>\n<div class=\"text-center center-block\"><\/div>\n<\/div>\n<div><\/div>\n","protected":false},"excerpt":{"rendered":"<p>&nbsp; Na Revista F\u00f3rum &#8211; De acordo com nota conjunta dos sindicatos dos trabalhadores das empresas de distribui\u00e7\u00e3o de energia el\u00e9trica STIU-AM, STIU-AC, SINTEPI, SINDUR-RO e STIU-AL, desta segunda-feira (11), a desembargadora Giselle Bondim Lopes Ribeiro, do Tribunal Regional do Trabalho do Rio de Janeiro (TRT 1a. Regi\u00e3o), manteve a validade da decis\u00e3o liminar que&#8230;<a class=\"more-link\" href=\"http:\/\/blogdalucianaoliveira.com.br\/blog\/2018\/06\/11\/urgente-justica-mantem-suspensa-privatizacao-da-eletrobras\/\">Continue a leitura <span class=\"meta-nav\">&raquo;<\/span><\/a><\/p>\n","protected":false},"author":1,"featured_media":0,"comment_status":"closed","ping_status":"open","sticky":false,"template":"","format":"standard","meta":{"_exactmetrics_skip_tracking":false,"_exactmetrics_sitenote_active":false,"_exactmetrics_sitenote_note":"","_exactmetrics_sitenote_category":0,"jetpack_post_was_ever_published":false,"_jetpack_newsletter_access":"","_jetpack_dont_email_post_to_subs":false,"_jetpack_newsletter_tier_id":0,"_jetpack_memberships_contains_paywalled_content":false,"_jetpack_memberships_contains_paid_content":false,"footnotes":"","jetpack_publicize_message":"","jetpack_publicize_feature_enabled":true,"jetpack_social_post_already_shared":true,"jetpack_social_options":{"image_generator_settings":{"template":"highway","enabled":false},"version":2}},"categories":[1],"tags":[],"class_list":["post-18387","post","type-post","status-publish","format-standard","hentry","category-notas"],"jetpack_publicize_connections":[],"jetpack_sharing_enabled":true,"jetpack_featured_media_url":"","jetpack_shortlink":"https:\/\/wp.me\/p7wKYW-4Mz","jetpack-related-posts":[],"_links":{"self":[{"href":"http:\/\/blogdalucianaoliveira.com.br\/blog\/wp-json\/wp\/v2\/posts\/18387","targetHints":{"allow":["GET"]}}],"collection":[{"href":"http:\/\/blogdalucianaoliveira.com.br\/blog\/wp-json\/wp\/v2\/posts"}],"about":[{"href":"http:\/\/blogdalucianaoliveira.com.br\/blog\/wp-json\/wp\/v2\/types\/post"}],"author":[{"embeddable":true,"href":"http:\/\/blogdalucianaoliveira.com.br\/blog\/wp-json\/wp\/v2\/users\/1"}],"replies":[{"embeddable":true,"href":"http:\/\/blogdalucianaoliveira.com.br\/blog\/wp-json\/wp\/v2\/comments?post=18387"}],"version-history":[{"count":1,"href":"http:\/\/blogdalucianaoliveira.com.br\/blog\/wp-json\/wp\/v2\/posts\/18387\/revisions"}],"predecessor-version":[{"id":18388,"href":"http:\/\/blogdalucianaoliveira.com.br\/blog\/wp-json\/wp\/v2\/posts\/18387\/revisions\/18388"}],"wp:attachment":[{"href":"http:\/\/blogdalucianaoliveira.com.br\/blog\/wp-json\/wp\/v2\/media?parent=18387"}],"wp:term":[{"taxonomy":"category","embeddable":true,"href":"http:\/\/blogdalucianaoliveira.com.br\/blog\/wp-json\/wp\/v2\/categories?post=18387"},{"taxonomy":"post_tag","embeddable":true,"href":"http:\/\/blogdalucianaoliveira.com.br\/blog\/wp-json\/wp\/v2\/tags?post=18387"}],"curies":[{"name":"wp","href":"https:\/\/api.w.org\/{rel}","templated":true}]}}