{"id":18389,"date":"2018-06-11T18:35:47","date_gmt":"2018-06-11T22:35:47","guid":{"rendered":"http:\/\/blogdalucianaoliveira.com.br\/blog\/?p=18389"},"modified":"2018-06-11T18:49:10","modified_gmt":"2018-06-11T22:49:10","slug":"rondonia-esqueceu-moises-rodrigues-com-apoio-das-autoridades-e-instituicoes-e-xxiii-semacom-debate-eleicoes-em-tempos-de-fake-news","status":"publish","type":"post","link":"http:\/\/blogdalucianaoliveira.com.br\/blog\/2018\/06\/11\/rondonia-esqueceu-moises-rodrigues-com-apoio-das-autoridades-e-instituicoes-e-xxiii-semacom-debate-eleicoes-em-tempos-de-fake-news\/","title":{"rendered":"Rond\u00f4nia esqueceu Mois\u00e9s Rodrigues \u2013 com apoio das autoridades e institui\u00e7\u00f5es; e XXIII Semacom debate elei\u00e7\u00f5es em tempos de fake news"},"content":{"rendered":"<p><strong>POR VINICIUS CANOVA, EM &#8220;O ESPECTADOR&#8221;<\/strong><\/p>\n<p>Veja tamb\u00e9m: Fabr\u00edcio Jurado (Novo) quer chance no Senado Federal e a ALE\/RO pode atravancar renegocia\u00e7\u00e3o da d\u00edvida astron\u00f4mica do Beron. <!--more--><\/p>\n<p><strong><span style=\"font-size: 18px;\"><span style=\"font-family: Georgia,serif;\">Esquecemos Mois\u00e9s<\/span><\/span><\/strong><\/p>\n<p><span style=\"font-size: 18px;\"><span style=\"font-family: Georgia,serif;\">No final do ano passado escrevi o que seria, at\u00e9 agora, meu \u00faltimo artigo sobre a via-sacra vivenciada por mais de cinco anos pela fam\u00edlia de Mois\u00e9s Rodrigues Lima, servidor da Secretaria de Estado da Educa\u00e7\u00e3o (Seduc\/RO) assassinado e desovado no Rio Madeira em janeiro de 2013. Imaginei que, com o retorno do caso \u00e0s m\u00e3os dos profissionais da Delegacia de Homic\u00eddios, a coisa andaria. Mas n\u00e3o andou. Emperrou completamente.<\/span><\/span><\/p>\n<p><strong><span style=\"font-size: 18px;\"><span style=\"font-family: Georgia,serif;\">\u00c9 aquela coisa&#8230;<\/span><\/span><\/strong><\/p>\n<p><span style=\"font-size: 18px;\"><span style=\"font-family: Georgia,serif;\">Quando a opini\u00e3o p\u00fablica est\u00e1 atenta a pautas sanguinolentas e intrigantes fervilhando via imprensa, autoridades e institui\u00e7\u00f5es tratam os filhos da dona Maria e do seu Z\u00e9 da Esquina como se fossem os pr\u00f3prios rebentos do governador vigente. Assim que o tes\u00e3o de mijo termina e o assunto volta a ser o futebol ou mesmo a novela das oito, essa gente regressa ao estado de normalidade recolhendo-se \u00e0 insignific\u00e2ncia<\/span><\/span><span style=\"font-size: 18px;\"><span style=\"font-family: Georgia,serif;\"> que o pr\u00f3prio Estado marca em suas testas em qualquer ano que n\u00e3o seja de elei\u00e7\u00e3o.<\/span><\/span><\/p>\n<p><img data-recalc-dims=\"1\" decoding=\"async\" class=\"entry-thumb\" src=\"https:\/\/i0.wp.com\/rondoniadinamica.com\/uploads\/rondoniadinamica-rvg9x2xftht0r7h.jpg?w=600\" alt=\"Resultado de imagem para Mois\u00c3\u00a9s Rodrigues Lima rondoniadinamica\" \/><\/p>\n<p><strong><span style=\"font-size: 18px;\"><span style=\"font-family: Georgia,serif;\">Derrota<\/span><\/span><\/strong><\/p>\n<p><span style=\"font-size: 18px;\"><span style=\"font-family: Georgia,serif;\">Ap\u00f3s meia d\u00e9cada de um assassinato sem solu\u00e7\u00e3o, as for\u00e7as de Seguran\u00e7a P\u00fablica deixam claro de forma t\u00e1cita \u2013 \u00e0 base da omiss\u00e3o e de muito empurrar com a barriga \u2013 que os irm\u00e3os Fl\u00e1vio Rodrigues e Marilza Lima, al\u00e9m da m\u00e3e Ambrosina dos Reis, n\u00e3o dar\u00e3o adeus digno a Mois\u00e9s, impossibilitando-os de honrar tanto a sua mem\u00f3ria quanto hist\u00f3rico de vida. Podemos decretar, ent\u00e3o: fomos todos derrotados.<\/span><\/span><\/p>\n<p><strong><span style=\"font-size: 18px;\"><span style=\"font-family: Georgia,serif;\">Cadeia do fracasso<\/span><\/span><\/strong><\/p>\n<p><span style=\"font-size: 18px;\"><span style=\"font-family: Georgia,serif;\">\u00c9 uma cadeia de fracasso iniciada pelo governo Conf\u00facio Moura (MDB), perpassada pelas investiga\u00e7\u00f5es mal feitas, absorvida pelo Judici\u00e1rio, aceita pelo novo chefe do Executivo Daniel Pereira (PSB) e, por fim, esquecida pelo povo. Seria mais digno e humano reconhecer o fiasco em vez de fingir que n\u00e3o h\u00e1 nada a dizer a respeito.<\/span><\/span><\/p>\n<p><strong><span style=\"font-size: 18px;\"><span style=\"font-family: Georgia,serif;\">XXIII Semacom debate fake news<\/span><\/span><\/strong><\/p>\n<p><span style=\"font-size: 18px;\"><span style=\"font-family: Georgia,serif;\">Fui convidado pela Ag\u00eancia UCOM a participar do rol de atividades durante a XXIII Semacom \u2013 cujo tema ser\u00e1 \u201cTecnologias e Pol\u00edtica: Entre Bolhas Midi\u00e1ticas e Fake News\u201d. Farei parte da mesa redonda de discuss\u00f5es junto com\u00a0Luciana Oliveira, jornalista e ativista social; Rita Clara Vieira, historiadora e Lia Maria Ara\u00fajo Lopes, diretora-geral do Tribunal Regional Eleitoral (TRE-RO) e professora de Direito Penal. Posso at\u00e9 me enganar, mas acho que\u00a0Vinicius Miguel, mestre universit\u00e1rio especialista em Direitos Humanos, tamb\u00e9m estar\u00e1 por l\u00e1. As informa\u00e7\u00f5es est\u00e3o na arte abaixo.<\/span><\/span><\/p>\n<p><img data-recalc-dims=\"1\" decoding=\"async\" class=\"entry-thumb\" src=\"https:\/\/i0.wp.com\/www.rondoniadinamica.com\/uploads\/09999.jpg?w=600\" alt=\"\" \/><\/p>\n<p><strong><span style=\"font-size: 18px;\"><span style=\"font-family: Georgia,serif;\"><a href=\"https:\/\/www.facebook.com\/events\/256127848281163\/?ti=icl\" target=\"_blank\"><span style=\"color: #0000cd;\"><u>CLIQUE AQUI<\/u><\/span><\/a> E SAIBA MAIS SOBRE O EVENTO<\/span><\/span><\/strong><\/p>\n<p><strong><span style=\"font-size: 18px;\"><span style=\"font-family: Georgia,serif;\">Fabr\u00edcio Jurado e o Novo<\/span><\/span><\/strong><\/p>\n<p><span style=\"font-size: 18px;\"><span style=\"font-family: Georgia,serif;\">No \u00faltimo s\u00e1bado, o <strong>Rond\u00f4nia Din\u00e2mica<\/strong> escreveu editorial sobre a disputa eleitoral ao Senado Federal. De forma n\u00e3o intencional, o jornal deixou de fora o nome do advogado Fabr\u00edcio Jurado, do Novo. O cara est\u00e1 se movimento r\u00e1pido por todo o Estado e utilizando principalmente as redes sociais para se comunicar com potenciais eleitores. \u00c9 novato em disputas a cargos eletivos, mas j\u00e1 surge com sangue nos olhos a fim de brigar em p\u00e9 de igualdade com caciques e outros nomes bem referendados j\u00e1 expostos no cen\u00e1rio.<\/span><\/span><\/p>\n<p><strong><span style=\"font-size: 18px;\"><span style=\"font-family: Georgia,serif;\">CONFIRA<br \/>\n<a href=\"http:\/\/www.rondoniadinamica.com\/arquivo\/editorial-fatima-cleide-e-marcos-rogerio-mexem-com-o-tabuleiro-do-senado-federal-em-rondonia,26389.shtml\" target=\"_blank\"><span style=\"color: #0000cd;\"><u>Editorial \u2013 F\u00e1tima Cleide e Marcos Rog\u00e9rio mexem com o tabuleiro do Senado Federal em Rond\u00f4nia<\/u><\/span><\/a><\/span><\/span><\/strong><\/p>\n<p><strong><span style=\"font-size: 18px;\"><span style=\"font-family: Georgia,serif;\">A maldi\u00e7\u00e3o da d\u00edvida do Beron<\/span><\/span><\/strong><\/p>\n<p><span style=\"font-size: 18px;\"><span style=\"font-family: Georgia,serif;\">N\u00e3o tem jeito. Parece que a sina do deputado Herm\u00ednio Coelho (PCdoB) \u00e9 jogar \u00e1gua no chope do ex-governador Conf\u00facio Moura (MDB), mesmo ap\u00f3s a ren\u00fancia. Herm\u00ednio juntou-se novamente a Jesu\u00edno Boabaid (PMN) e instituiu nova Comiss\u00e3o Especial Tempor\u00e1ria no intuito de acabar com a renegocia\u00e7\u00e3o escandalosa da d\u00edvida do Beron deixada pelo emedebista. Pela tratativa de Conf\u00facio, o rondoniense \u2013 que j\u00e1 pagou mais de R$ 2 bilh\u00f5es dessa aberra\u00e7\u00e3o \u2013 \u00a0dever\u00e1 pagar pelo menos mais R$ 8 bilh\u00f5es at\u00e9 2048. A\u00ed n\u00e3o d\u00e1! <\/span><\/span><\/p>\n<p><strong><span style=\"font-size: 18px;\"><span style=\"font-family: Georgia,serif;\">Repeti\u00e7\u00e3o<\/span><\/span><\/strong><\/p>\n<p><span style=\"font-size: 18px;\"><span style=\"font-family: Georgia,serif;\">Se repetirem o sucesso que tiveram trabalhando juntos na comiss\u00e3o que trouxe de volta mais de R$ 275 milh\u00f5es aos cofres p\u00fablicos de Rond\u00f4nia ap\u00f3s\u00a0fiscaliza\u00e7\u00e3o realizada em cima da JBS\/Friboi, Herm\u00ednio, \u00a0Jesu\u00edno e demais parlamentares envolvidos ir\u00e3o tirar mais um peso desnecess\u00e1rio das costas da popula\u00e7\u00e3o suficientemente sufocada com impostos e taxas. Essa d\u00edvida, definitivamente, n\u00e3o \u00e9 nossa!<\/span><\/span><\/p>\n<p><span style=\"font-size: 18px;\"><span style=\"font-family: Georgia,serif;\"><strong>Contato<\/strong><\/span><\/span><\/p>\n<p><span style=\"font-size: 18px;\"><span style=\"font-family: Georgia,serif;\">Estamos \u00e0 disposi\u00e7\u00e3o atrav\u00e9s do e-mail\u00a0<strong>viniciuscanova89@gmail.com<\/strong>. Lembre-se:\u00a0<strong>\u201cO Espectador\u201d<\/strong>\u00a0\u00e9 veiculada originalmente no\u00a0<strong>Rond\u00f4nia Din\u00e2mica<\/strong>, mas a reprodu\u00e7\u00e3o est\u00e1 autorizada desde que citada a fonte.<\/span><\/span><\/p>\n","protected":false},"excerpt":{"rendered":"<p>POR VINICIUS CANOVA, EM &#8220;O ESPECTADOR&#8221; Veja tamb\u00e9m: Fabr\u00edcio Jurado (Novo) quer chance no Senado Federal e a ALE\/RO pode atravancar renegocia\u00e7\u00e3o da d\u00edvida astron\u00f4mica do Beron.<\/p>\n","protected":false},"author":1,"featured_media":0,"comment_status":"closed","ping_status":"open","sticky":false,"template":"","format":"standard","meta":{"_exactmetrics_skip_tracking":false,"_exactmetrics_sitenote_active":false,"_exactmetrics_sitenote_note":"","_exactmetrics_sitenote_category":0,"jetpack_post_was_ever_published":false,"_jetpack_newsletter_access":"","_jetpack_dont_email_post_to_subs":false,"_jetpack_newsletter_tier_id":0,"_jetpack_memberships_contains_paywalled_content":false,"_jetpack_memberships_contains_paid_content":false,"footnotes":"","jetpack_publicize_message":"","jetpack_publicize_feature_enabled":true,"jetpack_social_post_already_shared":true,"jetpack_social_options":{"image_generator_settings":{"template":"highway","enabled":false},"version":2}},"categories":[1],"tags":[],"class_list":["post-18389","post","type-post","status-publish","format-standard","hentry","category-notas"],"jetpack_publicize_connections":[],"jetpack_sharing_enabled":true,"jetpack_featured_media_url":"","jetpack_shortlink":"https:\/\/wp.me\/p7wKYW-4MB","jetpack-related-posts":[],"_links":{"self":[{"href":"http:\/\/blogdalucianaoliveira.com.br\/blog\/wp-json\/wp\/v2\/posts\/18389","targetHints":{"allow":["GET"]}}],"collection":[{"href":"http:\/\/blogdalucianaoliveira.com.br\/blog\/wp-json\/wp\/v2\/posts"}],"about":[{"href":"http:\/\/blogdalucianaoliveira.com.br\/blog\/wp-json\/wp\/v2\/types\/post"}],"author":[{"embeddable":true,"href":"http:\/\/blogdalucianaoliveira.com.br\/blog\/wp-json\/wp\/v2\/users\/1"}],"replies":[{"embeddable":true,"href":"http:\/\/blogdalucianaoliveira.com.br\/blog\/wp-json\/wp\/v2\/comments?post=18389"}],"version-history":[{"count":2,"href":"http:\/\/blogdalucianaoliveira.com.br\/blog\/wp-json\/wp\/v2\/posts\/18389\/revisions"}],"predecessor-version":[{"id":18392,"href":"http:\/\/blogdalucianaoliveira.com.br\/blog\/wp-json\/wp\/v2\/posts\/18389\/revisions\/18392"}],"wp:attachment":[{"href":"http:\/\/blogdalucianaoliveira.com.br\/blog\/wp-json\/wp\/v2\/media?parent=18389"}],"wp:term":[{"taxonomy":"category","embeddable":true,"href":"http:\/\/blogdalucianaoliveira.com.br\/blog\/wp-json\/wp\/v2\/categories?post=18389"},{"taxonomy":"post_tag","embeddable":true,"href":"http:\/\/blogdalucianaoliveira.com.br\/blog\/wp-json\/wp\/v2\/tags?post=18389"}],"curies":[{"name":"wp","href":"https:\/\/api.w.org\/{rel}","templated":true}]}}