{"id":18406,"date":"2018-06-13T16:39:54","date_gmt":"2018-06-13T20:39:54","guid":{"rendered":"http:\/\/blogdalucianaoliveira.com.br\/blog\/?p=18406"},"modified":"2018-06-13T16:39:54","modified_gmt":"2018-06-13T20:39:54","slug":"porto-velho-e-a-pior-capital-do-brasil-em-saneamento-basico-aponta-pesquisa-recente","status":"publish","type":"post","link":"http:\/\/blogdalucianaoliveira.com.br\/blog\/2018\/06\/13\/porto-velho-e-a-pior-capital-do-brasil-em-saneamento-basico-aponta-pesquisa-recente\/","title":{"rendered":"Porto Velho \u00e9 a pior capital do Brasil em saneamento b\u00e1sico, aponta pesquisa recente"},"content":{"rendered":"<p><em><img data-recalc-dims=\"1\" loading=\"lazy\" decoding=\"async\" data-attachment-id=\"18407\" data-permalink=\"http:\/\/blogdalucianaoliveira.com.br\/blog\/2018\/06\/13\/porto-velho-e-a-pior-capital-do-brasil-em-saneamento-basico-aponta-pesquisa-recente\/3c643015-3f76-4c63-8ead-48d5c1b364dd\/\" data-orig-file=\"https:\/\/i0.wp.com\/blogdalucianaoliveira.com.br\/blog\/wp-content\/uploads\/2018\/06\/3C643015-3F76-4C63-8EAD-48D5C1B364DD.png?fit=751%2C420\" data-orig-size=\"751,420\" data-comments-opened=\"0\" data-image-meta=\"{&quot;aperture&quot;:&quot;0&quot;,&quot;credit&quot;:&quot;&quot;,&quot;camera&quot;:&quot;&quot;,&quot;caption&quot;:&quot;&quot;,&quot;created_timestamp&quot;:&quot;0&quot;,&quot;copyright&quot;:&quot;&quot;,&quot;focal_length&quot;:&quot;0&quot;,&quot;iso&quot;:&quot;0&quot;,&quot;shutter_speed&quot;:&quot;0&quot;,&quot;title&quot;:&quot;&quot;,&quot;orientation&quot;:&quot;0&quot;}\" data-image-title=\"3C643015-3F76-4C63-8EAD-48D5C1B364DD\" data-image-description=\"\" data-image-caption=\"\" data-medium-file=\"https:\/\/i0.wp.com\/blogdalucianaoliveira.com.br\/blog\/wp-content\/uploads\/2018\/06\/3C643015-3F76-4C63-8EAD-48D5C1B364DD.png?fit=300%2C168\" data-large-file=\"https:\/\/i0.wp.com\/blogdalucianaoliveira.com.br\/blog\/wp-content\/uploads\/2018\/06\/3C643015-3F76-4C63-8EAD-48D5C1B364DD.png?fit=600%2C336\" class=\"alignnone size-full wp-image-18407\" src=\"https:\/\/i0.wp.com\/blogdalucianaoliveira.com.br\/blog\/wp-content\/uploads\/2018\/06\/3C643015-3F76-4C63-8EAD-48D5C1B364DD.png?resize=600%2C336\" alt=\"3C643015-3F76-4C63-8EAD-48D5C1B364DD\" width=\"600\" height=\"336\" srcset=\"https:\/\/i0.wp.com\/blogdalucianaoliveira.com.br\/blog\/wp-content\/uploads\/2018\/06\/3C643015-3F76-4C63-8EAD-48D5C1B364DD.png?w=751 751w, https:\/\/i0.wp.com\/blogdalucianaoliveira.com.br\/blog\/wp-content\/uploads\/2018\/06\/3C643015-3F76-4C63-8EAD-48D5C1B364DD.png?resize=300%2C168 300w, https:\/\/i0.wp.com\/blogdalucianaoliveira.com.br\/blog\/wp-content\/uploads\/2018\/06\/3C643015-3F76-4C63-8EAD-48D5C1B364DD.png?resize=536%2C300 536w\" sizes=\"auto, (max-width: 600px) 100vw, 600px\" \/><\/em><\/p>\n<div class=\"mc-column content-text active-extra-styles active-capital-letter\" data-block-type=\"unstyled\" data-block-weight=\"42\" data-block-id=\"2\">\n<p class=\"content-text__container theme-color-primary-first-letter\" data-track-category=\"Link no Texto\" data-track-links=\"\"><strong>No Mais RO &#8211; A<\/strong>penas 4 cidades do Brasil alcan\u00e7aram a universaliza\u00e7\u00e3o do acesso aos servi\u00e7os de abastecimento de \u00e1gua, coleta de esgoto, tratamento de esgoto e coleta de res\u00edduos s\u00f3lidos. \u00c9 o que aponta ranking divulgado pela Associa\u00e7\u00e3o Brasileira de Engenharia Sanit\u00e1ria e Ambiental (ABES).<\/p>\n<p><!--more--><\/p>\n<\/div>\n<div class=\"wall\">\n<div class=\"mc-column content-text active-extra-styles \" data-block-type=\"unstyled\" data-block-weight=\"28\" data-block-id=\"3\">\n<p class=\"content-text__container \" data-track-category=\"Link no Texto\" data-track-links=\"\">Segundo o Ranking 2018 da Universaliza\u00e7\u00e3o do Saneamento, de 1.894 cidades avaliadas, 1.613 ou 85% do total ainda est\u00e3o longe de oferecer saneamento b\u00e1sico para toda a popula\u00e7\u00e3o.<\/p>\n<\/div>\n<div class=\"mc-column content-text active-extra-styles \" data-block-type=\"unstyled\" data-block-weight=\"61\" data-block-id=\"4\">\n<p class=\"content-text__container \" data-track-category=\"Link no Texto\" data-track-links=\"\">Somente 80 cidades, cerca de 15%, atingiram a pontua\u00e7\u00e3o para serem classificados na categoria mais alta \u2013 Rumo \u00e0 universaliza\u00e7\u00e3o \u2013, e as \u00fanicas que receberam nota m\u00e1xima (500 pontos), por terem alcan\u00e7ado 100% da popula\u00e7\u00e3o em todos os servi\u00e7os de saneamento b\u00e1sico foram\u00a0<strong>S\u00e3o Caetano do Sul, Piracicaba, Santa F\u00e9 do Sul e Uchoa<\/strong>, todas no estado de S\u00e3o Paulo.<\/p>\n<\/div>\n<div class=\"mc-column content-text active-extra-styles \" data-block-type=\"unstyled\" data-block-weight=\"60\" data-block-id=\"5\">\n<p class=\"content-text__container \" data-track-category=\"Link no Texto\" data-track-links=\"\">Entre as capitais, a melhor avaliada foi Curitiba, a \u00fanica que atingiu pontua\u00e7\u00e3o suficiente para ser classificada ena categoria \u201crumo \u00e0 universaliza\u00e7\u00e3o\u201d (acima de 489 pontos). Na sequ\u00eancia, est\u00e3o Goi\u00e2nia, Belo Horizonte, S\u00e3o Paulo, Jo\u00e3o Pessoa, Salvador e Porto Alegre. <strong>A pior avaliada foi Porto Velho, a \u00fanica enquadrada no patamar mais baixo do ranking: \u201cprimeiros passos para a universaliza\u00e7\u00e3o\u201d.<\/strong><\/p>\n<\/div>\n<div class=\"mc-column content-text active-extra-styles \" data-block-type=\"unstyled\" data-block-weight=\"31\" data-block-id=\"6\">\n<p class=\"content-text__container \" data-track-category=\"Link no Texto\" data-track-links=\"\">No quesito abastecimento de \u00e1gua, Curitiba, Jo\u00e3o Pessoa, Porto Alegre e Florian\u00f3polis atendem 100% da popula\u00e7\u00e3o. Em tratamento de esgoto, Curitiba, Salvador, Macei\u00f3 e Bras\u00edlia alcan\u00e7aram a universaliza\u00e7\u00e3o. Veja quadro abaixo:<\/p>\n<\/div>\n<div class=\" content-media content-media--normal content-media--featured content-photo\" data-block-type=\"backstage-photo\" data-block-id=\"7\">\n<div class=\"content-media__container\">\n<div class=\"content-media__image-centered\">\n<div class=\"progressive-img can-open-lightbox\" data-min-size=\"1008x687\" data-min-size-url=\"https:\/\/s2.glbimg.com\/enUXV31IxSyf4ACUqlcIhmI4wzE=\/0x0:1400x955\/1008x0\/smart\/filters:strip_icc()\/i.s3.glbimg.com\/v1\/AUTH_59edd422c0c84a879bd37670ae4f538a\/internal_photos\/bs\/2018\/K\/1\/MmL70jS2Gbrn3tJMwlvA\/ranking.jpg\" data-max-size=\"1600x1091\" data-max-size-url=\"https:\/\/s2.glbimg.com\/KMAcLWZb0izbWMRZ0SUuHWmN2UU=\/0x0:1400x955\/1600x0\/smart\/filters:strip_icc()\/i.s3.glbimg.com\/v1\/AUTH_59edd422c0c84a879bd37670ae4f538a\/internal_photos\/bs\/2018\/K\/1\/MmL70jS2Gbrn3tJMwlvA\/ranking.jpg\" data-media-index=\"0\">\n<div class=\"placeholder-container\"><\/div>\n<div class=\"mc-article-body\">\n<article>\n<div class=\"wall\">\n<div class=\"mc-column content-text active-extra-styles \" data-block-type=\"unstyled\" data-block-weight=\"31\" data-block-id=\"6\">\n<p class=\"content-text__container \" data-track-category=\"Link no Texto\" data-track-links=\"\">Salvador, Macei\u00f3 e Bras\u00edlia alcan\u00e7aram a universaliza\u00e7\u00e3o. Veja quadro abaixo:<\/p>\n<\/div>\n<div class=\" content-media content-media--normal content-media--featured content-photo\" data-block-type=\"backstage-photo\" data-block-id=\"7\">\n<div class=\"content-media__container\">\n<div class=\"content-media__image-centered\">\n<div class=\"progressive-img can-open-lightbox\" data-min-size=\"1008x687\" data-min-size-url=\"https:\/\/s2.glbimg.com\/enUXV31IxSyf4ACUqlcIhmI4wzE=\/0x0:1400x955\/1008x0\/smart\/filters:strip_icc()\/i.s3.glbimg.com\/v1\/AUTH_59edd422c0c84a879bd37670ae4f538a\/internal_photos\/bs\/2018\/K\/1\/MmL70jS2Gbrn3tJMwlvA\/ranking.jpg\" data-max-size=\"1600x1091\" data-max-size-url=\"https:\/\/s2.glbimg.com\/KMAcLWZb0izbWMRZ0SUuHWmN2UU=\/0x0:1400x955\/1600x0\/smart\/filters:strip_icc()\/i.s3.glbimg.com\/v1\/AUTH_59edd422c0c84a879bd37670ae4f538a\/internal_photos\/bs\/2018\/K\/1\/MmL70jS2Gbrn3tJMwlvA\/ranking.jpg\" data-media-index=\"0\">\n<div class=\"placeholder-container\"><\/div>\n<p><img decoding=\"async\" class=\"progressive-draft td-animation-stack-type0-2\" title=\"Curitiba \u00e9 a capital melhor avaliada em ranking de saneamento b\u00e1sico (Foto: Divulga\u00e7\u00e3o)\" src=\"data:image\/jpeg;base64,\/9j\/4AAQSkZJRgABAQAAAQABAAD\/2wBDAAMCAgMCAgMDAwMEAwMEBQgFBQQEBQoHBwYIDAoMDAsKCwsNDhIQDQ4RDgsLEBYQERMUFRUVDA8XGBYUGBIUFRT\/2wBDAQMEBAUEBQkFBQkUDQsNFBQUFBQUFBQUFBQUFBQUFBQUFBQUFBQUFBQUFBQUFBQUFBQUFBQUFBQUFBQUFBQUFBT\/wgARCAARABkDASIAAhEBAxEB\/8QAGgAAAgIDAAAAAAAAAAAAAAAAAAQDBQEGCP\/EABcBAAMBAAAAAAAAAAAAAAAAAAECBQf\/2gAMAwEAAhADEAAAAb6OpjpZLcM66wH6QyErVh4FP\/\/EAB0QAAEEAwEBAAAAAAAAAAAAAAIAAQQSBREVEDL\/2gAIAQEAAQUCfMSrdeSny0nXXkogK1CTgWqEm+Pf\/8QAGxEAAQQDAAAAAAAAAAAAAAAAAgEEU5EAEBT\/2gAIAQMBAT8B6HUhWuC4cyFa7\/\/EABgRAQADAQAAAAAAAAAAAAAAAAEAFFEQ\/9oACAECAQE\/AbBhLBhHn\/\/EAB8QAAEDBAMBAAAAAAAAAAAAAAABA5ECMTI0ICJRJP\/aAAgBAQAGPwKr6Xb+my7JsuybLslXVb+GKwYrBiscf\/\/EACAQAAIBAwQDAAAAAAAAAAAAAAABUSGBsRARMUFhofH\/2gAIAQEAAT8hieCfa9CrVUsNGZWgqXh7QbrDKD7I4rYH1cfL0\/\/aAAwDAQACAAMAAAAQUmhf\/8QAGhEAAgMBAQAAAAAAAAAAAAAAAAERkfAxgf\/aAAgBAwEBPxByPd6QcVi1C4f\/xAAZEQADAAMAAAAAAAAAAAAAAAAAATER0fH\/2gAIAQIBAT8Q4KMmlFCh\/8QAIhAAAQMDAwUAAAAAAAAAAAAAAQARYSEx8FGxwRCRodHx\/9oACAEBAAE\/EBgNArUUvCDAkpIqZWqEMQvAgt4r4r0ide+aE30fdIU9+ULHuFlyV2F1tth0\/9k=\" alt=\"Curitiba \u00e9 a capital melhor avaliada em ranking de saneamento b\u00e1sico (Foto: Divulga\u00e7\u00e3o)\" \/><picture><source srcset=\"https:\/\/s2.glbimg.com\/enUXV31IxSyf4ACUqlcIhmI4wzE=\/0x0:1400x955\/1008x0\/smart\/filters:strip_icc()\/i.s3.glbimg.com\/v1\/AUTH_59edd422c0c84a879bd37670ae4f538a\/internal_photos\/bs\/2018\/K\/1\/MmL70jS2Gbrn3tJMwlvA\/ranking.jpg 1x, https:\/\/s2.glbimg.com\/eilQ9olw--TyRdSLtHmMXi1CeX0=\/0x0:1400x955\/2016x0\/smart\/filters:strip_icc()\/i.s3.glbimg.com\/v1\/AUTH_59edd422c0c84a879bd37670ae4f538a\/internal_photos\/bs\/2018\/K\/1\/MmL70jS2Gbrn3tJMwlvA\/ranking.jpg 2x\" media=\"(max-width: 1024px)\" data-src=\"https:\/\/s2.glbimg.com\/enUXV31IxSyf4ACUqlcIhmI4wzE=\/0x0:1400x955\/1008x0\/smart\/filters:strip_icc()\/i.s3.glbimg.com\/v1\/AUTH_59edd422c0c84a879bd37670ae4f538a\/internal_photos\/bs\/2018\/K\/1\/MmL70jS2Gbrn3tJMwlvA\/ranking.jpg 1x, https:\/\/s2.glbimg.com\/eilQ9olw--TyRdSLtHmMXi1CeX0=\/0x0:1400x955\/2016x0\/smart\/filters:strip_icc()\/i.s3.glbimg.com\/v1\/AUTH_59edd422c0c84a879bd37670ae4f538a\/internal_photos\/bs\/2018\/K\/1\/MmL70jS2Gbrn3tJMwlvA\/ranking.jpg 2x\" \/><source srcset=\"https:\/\/s2.glbimg.com\/GnVJrE3_-NMsbWk2OOs95sxWfN8=\/0x0:1400x955\/1262x0\/smart\/filters:strip_icc()\/i.s3.glbimg.com\/v1\/AUTH_59edd422c0c84a879bd37670ae4f538a\/internal_photos\/bs\/2018\/K\/1\/MmL70jS2Gbrn3tJMwlvA\/ranking.jpg 1x, https:\/\/s2.glbimg.com\/z7KMRR2QSVV4RsocEdJi3MB0QYM=\/0x0:1400x955\/2524x0\/smart\/filters:strip_icc()\/i.s3.glbimg.com\/v1\/AUTH_59edd422c0c84a879bd37670ae4f538a\/internal_photos\/bs\/2018\/K\/1\/MmL70jS2Gbrn3tJMwlvA\/ranking.jpg 2x\" media=\"(max-width: 1280px)\" data-src=\"https:\/\/s2.glbimg.com\/GnVJrE3_-NMsbWk2OOs95sxWfN8=\/0x0:1400x955\/1262x0\/smart\/filters:strip_icc()\/i.s3.glbimg.com\/v1\/AUTH_59edd422c0c84a879bd37670ae4f538a\/internal_photos\/bs\/2018\/K\/1\/MmL70jS2Gbrn3tJMwlvA\/ranking.jpg 1x, https:\/\/s2.glbimg.com\/z7KMRR2QSVV4RsocEdJi3MB0QYM=\/0x0:1400x955\/2524x0\/smart\/filters:strip_icc()\/i.s3.glbimg.com\/v1\/AUTH_59edd422c0c84a879bd37670ae4f538a\/internal_photos\/bs\/2018\/K\/1\/MmL70jS2Gbrn3tJMwlvA\/ranking.jpg 2x\" \/><source srcset=\"https:\/\/s2.glbimg.com\/gdIf0VNmO92MZnHhpYcs2j_b2xk=\/0x0:1400x955\/1344x0\/smart\/filters:strip_icc()\/i.s3.glbimg.com\/v1\/AUTH_59edd422c0c84a879bd37670ae4f538a\/internal_photos\/bs\/2018\/K\/1\/MmL70jS2Gbrn3tJMwlvA\/ranking.jpg 1x, https:\/\/s2.glbimg.com\/erMM3zEu_prXzwIwuY1ZYTnenhQ=\/0x0:1400x955\/2688x0\/smart\/filters:strip_icc()\/i.s3.glbimg.com\/v1\/AUTH_59edd422c0c84a879bd37670ae4f538a\/internal_photos\/bs\/2018\/K\/1\/MmL70jS2Gbrn3tJMwlvA\/ranking.jpg 2x\" media=\"(max-width: 1360px)\" data-src=\"https:\/\/s2.glbimg.com\/gdIf0VNmO92MZnHhpYcs2j_b2xk=\/0x0:1400x955\/1344x0\/smart\/filters:strip_icc()\/i.s3.glbimg.com\/v1\/AUTH_59edd422c0c84a879bd37670ae4f538a\/internal_photos\/bs\/2018\/K\/1\/MmL70jS2Gbrn3tJMwlvA\/ranking.jpg 1x, https:\/\/s2.glbimg.com\/erMM3zEu_prXzwIwuY1ZYTnenhQ=\/0x0:1400x955\/2688x0\/smart\/filters:strip_icc()\/i.s3.glbimg.com\/v1\/AUTH_59edd422c0c84a879bd37670ae4f538a\/internal_photos\/bs\/2018\/K\/1\/MmL70jS2Gbrn3tJMwlvA\/ranking.jpg 2x\" \/><source srcset=\"https:\/\/s2.glbimg.com\/KMAcLWZb0izbWMRZ0SUuHWmN2UU=\/0x0:1400x955\/1600x0\/smart\/filters:strip_icc()\/i.s3.glbimg.com\/v1\/AUTH_59edd422c0c84a879bd37670ae4f538a\/internal_photos\/bs\/2018\/K\/1\/MmL70jS2Gbrn3tJMwlvA\/ranking.jpg 1x, https:\/\/s2.glbimg.com\/SwXo_6MIH8MPKwAFUtIKLfu3bW0=\/0x0:1400x955\/3200x0\/smart\/filters:strip_icc()\/i.s3.glbimg.com\/v1\/AUTH_59edd422c0c84a879bd37670ae4f538a\/internal_photos\/bs\/2018\/K\/1\/MmL70jS2Gbrn3tJMwlvA\/ranking.jpg 2x\" media=\"(min-width: 1361px)\" data-src=\"https:\/\/s2.glbimg.com\/KMAcLWZb0izbWMRZ0SUuHWmN2UU=\/0x0:1400x955\/1600x0\/smart\/filters:strip_icc()\/i.s3.glbimg.com\/v1\/AUTH_59edd422c0c84a879bd37670ae4f538a\/internal_photos\/bs\/2018\/K\/1\/MmL70jS2Gbrn3tJMwlvA\/ranking.jpg 1x, https:\/\/s2.glbimg.com\/SwXo_6MIH8MPKwAFUtIKLfu3bW0=\/0x0:1400x955\/3200x0\/smart\/filters:strip_icc()\/i.s3.glbimg.com\/v1\/AUTH_59edd422c0c84a879bd37670ae4f538a\/internal_photos\/bs\/2018\/K\/1\/MmL70jS2Gbrn3tJMwlvA\/ranking.jpg 2x\" \/><source srcset=\"https:\/\/s2.glbimg.com\/enUXV31IxSyf4ACUqlcIhmI4wzE=\/0x0:1400x955\/1008x0\/smart\/filters:strip_icc()\/i.s3.glbimg.com\/v1\/AUTH_59edd422c0c84a879bd37670ae4f538a\/internal_photos\/bs\/2018\/K\/1\/MmL70jS2Gbrn3tJMwlvA\/ranking.jpg\" data-src=\"https:\/\/s2.glbimg.com\/enUXV31IxSyf4ACUqlcIhmI4wzE=\/0x0:1400x955\/1008x0\/smart\/filters:strip_icc()\/i.s3.glbimg.com\/v1\/AUTH_59edd422c0c84a879bd37670ae4f538a\/internal_photos\/bs\/2018\/K\/1\/MmL70jS2Gbrn3tJMwlvA\/ranking.jpg\" \/><img data-recalc-dims=\"1\" decoding=\"async\" class=\"image content-media__image progressive-loaded td-animation-stack-type0-2\" title=\"Curitiba \u00e9 a capital melhor avaliada em ranking de saneamento b\u00e1sico (Foto: Divulga\u00e7\u00e3o)\" src=\"https:\/\/i0.wp.com\/s2.glbimg.com\/enUXV31IxSyf4ACUqlcIhmI4wzE%3D\/0x0%3A1400x955\/1008x0\/smart\/filters%3Astrip_icc%28%29\/i.s3.glbimg.com\/v1\/AUTH_59edd422c0c84a879bd37670ae4f538a\/internal_photos\/bs\/2018\/K\/1\/MmL70jS2Gbrn3tJMwlvA\/ranking.jpg?w=600&#038;ssl=1\" alt=\"Curitiba \u00e9 a capital melhor avaliada em ranking de saneamento b\u00e1sico (Foto: Divulga\u00e7\u00e3o)\" data-src=\"https:\/\/s2.glbimg.com\/enUXV31IxSyf4ACUqlcIhmI4wzE=\/0x0:1400x955\/1008x0\/smart\/filters:strip_icc()\/i.s3.glbimg.com\/v1\/AUTH_59edd422c0c84a879bd37670ae4f538a\/internal_photos\/bs\/2018\/K\/1\/MmL70jS2Gbrn3tJMwlvA\/ranking.jpg\" \/><\/picture>\n<\/div>\n<\/div>\n<div class=\"content-media__description-centered mc-column\">\n<p class=\"content-media__description\"><i class=\"content-media__description__icon theme-color-primary\"><\/i><span class=\"content-media__description__caption\">Curitiba \u00e9 a capital melhor avaliada em ranking de saneamento b\u00e1sico (Foto: Divulga\u00e7\u00e3o)<\/span><\/p>\n<\/div>\n<\/div>\n<\/div>\n<div class=\"content-ads content-ads--reveal\" data-block-type=\"ads\" data-block-id=\"8\"><\/div>\n<div class=\"mc-column content-text active-extra-styles\" data-block-type=\"raw\" data-block-weight=\"4\" data-block-id=\"9\">\n<div class=\"content-intertitle\">\n<h2>Para entender o ranking<\/h2>\n<\/div>\n<\/div>\n<div class=\"mc-column content-text active-extra-styles \" data-block-type=\"unstyled\" data-block-weight=\"44\" data-block-id=\"10\">\n<p class=\"content-text__container \" data-track-category=\"Link no Texto\" data-track-links=\"\">O ranking avaliou nesta edi\u00e7\u00e3o 1.894 munic\u00edpios de todas as regi\u00f5es do pa\u00eds, o que corresponde a 34% do total e 67% da popula\u00e7\u00e3o do pa\u00eds. O levantamento reuniu os \u00faltimos dados disponibilizados pelo Sistema Nacional de Informa\u00e7\u00f5es de Saneamento, do Minist\u00e9rio das Cidades.<\/p>\n<\/div>\n<div class=\"mc-column content-text active-extra-styles \" data-block-type=\"unstyled\" data-block-weight=\"36\" data-block-id=\"11\">\n<p class=\"content-text__container \" data-track-category=\"Link no Texto\" data-track-links=\"\">O levantamento apresenta o percentual da popula\u00e7\u00e3o das cidades brasileiras com acesso aos servi\u00e7os de abastecimento de \u00e1gua, coleta de esgoto, tratamento de esgoto, coleta de res\u00edduos s\u00f3lidos e o quanto desses res\u00edduos recebem destina\u00e7\u00e3o adequada.<\/p>\n<\/div>\n<div class=\"mc-column content-text active-extra-styles \" data-block-type=\"unstyled\" data-block-weight=\"28\" data-block-id=\"12\">\n<p class=\"content-text__container \" data-track-category=\"Link no Texto\" data-track-links=\"\">Os munic\u00edpios foram divididos em 4 categorias, segundo a pontua\u00e7\u00e3o: rumo \u00e0 universaliza\u00e7\u00e3o (80), compromisso com a universaliza\u00e7\u00e3o (201), empenho para a universaliza\u00e7\u00e3o (1342) e primeiros passos (271).<\/p>\n<\/div>\n<div class=\"mc-column content-text active-extra-styles \" data-block-type=\"unstyled\" data-block-weight=\"45\" data-block-id=\"13\">\n<p class=\"content-text__container \" data-track-category=\"Link no Texto\" data-track-links=\"\">No quesito abastecimento de \u00e1gua, apenas 59 munic\u00edpios atingiram a pontua\u00e7\u00e3o m\u00e1xima. Entre as cidades de pequeno e m\u00e9dio portes que atingiram a pontua\u00e7\u00e3o m\u00e1xima, 95% (39) s\u00e3o do Sudeste. Apenas Tamandar\u00e9 (PE) e Ibipor\u00e3 (PR) alcan\u00e7aram essa pontua\u00e7\u00e3o nas regi\u00f5es Nordeste e Sul, respectivamente.<\/p>\n<\/div>\n<div class=\"mc-column content-text active-extra-styles \" data-block-type=\"unstyled\" data-block-weight=\"27\" data-block-id=\"14\">\n<div class=\"wall\">\n<div class=\"mc-column content-text active-extra-styles \" data-block-type=\"unstyled\" data-block-weight=\"27\" data-block-id=\"14\">\n<p class=\"content-text__container \" data-track-category=\"Link no Texto\" data-track-links=\"\">Ainda segundo o ranking, chama a aten\u00e7\u00e3o a falta de destina\u00e7\u00e3o adequada dos res\u00edduos s\u00f3lidos na maioria dos munic\u00edpios enquadrados na categoria \u201cPrimeiros passos para a universaliza\u00e7\u00e3o\u201d.<\/p>\n<\/div>\n<div class=\"mc-column content-text active-extra-styles \" data-block-type=\"unstyled\" data-block-weight=\"38\" data-block-id=\"15\">\n<p class=\"content-text__container \" data-track-category=\"Link no Texto\" data-track-links=\"\">Segundo a ABES, a an\u00e1lise dos dados de saneamento e e de sa\u00fade mostram ainda que quanto maior o acesso aos servi\u00e7os de \u00e1gua e esgoto, menor a incid\u00eancia de interna\u00e7\u00f5es por doen\u00e7as relacionadas ao saneamento ambiental inadequado<\/p>\n<\/div>\n<div class=\"mc-column content-text active-extra-styles\" data-block-type=\"raw\" data-block-weight=\"6\" data-block-id=\"17\">\n<div class=\"content-intertitle\">\n<h2><strong>As 80 cidades com melhor avalia\u00e7\u00e3o<\/strong><\/h2>\n<\/div>\n<\/div>\n<div class=\"mc-column content-text active-extra-styles \" data-block-type=\"unstyled\" data-block-weight=\"23\" data-block-id=\"18\">\n<p class=\"content-text__container \" data-track-category=\"Link no Texto\" data-track-links=\"\">Das 80 cidades com melhor pontua\u00e7\u00e3o, apenas 29 s\u00e3o de grande porte (acima de 100 mil habitantes). Todas nas regi\u00f5es Sudeste e Sul.<\/p>\n<\/div>\n<div class=\"mc-column content-text active-extra-styles \" data-block-type=\"unstyled\" data-block-weight=\"4\" data-block-id=\"19\">\n<p class=\"content-text__container \" data-track-category=\"Link no Texto\" data-track-links=\"\"><strong>Munic\u00edpios de grande porte:<\/strong><\/p>\n<\/div>\n<div class=\"mc-column content-text active-extra-styles\" data-block-type=\"raw\" data-block-weight=\"66\" data-block-id=\"20\">\n<ul class=\"content-unordered-list\">\n<li>Ara\u00e7atuba, SP<\/li>\n<li>Araraquara, SP<\/li>\n<li>Birigui, SP<\/li>\n<li>Botucatu, SP<\/li>\n<li>Camb\u00e9, PR<\/li>\n<li>Cascavel, PR<\/li>\n<li>Catanduva, SP<\/li>\n<li>Curitiba, PR<\/li>\n<li>Franca, SP<\/li>\n<li>Jundia\u00ed, SP<\/li>\n<li>Leme, SP<\/li>\n<li>Limeira, SP<\/li>\n<li>Londrina, PR<\/li>\n<li>Maring\u00e1, PR<\/li>\n<li>Niter\u00f3i, RJ<\/li>\n<li>Pindamonhangaba, SP<\/li>\n<li>Pinhais, PR<\/li>\n<li>Piracicaba, SP<\/li>\n<li>Po\u00e1, SP<\/li>\n<li>Ribeir\u00e3o Preto, SP<\/li>\n<li>Salto, SP<\/li>\n<li>Santos, SP<\/li>\n<li>S\u00e3o Caetano do Sul, SP<\/li>\n<li>S\u00e3o Carlos, SP<\/li>\n<li>S\u00e3o Jos\u00e9 dos Campos, SP<\/li>\n<li>Sert\u00e3ozinho, SP<\/li>\n<li>Sorocaba, SP<\/li>\n<li>Taubat\u00e9, SP<\/li>\n<li>Uberl\u00e2ndia, MG<\/li>\n<\/ul>\n<\/div>\n<div class=\"content-ads content-ads--reveal\" data-block-type=\"ads\" data-block-id=\"21\"><\/div>\n<div class=\"mc-column content-text active-extra-styles \" data-block-type=\"unstyled\" data-block-weight=\"10\" data-block-id=\"22\">\n<p class=\"content-text__container \" data-track-category=\"Link no Texto\" data-track-links=\"\"><strong>Munic\u00edpios de pequeno e m\u00e9dio portes (at\u00e9 100 mil habitantes):<\/strong><\/p>\n<\/div>\n<\/div>\n<div data-track-category=\"fim do conteudo\" data-track-action=\"ultimo chunk conteudo\" data-track-noninteraction=\"false\" data-track-scroll=\"entrada completa viewport\">\n<div class=\"mc-column content-text active-extra-styles\" data-block-type=\"raw\" data-block-weight=\"130\" data-block-id=\"23\">\n<ul class=\"content-unordered-list\">\n<li>Avar\u00e9, SP<\/li>\n<li>Barbosa, SP<\/li>\n<li>Bariri, SP<\/li>\n<li>Bilac, SP<\/li>\n<li>Bocaina, SP<\/li>\n<li>Brodowski, SP<\/li>\n<li>Buritama, SP<\/li>\n<li>Campo Mour\u00e3o, PR<\/li>\n<li>Cerquilho, SP<\/li>\n<li>Chavantes, SP<\/li>\n<li>Colina, SP<\/li>\n<li>Corn\u00e9lio Proc\u00f3pio, PR<\/li>\n<li>Dourado, SP<\/li>\n<li>Dracena, SP<\/li>\n<li>Fernand\u00f3polis, SP<\/li>\n<li>Gua\u00edra, SP<\/li>\n<li>Guarant\u00e3, SP<\/li>\n<li>Guaratuba, PR<\/li>\n<li>Guariba, SP<\/li>\n<li>Ibipor\u00e3, PR<\/li>\n<li>Igara\u00e7u do Tiet\u00ea, SP<\/li>\n<li>Ilha Solteira, SP<\/li>\n<li>Ipu\u00e3, SP<\/li>\n<li>Iracem\u00e1polis, SP<\/li>\n<li>Itajobi, SP<\/li>\n<li>Jaboticabal, SP<\/li>\n<li>Lagoa da Prata, MG<\/li>\n<li>Lins, SP<\/li>\n<li>Macatuba, SP<\/li>\n<li>Mat\u00e3o, SP<\/li>\n<li>Mirassol, SP<\/li>\n<li>Monte Alto, SP<\/li>\n<li>Nova Europa, SP<\/li>\n<li>Nuporanga, SP<\/li>\n<li>Orl\u00e2ndia, SP<\/li>\n<li>Ouroeste, SP<\/li>\n<li>Par\u00e1 de Minas, MG<\/li>\n<li>Quintana, SP<\/li>\n<li>Santa Ad\u00e9lia, SP<\/li>\n<li>Santa Ernestina, SP<\/li>\n<li>Santa F\u00e9 do Sul, SP<\/li>\n<li>Santa Gertrudes, SP<\/li>\n<li>Santo Ant\u00f4nio de Posse, SP<\/li>\n<li>S\u00e3o Jo\u00e3o da Boa Vista, SP<\/li>\n<li>S\u00e3o Jos\u00e9 da Bela Vista, SP<\/li>\n<li>Tabapu\u00e3, SP<\/li>\n<li>Tai\u00fava, SP<\/li>\n<li>Taquaral, SP<\/li>\n<li>Tup\u00e3, SP<\/li>\n<li>Uchoa, SP<\/li>\n<li>Votuporanga, SP<\/li>\n<li>Fonte G1<\/li>\n<\/ul>\n<\/div>\n<\/div>\n<\/div>\n<\/div>\n<\/article>\n<\/div>\n<\/div>\n<\/div>\n<\/div>\n<\/div>\n<\/div>\n","protected":false},"excerpt":{"rendered":"<p>No Mais RO &#8211; Apenas 4 cidades do Brasil alcan\u00e7aram a universaliza\u00e7\u00e3o do acesso aos servi\u00e7os de abastecimento de \u00e1gua, coleta de esgoto, tratamento de esgoto e coleta de res\u00edduos s\u00f3lidos. \u00c9 o que aponta ranking divulgado pela Associa\u00e7\u00e3o Brasileira de Engenharia Sanit\u00e1ria e Ambiental (ABES).<\/p>\n","protected":false},"author":1,"featured_media":0,"comment_status":"closed","ping_status":"open","sticky":false,"template":"","format":"standard","meta":{"_exactmetrics_skip_tracking":false,"_exactmetrics_sitenote_active":false,"_exactmetrics_sitenote_note":"","_exactmetrics_sitenote_category":0,"jetpack_post_was_ever_published":false,"_jetpack_newsletter_access":"","_jetpack_dont_email_post_to_subs":false,"_jetpack_newsletter_tier_id":0,"_jetpack_memberships_contains_paywalled_content":false,"_jetpack_memberships_contains_paid_content":false,"footnotes":"","jetpack_publicize_message":"","jetpack_publicize_feature_enabled":true,"jetpack_social_post_already_shared":true,"jetpack_social_options":{"image_generator_settings":{"template":"highway","enabled":false},"version":2}},"categories":[1],"tags":[],"class_list":["post-18406","post","type-post","status-publish","format-standard","hentry","category-notas"],"jetpack_publicize_connections":[],"jetpack_sharing_enabled":true,"jetpack_featured_media_url":"","jetpack_shortlink":"https:\/\/wp.me\/p7wKYW-4MS","jetpack-related-posts":[],"_links":{"self":[{"href":"http:\/\/blogdalucianaoliveira.com.br\/blog\/wp-json\/wp\/v2\/posts\/18406","targetHints":{"allow":["GET"]}}],"collection":[{"href":"http:\/\/blogdalucianaoliveira.com.br\/blog\/wp-json\/wp\/v2\/posts"}],"about":[{"href":"http:\/\/blogdalucianaoliveira.com.br\/blog\/wp-json\/wp\/v2\/types\/post"}],"author":[{"embeddable":true,"href":"http:\/\/blogdalucianaoliveira.com.br\/blog\/wp-json\/wp\/v2\/users\/1"}],"replies":[{"embeddable":true,"href":"http:\/\/blogdalucianaoliveira.com.br\/blog\/wp-json\/wp\/v2\/comments?post=18406"}],"version-history":[{"count":1,"href":"http:\/\/blogdalucianaoliveira.com.br\/blog\/wp-json\/wp\/v2\/posts\/18406\/revisions"}],"predecessor-version":[{"id":18408,"href":"http:\/\/blogdalucianaoliveira.com.br\/blog\/wp-json\/wp\/v2\/posts\/18406\/revisions\/18408"}],"wp:attachment":[{"href":"http:\/\/blogdalucianaoliveira.com.br\/blog\/wp-json\/wp\/v2\/media?parent=18406"}],"wp:term":[{"taxonomy":"category","embeddable":true,"href":"http:\/\/blogdalucianaoliveira.com.br\/blog\/wp-json\/wp\/v2\/categories?post=18406"},{"taxonomy":"post_tag","embeddable":true,"href":"http:\/\/blogdalucianaoliveira.com.br\/blog\/wp-json\/wp\/v2\/tags?post=18406"}],"curies":[{"name":"wp","href":"https:\/\/api.w.org\/{rel}","templated":true}]}}