{"id":18414,"date":"2018-06-14T09:09:57","date_gmt":"2018-06-14T13:09:57","guid":{"rendered":"http:\/\/blogdalucianaoliveira.com.br\/blog\/?p=18414"},"modified":"2018-06-14T09:09:57","modified_gmt":"2018-06-14T13:09:57","slug":"renuncias-fiscais-que-favorecem-o-agronegocio-crescem-83-no-governo-temer","status":"publish","type":"post","link":"http:\/\/blogdalucianaoliveira.com.br\/blog\/2018\/06\/14\/renuncias-fiscais-que-favorecem-o-agronegocio-crescem-83-no-governo-temer\/","title":{"rendered":"Ren\u00fancias fiscais que favorecem o agroneg\u00f3cio crescem 8,3% no governo Temer"},"content":{"rendered":"<p><img data-recalc-dims=\"1\" loading=\"lazy\" decoding=\"async\" data-attachment-id=\"18415\" data-permalink=\"http:\/\/blogdalucianaoliveira.com.br\/blog\/2018\/06\/14\/renuncias-fiscais-que-favorecem-o-agronegocio-crescem-83-no-governo-temer\/mad\/\" data-orig-file=\"https:\/\/i0.wp.com\/blogdalucianaoliveira.com.br\/blog\/wp-content\/uploads\/2018\/06\/mad.jpg?fit=640%2C427\" data-orig-size=\"640,427\" data-comments-opened=\"0\" data-image-meta=\"{&quot;aperture&quot;:&quot;0&quot;,&quot;credit&quot;:&quot;&quot;,&quot;camera&quot;:&quot;&quot;,&quot;caption&quot;:&quot;&quot;,&quot;created_timestamp&quot;:&quot;0&quot;,&quot;copyright&quot;:&quot;&quot;,&quot;focal_length&quot;:&quot;0&quot;,&quot;iso&quot;:&quot;0&quot;,&quot;shutter_speed&quot;:&quot;0&quot;,&quot;title&quot;:&quot;&quot;,&quot;orientation&quot;:&quot;0&quot;}\" data-image-title=\"mad\" data-image-description=\"\" data-image-caption=\"\" data-medium-file=\"https:\/\/i0.wp.com\/blogdalucianaoliveira.com.br\/blog\/wp-content\/uploads\/2018\/06\/mad.jpg?fit=300%2C200\" data-large-file=\"https:\/\/i0.wp.com\/blogdalucianaoliveira.com.br\/blog\/wp-content\/uploads\/2018\/06\/mad.jpg?fit=600%2C400\" class=\"alignnone size-full wp-image-18415\" src=\"https:\/\/i0.wp.com\/blogdalucianaoliveira.com.br\/blog\/wp-content\/uploads\/2018\/06\/mad.jpg?resize=600%2C400\" alt=\"mad\" width=\"600\" height=\"400\" srcset=\"https:\/\/i0.wp.com\/blogdalucianaoliveira.com.br\/blog\/wp-content\/uploads\/2018\/06\/mad.jpg?w=640 640w, https:\/\/i0.wp.com\/blogdalucianaoliveira.com.br\/blog\/wp-content\/uploads\/2018\/06\/mad.jpg?resize=300%2C200 300w, https:\/\/i0.wp.com\/blogdalucianaoliveira.com.br\/blog\/wp-content\/uploads\/2018\/06\/mad.jpg?resize=450%2C300 450w\" sizes=\"auto, (max-width: 600px) 100vw, 600px\" \/><\/p>\n<h2 class=\"description\">Governo federal deixou de arrecadar R$ 26,2 bilh\u00f5es com o setor em 2017, valor pr\u00f3ximo ao or\u00e7amento do Bolsa Fam\u00edlia<\/h2>\n<p><!--more--><\/p>\n<div class=\"details-bar\">\n<div class=\"author-time\">\n<address class=\"author\">Rute Pina<\/address>\n<div class=\"place-and-time\">\n<div class=\"place\">\n<p>Brasil de Fato<\/p>\n<\/div>\n<p>As ren\u00fancias fiscais da Uni\u00e3o para o agroneg\u00f3cio cresceram 8,3% no governo de Michel Temer (MDB). De acordo com dados da Secretaria da Receita Federal, os subs\u00eddios com a isen\u00e7\u00e3o de tributos ao setor passou de R$ 24,2 bilh\u00f5es, em 2015, para R$ 26,2 bilh\u00f5es em 2017.<\/p>\n<p>O mesmo per\u00edodo, no entanto, \u00e9 marcado por pol\u00edticas de austeridade fiscal. O governo Temer alegou crise nas\u00a0finan\u00e7as p\u00fablicas como principal argumento para a aprova\u00e7\u00e3o da PEC do Teto dos Gastos, em dezembro de 2016, e para as tentativas frustradas de tramita\u00e7\u00e3o da reforma da Previd\u00eancia.<\/p>\n<p>O valor que o governo federal deixou de arrecadar com o agroneg\u00f3cio no ano passado praticamente se equivale ao or\u00e7amento do Programa Bolsa Fam\u00edlia, que foi R$ 29,3 bilh\u00f5es no mesmo ano.<\/p>\n<p>O engenheiro agr\u00f4nomo Gerson Teixeira, presidente da presidente da Associa\u00e7\u00e3o Brasileira de Reforma Agr\u00e1ria (ABRA) e ex-diretor de economia do Minist\u00e9rio do Meio Ambiente, afirma que \u00e9 &#8220;surpreendente&#8221; o aumento das ren\u00fancias fiscais ao setor.<\/p>\n<p>&#8220;Para o agroneg\u00f3cio n\u00e3o h\u00e1 teto de gastos. O c\u00e9u \u00e9 o limite&#8221;, criticou o agr\u00f4nomo Teixeira.<\/p>\n<p>As ren\u00fancias fiscais, que em 2017 acumularam R$ 284 bilh\u00f5es, \u00e9 um mecanismo com car\u00e1ter \u201ccompensat\u00f3rio\u201d ou \u201cincentivador\u201d em que o governo deixa de arrecadar tributos de setores da economia.<\/p>\n<p>&#8220;E, realmente, \u00e9 uma coisa question\u00e1vel. Pode-se argumentar que, em contrapartida, o agroneg\u00f3cio vai exportar US$ 100 bilh\u00f5es. Mas quando se vai valorar os custos, as contrapartidas e os efeitos colaterais esse valor supera muito&#8221;, afirmou Teixeira.<\/p>\n<p>Para o ex-diretor do Minist\u00e9rio do Meio Ambiente, as ren\u00fancias de tributos estrutura o agroneg\u00f3cio no pa\u00eds.\u00a0&#8220;A agricultura do agroneg\u00f3cio s\u00f3 \u00e9 vi\u00e1vel por conta dos seguintes pontos: pelas ren\u00fancias tribut\u00e1rias, pela legitima\u00e7\u00e3o passivos ambientais que ela produz e pela precariza\u00e7\u00e3o cada vez maior da \u00e1rea rural. Al\u00e9m disso, h\u00e1 cr\u00e9ditos subsidiados. \u00c9 isso que d\u00e1\u00a0viabilidade a essa agricultura.&#8221;, disse.<\/p>\n<h3><strong>Mais desonera\u00e7\u00f5es<\/strong><\/h3>\n<p>A estimativa \u00e9 que as ren\u00fancias fiscais do governo federal ao setor R$ 29 bilh\u00f5es neste ano. Em 2019, segundo a proposta de Lei de Diretrizes Or\u00e7ament\u00e1rias (PLDO 2019), o valor deve alcan\u00e7ar\u00a0R$ 33 bilh\u00f5es; R$ 35,1 bilh\u00f5es em 2020; e R$ 37,2 bilh\u00f5es em 2021.<\/p>\n<h3><strong>Falta de transpar\u00eancia<\/strong><\/h3>\n<p>O senador Randolfe Rodrigues (Rede-AP) pontua que falta de transpar\u00eancia para determinar quem s\u00e3o as empresas e pessoas que tiveram ren\u00fancias fiscais e por que elas foram beneficiadas.<\/p>\n<p>&#8220;N\u00e3o \u00e9 conceb\u00edvel, n\u00e3o \u00e9 igualit\u00e1rio e n\u00e3o \u00e9 equ\u00e2nime ter uma sociedade em que a ampla maioria dos cidad\u00e3os paga 27% de imposto \u2014 e n\u00e3o tem possibilidade de ren\u00fancia \u2014 \u00a0enquanto alguns privilegiados, pela pol\u00edtica do estado, t\u00eam benef\u00edcios fiscais&#8221;, afirmouo senador da Rede.<\/p>\n<p>O senador \u00e9 autor do\u00a0<a href=\"http:\/\/www25.senado.leg.br\/web\/atividade\/materias\/-\/materia\/117839\" target=\"_blank\" rel=\"external\">PLS 188 de 2014<\/a>, que autoriza a Receita Federal a tornar p\u00fablicos os nomes de pessoas e empresas beneficiadas por ren\u00fancias fiscais. O projeto foi aprovado nesta ter\u00e7a-feira (12) no Senado, mas aguarda a vota\u00e7\u00e3o dos destaques.<\/p>\n<p>Os parlamentares governistas n\u00e3o queriam a inclus\u00e3o de pessoas f\u00edsicas na divulga\u00e7\u00e3o. Mas, segundo o senador da Rede, houve\u00a0acordo para que o texto inclua a divulga\u00e7\u00e3o de todos os benefici\u00e1rios de ren\u00fancias de receitas, &#8220;sejam pessoas jur\u00eddicas ou pessoas f\u00edsicas que obtenham lucros e dividendos&#8221;. Os parlamentares devem voltar a debater o tema\u00a0na pr\u00f3xima semana.<\/p>\n<p>Para Rodrigues, a prova\u00e7\u00e3o do projeto representa &#8220;um salto republicano e democr\u00e1tico tardio&#8221;. &#8220;Uma democracia em que cidad\u00e3os n\u00e3o tenham acesso a todas as informa\u00e7\u00f5es tribut\u00e1rias que \u00e9 do seu direito n\u00e3o \u00e9 uma democracia completa&#8221;, finalizou.<\/p>\n<p class=\"editor\">Edi\u00e7\u00e3o: Thalles Gomes<\/p>\n<div class=\"content-footer\"><\/div>\n<\/div>\n<\/div>\n<\/div>\n","protected":false},"excerpt":{"rendered":"<p>Governo federal deixou de arrecadar R$ 26,2 bilh\u00f5es com o setor em 2017, valor pr\u00f3ximo ao or\u00e7amento do Bolsa Fam\u00edlia<\/p>\n","protected":false},"author":1,"featured_media":0,"comment_status":"closed","ping_status":"open","sticky":false,"template":"","format":"standard","meta":{"_exactmetrics_skip_tracking":false,"_exactmetrics_sitenote_active":false,"_exactmetrics_sitenote_note":"","_exactmetrics_sitenote_category":0,"jetpack_post_was_ever_published":false,"_jetpack_newsletter_access":"","_jetpack_dont_email_post_to_subs":false,"_jetpack_newsletter_tier_id":0,"_jetpack_memberships_contains_paywalled_content":false,"_jetpack_memberships_contains_paid_content":false,"footnotes":"","jetpack_publicize_message":"","jetpack_publicize_feature_enabled":true,"jetpack_social_post_already_shared":true,"jetpack_social_options":{"image_generator_settings":{"template":"highway","enabled":false},"version":2}},"categories":[1],"tags":[],"class_list":["post-18414","post","type-post","status-publish","format-standard","hentry","category-notas"],"jetpack_publicize_connections":[],"jetpack_sharing_enabled":true,"jetpack_featured_media_url":"","jetpack_shortlink":"https:\/\/wp.me\/p7wKYW-4N0","jetpack-related-posts":[],"_links":{"self":[{"href":"http:\/\/blogdalucianaoliveira.com.br\/blog\/wp-json\/wp\/v2\/posts\/18414","targetHints":{"allow":["GET"]}}],"collection":[{"href":"http:\/\/blogdalucianaoliveira.com.br\/blog\/wp-json\/wp\/v2\/posts"}],"about":[{"href":"http:\/\/blogdalucianaoliveira.com.br\/blog\/wp-json\/wp\/v2\/types\/post"}],"author":[{"embeddable":true,"href":"http:\/\/blogdalucianaoliveira.com.br\/blog\/wp-json\/wp\/v2\/users\/1"}],"replies":[{"embeddable":true,"href":"http:\/\/blogdalucianaoliveira.com.br\/blog\/wp-json\/wp\/v2\/comments?post=18414"}],"version-history":[{"count":1,"href":"http:\/\/blogdalucianaoliveira.com.br\/blog\/wp-json\/wp\/v2\/posts\/18414\/revisions"}],"predecessor-version":[{"id":18416,"href":"http:\/\/blogdalucianaoliveira.com.br\/blog\/wp-json\/wp\/v2\/posts\/18414\/revisions\/18416"}],"wp:attachment":[{"href":"http:\/\/blogdalucianaoliveira.com.br\/blog\/wp-json\/wp\/v2\/media?parent=18414"}],"wp:term":[{"taxonomy":"category","embeddable":true,"href":"http:\/\/blogdalucianaoliveira.com.br\/blog\/wp-json\/wp\/v2\/categories?post=18414"},{"taxonomy":"post_tag","embeddable":true,"href":"http:\/\/blogdalucianaoliveira.com.br\/blog\/wp-json\/wp\/v2\/tags?post=18414"}],"curies":[{"name":"wp","href":"https:\/\/api.w.org\/{rel}","templated":true}]}}