{"id":18417,"date":"2018-06-14T10:10:49","date_gmt":"2018-06-14T14:10:49","guid":{"rendered":"http:\/\/blogdalucianaoliveira.com.br\/blog\/?p=18417"},"modified":"2018-06-14T10:11:56","modified_gmt":"2018-06-14T14:11:56","slug":"edital-de-leilao-de-privatizacao-de-distribuidoras-da-eletrobras-sai-esta-semana","status":"publish","type":"post","link":"http:\/\/blogdalucianaoliveira.com.br\/blog\/2018\/06\/14\/edital-de-leilao-de-privatizacao-de-distribuidoras-da-eletrobras-sai-esta-semana\/","title":{"rendered":"EDITAL DE LEIL\u00c3O DE PRIVATIZA\u00c7\u00c3O DE DISTRIBUIDORAS DA ELETROBRAS SAI ESTA SEMANA"},"content":{"rendered":"<p><img data-recalc-dims=\"1\" loading=\"lazy\" decoding=\"async\" data-attachment-id=\"18418\" data-permalink=\"http:\/\/blogdalucianaoliveira.com.br\/blog\/2018\/06\/14\/edital-de-leilao-de-privatizacao-de-distribuidoras-da-eletrobras-sai-esta-semana\/elet\/\" data-orig-file=\"https:\/\/i0.wp.com\/blogdalucianaoliveira.com.br\/blog\/wp-content\/uploads\/2018\/06\/elet.jpg?fit=1000%2C357\" data-orig-size=\"1000,357\" data-comments-opened=\"0\" data-image-meta=\"{&quot;aperture&quot;:&quot;0&quot;,&quot;credit&quot;:&quot;&quot;,&quot;camera&quot;:&quot;&quot;,&quot;caption&quot;:&quot;&quot;,&quot;created_timestamp&quot;:&quot;0&quot;,&quot;copyright&quot;:&quot;&quot;,&quot;focal_length&quot;:&quot;0&quot;,&quot;iso&quot;:&quot;0&quot;,&quot;shutter_speed&quot;:&quot;0&quot;,&quot;title&quot;:&quot;&quot;,&quot;orientation&quot;:&quot;0&quot;}\" data-image-title=\"elet\" data-image-description=\"\" data-image-caption=\"\" data-medium-file=\"https:\/\/i0.wp.com\/blogdalucianaoliveira.com.br\/blog\/wp-content\/uploads\/2018\/06\/elet.jpg?fit=300%2C107\" data-large-file=\"https:\/\/i0.wp.com\/blogdalucianaoliveira.com.br\/blog\/wp-content\/uploads\/2018\/06\/elet.jpg?fit=600%2C214\" class=\"alignnone size-full wp-image-18418\" src=\"https:\/\/i0.wp.com\/blogdalucianaoliveira.com.br\/blog\/wp-content\/uploads\/2018\/06\/elet.jpg?resize=600%2C214\" alt=\"elet\" width=\"600\" height=\"214\" srcset=\"https:\/\/i0.wp.com\/blogdalucianaoliveira.com.br\/blog\/wp-content\/uploads\/2018\/06\/elet.jpg?w=1000 1000w, https:\/\/i0.wp.com\/blogdalucianaoliveira.com.br\/blog\/wp-content\/uploads\/2018\/06\/elet.jpg?resize=300%2C107 300w, https:\/\/i0.wp.com\/blogdalucianaoliveira.com.br\/blog\/wp-content\/uploads\/2018\/06\/elet.jpg?resize=768%2C274 768w, https:\/\/i0.wp.com\/blogdalucianaoliveira.com.br\/blog\/wp-content\/uploads\/2018\/06\/elet.jpg?resize=800%2C286 800w\" sizes=\"auto, (max-width: 600px) 100vw, 600px\" \/><\/p>\n<p><strong>Reuters<\/strong>\u00a0&#8211; O governo federal deve publicar na pr\u00f3xima sexta-feira o edital de leil\u00e3o de seis distribuidoras de energia el\u00e9trica da Eletrobras, disse nesta quarta-feira o presidente do BNDES, Dyogo Oliveira.<!--more--><\/p>\n<p>&#8220;Estamos satisfeitos que o Congresso Nacional tenha aprovado a urg\u00eancia do assunto&#8221;, disse Oliveira a jornalistas ap\u00f3s participar de evento do Santander Brasil.<\/p>\n<p>&#8220;Agora s\u00f3 faltam alguns detalhes que v\u00e3o ser discutidos numa reuni\u00e3o do PPI antes de o edital do leil\u00e3o ser publicado, na sexta&#8221;.<\/p>\n<p>A Reuters publicou na v\u00e9spera que a Eletrobras e o governo t\u00eam avaliado uma solu\u00e7\u00e3o emergencial para viabilizar a venda das deficit\u00e1rias distribuidoras de energia da estatal, o que poderia passar por um acordo para suspender temporariamente discuss\u00f5es sobre a privatiza\u00e7\u00e3o da el\u00e9trica.<\/p>\n<p>As seis distribuidoras da Eletrobras atuam em Acre, Alagoas, Amazonas, Roraima, Rond\u00f4nia e Piau\u00ed.<\/p>\n<p>Por Aluisio Alves<\/p>\n<div class=\"mrf-truvid\">\n<div>\n<div id=\"br_video_player_a6baf2509b45f58d6e22b9c1f53412bb388ec47b\">\n<div class=\"media-player\">\n<div><\/div>\n<div class=\"links-overlay\"><\/div>\n<\/div>\n<\/div>\n<\/div>\n<\/div>\n","protected":false},"excerpt":{"rendered":"<p>Reuters\u00a0&#8211; O governo federal deve publicar na pr\u00f3xima sexta-feira o edital de leil\u00e3o de seis distribuidoras de energia el\u00e9trica da Eletrobras, disse nesta quarta-feira o presidente do BNDES, Dyogo Oliveira.<\/p>\n","protected":false},"author":1,"featured_media":0,"comment_status":"closed","ping_status":"open","sticky":false,"template":"","format":"standard","meta":{"_exactmetrics_skip_tracking":false,"_exactmetrics_sitenote_active":false,"_exactmetrics_sitenote_note":"","_exactmetrics_sitenote_category":0,"jetpack_post_was_ever_published":false,"_jetpack_newsletter_access":"","_jetpack_dont_email_post_to_subs":false,"_jetpack_newsletter_tier_id":0,"_jetpack_memberships_contains_paywalled_content":false,"_jetpack_memberships_contains_paid_content":false,"footnotes":"","jetpack_publicize_message":"","jetpack_publicize_feature_enabled":true,"jetpack_social_post_already_shared":true,"jetpack_social_options":{"image_generator_settings":{"template":"highway","enabled":false},"version":2}},"categories":[1],"tags":[],"class_list":["post-18417","post","type-post","status-publish","format-standard","hentry","category-notas"],"jetpack_publicize_connections":[],"jetpack_sharing_enabled":true,"jetpack_featured_media_url":"","jetpack_shortlink":"https:\/\/wp.me\/p7wKYW-4N3","jetpack-related-posts":[],"_links":{"self":[{"href":"http:\/\/blogdalucianaoliveira.com.br\/blog\/wp-json\/wp\/v2\/posts\/18417","targetHints":{"allow":["GET"]}}],"collection":[{"href":"http:\/\/blogdalucianaoliveira.com.br\/blog\/wp-json\/wp\/v2\/posts"}],"about":[{"href":"http:\/\/blogdalucianaoliveira.com.br\/blog\/wp-json\/wp\/v2\/types\/post"}],"author":[{"embeddable":true,"href":"http:\/\/blogdalucianaoliveira.com.br\/blog\/wp-json\/wp\/v2\/users\/1"}],"replies":[{"embeddable":true,"href":"http:\/\/blogdalucianaoliveira.com.br\/blog\/wp-json\/wp\/v2\/comments?post=18417"}],"version-history":[{"count":2,"href":"http:\/\/blogdalucianaoliveira.com.br\/blog\/wp-json\/wp\/v2\/posts\/18417\/revisions"}],"predecessor-version":[{"id":18420,"href":"http:\/\/blogdalucianaoliveira.com.br\/blog\/wp-json\/wp\/v2\/posts\/18417\/revisions\/18420"}],"wp:attachment":[{"href":"http:\/\/blogdalucianaoliveira.com.br\/blog\/wp-json\/wp\/v2\/media?parent=18417"}],"wp:term":[{"taxonomy":"category","embeddable":true,"href":"http:\/\/blogdalucianaoliveira.com.br\/blog\/wp-json\/wp\/v2\/categories?post=18417"},{"taxonomy":"post_tag","embeddable":true,"href":"http:\/\/blogdalucianaoliveira.com.br\/blog\/wp-json\/wp\/v2\/tags?post=18417"}],"curies":[{"name":"wp","href":"https:\/\/api.w.org\/{rel}","templated":true}]}}