{"id":1842,"date":"2016-06-22T10:55:04","date_gmt":"2016-06-22T14:55:04","guid":{"rendered":"http:\/\/blogdalucianaoliveira.com.br\/blog\/?p=1842"},"modified":"2016-06-22T10:55:04","modified_gmt":"2016-06-22T14:55:04","slug":"poderia-ser-um-macaco-como-vice-nao-faria-diferenca","status":"publish","type":"post","link":"http:\/\/blogdalucianaoliveira.com.br\/blog\/2016\/06\/22\/poderia-ser-um-macaco-como-vice-nao-faria-diferenca\/","title":{"rendered":"Poderia ser um macaco como vice: n\u00e3o faria diferen\u00e7a"},"content":{"rendered":"<p><img data-recalc-dims=\"1\" loading=\"lazy\" decoding=\"async\" data-attachment-id=\"1843\" data-permalink=\"http:\/\/blogdalucianaoliveira.com.br\/blog\/2016\/06\/22\/poderia-ser-um-macaco-como-vice-nao-faria-diferenca\/image-398\/\" data-orig-file=\"https:\/\/i0.wp.com\/blogdalucianaoliveira.com.br\/blog\/wp-content\/uploads\/2016\/06\/image-91.jpeg?fit=960%2C530\" data-orig-size=\"960,530\" data-comments-opened=\"0\" data-image-meta=\"{&quot;aperture&quot;:&quot;0&quot;,&quot;credit&quot;:&quot;&quot;,&quot;camera&quot;:&quot;&quot;,&quot;caption&quot;:&quot;&quot;,&quot;created_timestamp&quot;:&quot;0&quot;,&quot;copyright&quot;:&quot;&quot;,&quot;focal_length&quot;:&quot;0&quot;,&quot;iso&quot;:&quot;0&quot;,&quot;shutter_speed&quot;:&quot;0&quot;,&quot;title&quot;:&quot;&quot;,&quot;orientation&quot;:&quot;1&quot;}\" data-image-title=\"image\" data-image-description=\"\" data-image-caption=\"\" data-medium-file=\"https:\/\/i0.wp.com\/blogdalucianaoliveira.com.br\/blog\/wp-content\/uploads\/2016\/06\/image-91.jpeg?fit=300%2C166\" data-large-file=\"https:\/\/i0.wp.com\/blogdalucianaoliveira.com.br\/blog\/wp-content\/uploads\/2016\/06\/image-91.jpeg?fit=600%2C331\" src=\"https:\/\/i0.wp.com\/blogdalucianaoliveira.com.br\/blog\/wp-content\/uploads\/2016\/06\/image-91.jpeg?resize=600%2C331\" alt=\"image\" width=\"600\" height=\"331\" class=\"alignnone size-full wp-image-1843\" srcset=\"https:\/\/i0.wp.com\/blogdalucianaoliveira.com.br\/blog\/wp-content\/uploads\/2016\/06\/image-91.jpeg?w=960 960w, https:\/\/i0.wp.com\/blogdalucianaoliveira.com.br\/blog\/wp-content\/uploads\/2016\/06\/image-91.jpeg?resize=300%2C166 300w, https:\/\/i0.wp.com\/blogdalucianaoliveira.com.br\/blog\/wp-content\/uploads\/2016\/06\/image-91.jpeg?resize=768%2C424 768w, https:\/\/i0.wp.com\/blogdalucianaoliveira.com.br\/blog\/wp-content\/uploads\/2016\/06\/image-91.jpeg?resize=543%2C300 543w\" sizes=\"auto, (max-width: 600px) 100vw, 600px\" \/><\/p>\n<p>Como Temer traiu a si pr\u00f3prio na entrevista a Roberto D\u00e1vila. <\/p>\n<p>Por Paulo Nogueira<!--more--><\/p>\n<p>Comparei outro dia Michel Temer ao Rubi\u00e3o de Machado \u2014 o leg\u00edtimo, o de Quincas Borba, n\u00e3o o delator. Rubi\u00e3o via as pessoas na rua e, na sua sandice delirante, imaginava que fossem populares saudando-o. Achava que era Napole\u00e3o III.<\/p>\n<p>Na entrevista que deu a Roberto D\u00e1vila na GloboNews, Temer reafirmou seu car\u00e1ter de Rubi\u00e3o. Conseguiu dizer, por exemplo, que carregou muitos votos para Dilma nas elei\u00e7\u00f5es presidenciais.<\/p>\n<p>Ora, ora, ora.<\/p>\n<p>Quem acredita nisso acredita em tudo. Temer foi absolutamente insignificante nas urnas. Poderia ser um macaco como vice: n\u00e3o faria diferen\u00e7a. Vices, especialmente os decorativos como ele, s\u00e3o completamente irrelevantes.<\/p>\n<p>Algu\u00e9m se lembra, por acaso, de quem foi o vice de A\u00e9cio? Os cabe\u00e7as de chapa ganham ou perdem as elei\u00e7\u00f5es: fato.<\/p>\n<p>Temer apenas \u00e9 lembrado, agora, por ter tra\u00eddo a mulher gra\u00e7as \u00e0 qual est\u00e1 hoje onde est\u00e1.<\/p>\n<p>Mas o melhor momento da entrevista foi quando Temer, num ato falho sensacional, admitiu o golpe. Disse que, se Dilma tivesse livre acesso a v\u00f4os, sairia por a\u00ed \u201cdenunciando o golpe\u201d.<\/p>\n<p>As redes sociais est\u00e3o repercutindo intensamente essa frase em que o traidor traiu a si pr\u00f3prio. N\u00e3o porque a entrevista de D\u00e1vila tivesse audi\u00eancia expressiva, mas porque a senten\u00e7a foi inacreditavelmente postada no Twitter oficial de Temer.<\/p>\n","protected":false},"excerpt":{"rendered":"<p>Como Temer traiu a si pr\u00f3prio na entrevista a Roberto D\u00e1vila. Por Paulo Nogueira<\/p>\n","protected":false},"author":1,"featured_media":0,"comment_status":"closed","ping_status":"open","sticky":false,"template":"","format":"standard","meta":{"_exactmetrics_skip_tracking":false,"_exactmetrics_sitenote_active":false,"_exactmetrics_sitenote_note":"","_exactmetrics_sitenote_category":0,"jetpack_post_was_ever_published":false,"_jetpack_newsletter_access":"","_jetpack_dont_email_post_to_subs":false,"_jetpack_newsletter_tier_id":0,"_jetpack_memberships_contains_paywalled_content":false,"_jetpack_memberships_contains_paid_content":false,"footnotes":"","jetpack_publicize_message":"","jetpack_publicize_feature_enabled":true,"jetpack_social_post_already_shared":true,"jetpack_social_options":{"image_generator_settings":{"template":"highway","enabled":false},"version":2}},"categories":[1],"tags":[],"class_list":["post-1842","post","type-post","status-publish","format-standard","hentry","category-notas"],"jetpack_publicize_connections":[],"jetpack_sharing_enabled":true,"jetpack_featured_media_url":"","jetpack_shortlink":"https:\/\/wp.me\/p7wKYW-tI","jetpack-related-posts":[],"_links":{"self":[{"href":"http:\/\/blogdalucianaoliveira.com.br\/blog\/wp-json\/wp\/v2\/posts\/1842","targetHints":{"allow":["GET"]}}],"collection":[{"href":"http:\/\/blogdalucianaoliveira.com.br\/blog\/wp-json\/wp\/v2\/posts"}],"about":[{"href":"http:\/\/blogdalucianaoliveira.com.br\/blog\/wp-json\/wp\/v2\/types\/post"}],"author":[{"embeddable":true,"href":"http:\/\/blogdalucianaoliveira.com.br\/blog\/wp-json\/wp\/v2\/users\/1"}],"replies":[{"embeddable":true,"href":"http:\/\/blogdalucianaoliveira.com.br\/blog\/wp-json\/wp\/v2\/comments?post=1842"}],"version-history":[{"count":2,"href":"http:\/\/blogdalucianaoliveira.com.br\/blog\/wp-json\/wp\/v2\/posts\/1842\/revisions"}],"predecessor-version":[{"id":1845,"href":"http:\/\/blogdalucianaoliveira.com.br\/blog\/wp-json\/wp\/v2\/posts\/1842\/revisions\/1845"}],"wp:attachment":[{"href":"http:\/\/blogdalucianaoliveira.com.br\/blog\/wp-json\/wp\/v2\/media?parent=1842"}],"wp:term":[{"taxonomy":"category","embeddable":true,"href":"http:\/\/blogdalucianaoliveira.com.br\/blog\/wp-json\/wp\/v2\/categories?post=1842"},{"taxonomy":"post_tag","embeddable":true,"href":"http:\/\/blogdalucianaoliveira.com.br\/blog\/wp-json\/wp\/v2\/tags?post=1842"}],"curies":[{"name":"wp","href":"https:\/\/api.w.org\/{rel}","templated":true}]}}